{"id":88252,"date":"2020-09-23T23:31:42","date_gmt":"2020-09-24T02:31:42","guid":{"rendered":"https:\/\/portalv1.com.br\/?p=88252"},"modified":"2020-09-24T08:06:46","modified_gmt":"2020-09-24T11:06:46","slug":"candidato-a-vereador-em-valenca-e-solto-apos-pagar-fianca","status":"publish","type":"post","link":"https:\/\/portalv1.com.br\/candidato-a-vereador-em-valenca-e-solto-apos-pagar-fianca\/","title":{"rendered":"Candidato a vereador em Valen\u00e7a \u00e9 solto ap\u00f3s pagar fian\u00e7a"},"content":{"rendered":"<p>O juiz Dr. Franco Morette Fel\u00edcio de Azevedo da Vara Criminal da Comarca de Valen\u00e7a determinou a soltura do candidato a vereador de Valen\u00e7a, Thiago Ara\u00fajo Maciel, acusado de perturba\u00e7\u00e3o do sossego, desacato, desobedi\u00eancia, resist\u00eancia \u00e0 pris\u00e3o e amea\u00e7a.<\/p>\n<p>Ele foi preso em flagrante pela Pol\u00edcia Militar na madrugada da \u00faltima segunda-feira (21), no residencial Cai\u00e7ara, pr\u00f3ximo a BR 316, quando estava na companhia de amigos com o som ligado em alto volume por volta das 04 da manh\u00e3.<\/p>\n<p>Ap\u00f3s ser acionada por populares, a pol\u00edcia se dirigiu at\u00e9 o local e com a resist\u00eancia e as agress\u00f5es verbais do acusado foi pedido o refor\u00e7o da For\u00e7a T\u00e1tica para ajudar na abordagem. Segundo relatos, Thiago Maciel continuou com as agress\u00f5es verbais chegando as vias de fato, quando o mesmo teria agredido um dos policiais da For\u00e7a T\u00e1tica.<\/p>\n<p>\u201cAo ser abordado, o custodiado, em vis\u00edvel estado de embriaguez, passou a desacatar, desobedecer e oferecer resist\u00eancia a concretiza\u00e7\u00e3o dos atos efetuados pelos agentes de seguran\u00e7a p\u00fablica\u201d, relatou o magistrado, que decidiu pela condi\u00e7\u00e3o prim\u00e1ria do acusado conceder a liberdade provis\u00f3ria, mediante ao pagamento de fian\u00e7a no valor de 10 sal\u00e1rios m\u00ednimos. &nbsp;<\/p>\n<p>\u201cDiante do exposto e \u00e0 luz do que preconiza o art. 5\u00ba, LXVI, da Constitui\u00e7\u00e3o Federal de 1988, CONCEDO A LIBERDADE PROVIS\u00d3RIA AO CUSTODIADO THIAGO ARAUJO MACIEL, mediante o pagamento de fian\u00e7a no valor de 10 (dez) sal\u00e1rios-m\u00ednimos\u201d, sentenciou.<\/p>\n<p>Al\u00e9m de responder pelos processos citados, Thiago Maciel responder\u00e1 tamb\u00e9m pelo crime de amea\u00e7a, uma vez que o policial militar o processou por amea\u00e7as. Thiago Maciel teve seu nome aprovado em conven\u00e7\u00e3o do MDB no dia 12 de setembro. A reportagem n\u00e3o conseguiu contato com o candidato. <a href=\"https:\/\/portalv1.com.br\/app\/wp-content\/uploads\/2020\/09\/Veja-decisao.pdf\">Veja a decis\u00e3o <\/a>&nbsp;<a href=\"https:\/\/portalv1.com.br\/app\/wp-content\/uploads\/2020\/09\/117943921_325718162200420_5048712756066271308_o-Copy.jpg\"><img loading=\"lazy\" decoding=\"async\" class=\"aligncenter size-full wp-image-88253\" src=\"https:\/\/portalv1.com.br\/app\/wp-content\/uploads\/2020\/09\/117943921_325718162200420_5048712756066271308_o-Copy.jpg\" alt=\"\" width=\"384\" height=\"480\" srcset=\"https:\/\/portalv1.com.br\/app\/wp-content\/uploads\/2020\/09\/117943921_325718162200420_5048712756066271308_o-Copy.jpg 384w, https:\/\/portalv1.com.br\/app\/wp-content\/uploads\/2020\/09\/117943921_325718162200420_5048712756066271308_o-Copy-300x375.jpg 300w\" sizes=\"auto, (max-width: 384px) 100vw, 384px\" \/><\/a><\/p>\n","protected":false},"excerpt":{"rendered":"<p>O juiz Dr. Franco Morette Fel\u00edcio de Azevedo da Vara Criminal da Comarca de Valen\u00e7a determinou a soltura do candidato a vereador de Valen\u00e7a, Thiago Ara\u00fajo Maciel, acusado de perturba\u00e7\u00e3o&#8230;<\/p>\n","protected":false},"author":1,"featured_media":88253,"comment_status":"open","ping_status":"open","sticky":false,"template":"","format":"standard","meta":{"ngg_post_thumbnail":0,"footnotes":""},"categories":[12],"tags":[],"class_list":["post-88252","post","type-post","status-publish","format-standard","has-post-thumbnail","hentry","category-valenca-news"],"views":2954,"meta_data":{"thumb":"https:\/\/portalv1.com.br\/app\/wp-content\/uploads\/2020\/09\/117943921_325718162200420_5048712756066271308_o-Copy.jpg","imagem":{"fullsize":{"url":"https:\/\/portalv1.com.br\/app\/wp-content\/uploads\/2020\/09\/117943921_325718162200420_5048712756066271308_o-Copy.jpg","width":384,"height":480},"medium":{"url":"https:\/\/portalv1.com.br\/app\/wp-content\/uploads\/2020\/09\/117943921_325718162200420_5048712756066271308_o-Copy-300x375.jpg","width":300,"height":375},"thumbnail":{"url":"https:\/\/portalv1.com.br\/app\/wp-content\/uploads\/2020\/09\/117943921_325718162200420_5048712756066271308_o-Copy-100x100.jpg","width":100,"height":100}},"data":{"simple":"23\/09\/2020","date_time":"23\/09\/2020 20:31:42","date":"h\u00e1 6 anos"},"chapeu":"Veja os detalhes ","source":"m_destacada"},"_links":{"self":[{"href":"https:\/\/portalv1.com.br\/api\/wp\/v2\/posts\/88252","targetHints":{"allow":["GET"]}}],"collection":[{"href":"https:\/\/portalv1.com.br\/api\/wp\/v2\/posts"}],"about":[{"href":"https:\/\/portalv1.com.br\/api\/wp\/v2\/types\/post"}],"author":[{"embeddable":true,"href":"https:\/\/portalv1.com.br\/api\/wp\/v2\/users\/1"}],"replies":[{"embeddable":true,"href":"https:\/\/portalv1.com.br\/api\/wp\/v2\/comments?post=88252"}],"version-history":[{"count":0,"href":"https:\/\/portalv1.com.br\/api\/wp\/v2\/posts\/88252\/revisions"}],"wp:featuredmedia":[{"embeddable":true,"href":"https:\/\/portalv1.com.br\/api\/wp\/v2\/media\/88253"}],"wp:attachment":[{"href":"https:\/\/portalv1.com.br\/api\/wp\/v2\/media?parent=88252"}],"wp:term":[{"taxonomy":"category","embeddable":true,"href":"https:\/\/portalv1.com.br\/api\/wp\/v2\/categories?post=88252"},{"taxonomy":"post_tag","embeddable":true,"href":"https:\/\/portalv1.com.br\/api\/wp\/v2\/tags?post=88252"}],"curies":[{"name":"wp","href":"https:\/\/api.w.org\/{rel}","templated":true}]}}