{"id":8828,"date":"2011-06-01T22:11:03","date_gmt":"2011-06-02T01:11:03","guid":{"rendered":"https:\/\/portalv1.com.br\/?p=8828"},"modified":"2011-06-01T22:11:03","modified_gmt":"2011-06-02T01:11:03","slug":"vereadores-aprovam-prestacoes-de-contas-do-executivo-e-legislativo","status":"publish","type":"post","link":"https:\/\/portalv1.com.br\/vereadores-aprovam-prestacoes-de-contas-do-executivo-e-legislativo\/","title":{"rendered":"Vereadores aprovam presta\u00e7\u00f5es de contas do Executivo e Legislativo"},"content":{"rendered":"<figure id=\"attachment_4737\" aria-describedby=\"caption-attachment-4737\" style=\"width: 300px\" class=\"wp-caption alignright\"><a href=\"https:\/\/portalv1.com.br\/app\/wp-content\/uploads\/2010\/08\/vereadorestodos.jpg\"><img loading=\"lazy\" decoding=\"async\" class=\"size-full wp-image-4737\" title=\"vereadorestodos\" src=\"https:\/\/portalv1.com.br\/app\/wp-content\/uploads\/2010\/08\/vereadorestodos.jpg\" alt=\"\" width=\"300\" height=\"183\" \/><\/a><figcaption id=\"caption-attachment-4737\" class=\"wp-caption-text\">Vereadores de Valen\u00e7a do Piau\u00ed    <\/figcaption><\/figure>\n<p>Os vereadores valencianos aprovaram por unanimidade na noite desta segunda-feira, 30 de maio, as presta\u00e7\u00f5es de contas do prefeito Alc\u00e2ntara e do ex-presidente da C\u00e2mara Municipal vereador Joaquim Filho relativas ao ano de 2006.<\/p>\n<p>As contas j\u00e1 haviam sido aprovadas pelo Tribunal de Contas do Estado tamb\u00e9m por unanimidade. O vereador Joaquim Filho que atualmente responde pela primeira secretaria da C\u00e2mara dos Vereadores agradeceu a aprova\u00e7\u00e3o dos colegas. Ele falou que no per\u00edodo em que esteve no comando Legislativo Municipal conseguiu com a ajuda dos demais Edis construir o novo anexo da C\u00e2mara de Vereadores composto por 11 gabinetes e o plen\u00e1rio onde hoje s\u00e3o realizadas as sess\u00f5es legislativas.<\/p>\n<p>Ele agradeceu ainda o apoio do prefeito \u00e0 \u00e9poca Jarbas Matias e do senador Jo\u00e3o Vicente Claudino pela ajuda significativa na constru\u00e7\u00e3o do anexo. Todos os oito vereadores presentes reconheceram o trabalho do ex-presidente.<\/p>\n","protected":false},"excerpt":{"rendered":"<p>Os vereadores valencianos aprovaram por unanimidade na noite desta segunda-feira, 30 de maio, as presta\u00e7\u00f5es de contas do prefeito Alc\u00e2ntara e do ex-presidente da C\u00e2mara Municipal vereador Joaquim Filho relativas&#8230;<\/p>\n","protected":false},"author":1,"featured_media":0,"comment_status":"open","ping_status":"open","sticky":false,"template":"","format":"standard","meta":{"ngg_post_thumbnail":0,"footnotes":""},"categories":[243],"tags":[],"class_list":["post-8828","post","type-post","status-publish","format-standard","hentry","category-geral"],"views":462,"meta_data":{"thumb":"https:\/\/portalv1.com.br\/app\/wp-content\/uploads\/2010\/08\/vereadorestodos.jpg","data":{"simple":"01\/06\/2011","date_time":"01\/06\/2011 19:11:03","date":"h\u00e1 15 anos"},"chapeu":"","source":""},"_links":{"self":[{"href":"https:\/\/portalv1.com.br\/api\/wp\/v2\/posts\/8828","targetHints":{"allow":["GET"]}}],"collection":[{"href":"https:\/\/portalv1.com.br\/api\/wp\/v2\/posts"}],"about":[{"href":"https:\/\/portalv1.com.br\/api\/wp\/v2\/types\/post"}],"author":[{"embeddable":true,"href":"https:\/\/portalv1.com.br\/api\/wp\/v2\/users\/1"}],"replies":[{"embeddable":true,"href":"https:\/\/portalv1.com.br\/api\/wp\/v2\/comments?post=8828"}],"version-history":[{"count":0,"href":"https:\/\/portalv1.com.br\/api\/wp\/v2\/posts\/8828\/revisions"}],"wp:attachment":[{"href":"https:\/\/portalv1.com.br\/api\/wp\/v2\/media?parent=8828"}],"wp:term":[{"taxonomy":"category","embeddable":true,"href":"https:\/\/portalv1.com.br\/api\/wp\/v2\/categories?post=8828"},{"taxonomy":"post_tag","embeddable":true,"href":"https:\/\/portalv1.com.br\/api\/wp\/v2\/tags?post=8828"}],"curies":[{"name":"wp","href":"https:\/\/api.w.org\/{rel}","templated":true}]}}