{"id":88540,"date":"2020-09-28T22:39:00","date_gmt":"2020-09-29T01:39:00","guid":{"rendered":"https:\/\/portalv1.com.br\/?p=88540"},"modified":"2020-09-28T22:39:24","modified_gmt":"2020-09-29T01:39:24","slug":"governador-wellington-dias-e-eleito-presidente-do-consorcio-nordeste","status":"publish","type":"post","link":"https:\/\/portalv1.com.br\/governador-wellington-dias-e-eleito-presidente-do-consorcio-nordeste\/","title":{"rendered":"Governador Wellington Dias \u00e9 eleito presidente do Cons\u00f3rcio Nordeste"},"content":{"rendered":"<figure id=\"attachment_85773\" aria-describedby=\"caption-attachment-85773\" style=\"width: 640px\" class=\"wp-caption aligncenter\"><a href=\"https:\/\/portalv1.com.br\/app\/wp-content\/uploads\/2020\/05\/wellington-dias-Copy.jpg\"><img loading=\"lazy\" decoding=\"async\" class=\"size-full wp-image-85773\" src=\"https:\/\/portalv1.com.br\/app\/wp-content\/uploads\/2020\/05\/wellington-dias-Copy.jpg\" alt=\"\" width=\"640\" height=\"427\" srcset=\"https:\/\/portalv1.com.br\/app\/wp-content\/uploads\/2020\/05\/wellington-dias-Copy.jpg 640w, https:\/\/portalv1.com.br\/app\/wp-content\/uploads\/2020\/05\/wellington-dias-Copy-300x200.jpg 300w\" sizes=\"auto, (max-width: 640px) 100vw, 640px\" \/><\/a><figcaption id=\"caption-attachment-85773\" class=\"wp-caption-text\">Wellington Dias<\/figcaption><\/figure>\n<p>O governador&nbsp; Wellington Dias (PT) \u00e9 o novo presidente do Cons\u00f3rcio Nordeste. Wellington Dias foi eleito por unanimidade, nesta segunda-feira (28), em reuni\u00e3o, por videoconfer\u00eancia, com os governadores da regi\u00e3o. Wellington Dias substitui o governador da Bahia, Rui Costa, que esteve como presidente do cons\u00f3rcio desde sua forma\u00e7\u00e3o, em mar\u00e7o de 2019.&nbsp;<\/p>\n<p>Ao assumir essa nova responsabilidade, Wellington Dias destacou que ser\u00e1 uma grande responsabilidade e que seu trabalho ser\u00e1 focado nos temas de gest\u00e3o integrada para o desenvolvimento da regi\u00e3o.&nbsp;<\/p>\n<p>\u201c\u00c9 uma grande responsabilidade que assumo pela confian\u00e7a dos nove estados do Nordeste que, por unanimidade, escolheram o meu nome para presidir no pr\u00f3ximo per\u00edodo o Cons\u00f3rcio do Nordeste. Vamos trabalhar a gest\u00e3o, a integra\u00e7\u00e3o do Nordeste em um projeto de desenvolvimento nas \u00e1reas da tecnologia, infraestrutura, turismo, economia, rela\u00e7\u00e3o internacional, agricultura familiar, ou seja, toda uma pol\u00edtica de sa\u00fade e de seguran\u00e7a, de educa\u00e7\u00e3o, integrados para o bem da popula\u00e7\u00e3o e desenvolvimento do Nordeste\u201d, disse Wellington Dias.<\/p>\n<p>O governador do Pernambuco, Paulo C\u00e2mara, ressalta que Wellington Dias liderou a constru\u00e7\u00e3o do Cons\u00f3rcio Nordeste e &#8220;tem a capacidade de nos conduzir nesse momento. O Rui trabalhou na consolida\u00e7\u00e3o do Cons\u00f3rcio no Brasil e no mundo e o Wellington vai seguir trabalhando pela regi\u00e3o\u201d, acrescenta.&nbsp;<\/p>\n<p>J\u00e1 Fl\u00e1vio Dino, governador do Maranh\u00e3o, elogiou o trabalho executado por Rui Costa \u00e0 frente do Cons\u00f3rcio e destacou a amizade com o chefe do executivo piauiense.&nbsp;<\/p>\n<p>\u201cNosso companheiro Rui fez um excelente trabalhado nesse per\u00edodo desafiador. Wellington Dias \u00e9 um amigo que tenho h\u00e1 30 anos, com muita cumplicidade e sei da compet\u00eancia dele desde que era presidente do Sindicato dos Banc\u00e1rios. Acho que o Cons\u00f3rcio estar\u00e1 muito bem conduzido por ele, vai nos representar muito bem\u201d, disse Dino.<\/p>\n<p>Para o governador e agora ex-presidente do Cons\u00f3rcio Nordeste, Rui Costa, a uni\u00e3o e integra\u00e7\u00e3o foi fundamental para os resultados que o Cons\u00f3rcio j\u00e1 obteve at\u00e9 o momento.&nbsp;<\/p>\n<p>\u201cAgrade\u00e7o toda a solidariedade e apoio dos companheiros. O que constru\u00edmos at\u00e9 aqui \u00e9 fruto da nossa unidade. Conseguimos pautar um debate pol\u00edtico justo e racional. Portanto, o saldo \u00e9 positivo. O nosso \u00edndio vai para o quarto mandato com muita experi\u00eancia e unidade. Esse Cons\u00f3rcio \u00e9 uma articula\u00e7\u00e3o que veio para nos ajudar nos deveres como governadores\u201d.<\/p>\n<p>Fonte; cidadeverde<\/p>\n","protected":false},"excerpt":{"rendered":"<p>O governador&nbsp; Wellington Dias (PT) \u00e9 o novo presidente do Cons\u00f3rcio Nordeste. Wellington Dias foi eleito por unanimidade, nesta segunda-feira (28), em reuni\u00e3o, por videoconfer\u00eancia, com os governadores da regi\u00e3o&#8230;.<\/p>\n","protected":false},"author":1,"featured_media":85773,"comment_status":"open","ping_status":"open","sticky":false,"template":"","format":"standard","meta":{"ngg_post_thumbnail":0,"footnotes":""},"categories":[12],"tags":[],"class_list":["post-88540","post","type-post","status-publish","format-standard","has-post-thumbnail","hentry","category-valenca-news"],"views":175,"meta_data":{"thumb":"https:\/\/portalv1.com.br\/app\/wp-content\/uploads\/2020\/05\/wellington-dias-Copy.jpg","imagem":{"fullsize":{"url":"https:\/\/portalv1.com.br\/app\/wp-content\/uploads\/2020\/05\/wellington-dias-Copy.jpg","width":640,"height":427},"medium":{"url":"https:\/\/portalv1.com.br\/app\/wp-content\/uploads\/2020\/05\/wellington-dias-Copy-300x200.jpg","width":300,"height":200},"thumbnail":{"url":"https:\/\/portalv1.com.br\/app\/wp-content\/uploads\/2020\/05\/wellington-dias-Copy-100x100.jpg","width":100,"height":100}},"data":{"simple":"28\/09\/2020","date_time":"28\/09\/2020 19:39:00","date":"h\u00e1 6 anos"},"chapeu":"Veja os detalhes ","source":"foto_menor"},"_links":{"self":[{"href":"https:\/\/portalv1.com.br\/api\/wp\/v2\/posts\/88540","targetHints":{"allow":["GET"]}}],"collection":[{"href":"https:\/\/portalv1.com.br\/api\/wp\/v2\/posts"}],"about":[{"href":"https:\/\/portalv1.com.br\/api\/wp\/v2\/types\/post"}],"author":[{"embeddable":true,"href":"https:\/\/portalv1.com.br\/api\/wp\/v2\/users\/1"}],"replies":[{"embeddable":true,"href":"https:\/\/portalv1.com.br\/api\/wp\/v2\/comments?post=88540"}],"version-history":[{"count":0,"href":"https:\/\/portalv1.com.br\/api\/wp\/v2\/posts\/88540\/revisions"}],"wp:featuredmedia":[{"embeddable":true,"href":"https:\/\/portalv1.com.br\/api\/wp\/v2\/media\/85773"}],"wp:attachment":[{"href":"https:\/\/portalv1.com.br\/api\/wp\/v2\/media?parent=88540"}],"wp:term":[{"taxonomy":"category","embeddable":true,"href":"https:\/\/portalv1.com.br\/api\/wp\/v2\/categories?post=88540"},{"taxonomy":"post_tag","embeddable":true,"href":"https:\/\/portalv1.com.br\/api\/wp\/v2\/tags?post=88540"}],"curies":[{"name":"wp","href":"https:\/\/api.w.org\/{rel}","templated":true}]}}