{"id":88567,"date":"2020-10-01T08:48:47","date_gmt":"2020-10-01T11:48:47","guid":{"rendered":"https:\/\/portalv1.com.br\/?p=88567"},"modified":"2020-10-01T08:50:03","modified_gmt":"2020-10-01T11:50:03","slug":"covid-governo-estuda-acoes-para-evitar-segunda-onda-e-pede-reforco-na-prevencao","status":"publish","type":"post","link":"https:\/\/portalv1.com.br\/covid-governo-estuda-acoes-para-evitar-segunda-onda-e-pede-reforco-na-prevencao\/","title":{"rendered":"Covid: governo estuda a\u00e7\u00f5es para evitar &#8220;segunda onda&#8221; e pede refor\u00e7o na preven\u00e7\u00e3o"},"content":{"rendered":"<figure id=\"attachment_86361\" aria-describedby=\"caption-attachment-86361\" style=\"width: 640px\" class=\"wp-caption aligncenter\"><a href=\"https:\/\/portalv1.com.br\/app\/wp-content\/uploads\/2020\/06\/teste-covid-19.jpg\"><img loading=\"lazy\" decoding=\"async\" class=\"size-large wp-image-86361\" src=\"https:\/\/portalv1.com.br\/app\/wp-content\/uploads\/2020\/06\/teste-covid-19-640x426.jpg\" alt=\"\" width=\"640\" height=\"426\" srcset=\"https:\/\/portalv1.com.br\/app\/wp-content\/uploads\/2020\/06\/teste-covid-19-640x426.jpg 640w, https:\/\/portalv1.com.br\/app\/wp-content\/uploads\/2020\/06\/teste-covid-19-300x200.jpg 300w, https:\/\/portalv1.com.br\/app\/wp-content\/uploads\/2020\/06\/teste-covid-19.jpg 680w\" sizes=\"auto, (max-width: 640px) 100vw, 640px\" \/><\/a><figcaption id=\"caption-attachment-86361\" class=\"wp-caption-text\">Teste Covid-19<\/figcaption><\/figure>\n<p>O secret\u00e1rio estadual de Sa\u00fade, Florentino Neto, chama a aten\u00e7\u00e3o para o relaxamento das medidas de prote\u00e7\u00e3o contra o novo coronav\u00edrus, pois, em muitos pa\u00edses, \u00e9 poss\u00edvel destacar uma poss\u00edvel &#8220;segunda onda&#8221; de crescimento descontrolado e acelerado de infec\u00e7\u00f5es.<\/p>\n<p>Para evitar que o Piau\u00ed passe por isso, o secret\u00e1rio pede o refor\u00e7o na preven\u00e7\u00e3o e no respeito aos protocolos sanit\u00e1rios. Florentino Neto ressalta que o Piau\u00ed j\u00e1 apresentou aumento no n\u00famero de casos e de mortes pela doen\u00e7a no m\u00eas de setembro.&nbsp; O governo estuda alternativas para n\u00e3o retrocer e voltar a adotar medidas mais restritivas de isolamento social.<\/p>\n<p>De acordo com o boletim Covid-19 da Secretaria Estadual de Sa\u00fade (Sesapi), na segunda-feira (28) o Piau\u00ed registrou 494 novos casos confirmados e seis mortes pela doen\u00e7a. Na ter\u00e7a-feira (29), os n\u00fameros foram de 859 novos casos e 15 mortes.<\/p>\n<p>Desde o in\u00edcio da pandemia no Estado, a Sesapi contabiliza 96.086 casos confirmados, 33.469 descartados e 93.458 pessoas recuperadas. Todos as cidades do Piau\u00ed registram casos confirmados da doen\u00e7a, mas apenas 172 munic\u00edpios tiveram mortes. At\u00e9 hoje, 2.122 moradores do Piau\u00ed perderam a batalha para o novo coronav\u00edrus e faleceram. Esses dados s\u00e3o do dia 29 de setembro de 2020.<\/p>\n<p>Floretino Neto destaca que o Centro de Opera\u00e7\u00f5es de Emerg\u00eancia &#8211; criado para acompanhar a pandemia da&nbsp; Covid-19 &#8211; observa os dados com preocupa\u00e7\u00e3o. O secret\u00e1rio alerta que a segunda onda surgiu em lugares ap\u00f3s o relaxamento e o despeito aos protocolos sanit\u00e1rios ap\u00f3s a flexibiliza\u00e7\u00e3o das atividades econ\u00f4micas.<\/p>\n<p>&#8220;O Centro de Opera\u00e7\u00f5es de Emerg\u00eancia esteve reunido ontem avaliando, inclusive, o n\u00famero de casos. Ontem a gente teve uma subida al\u00e9m da m\u00e9dia.&nbsp; Temos que olhar sempre para os outros pa\u00edses e regi\u00f5es. Em algumas regi\u00f5es onde houve uma retomada, onde houve uma nova onda, as restri\u00e7\u00f5es voltaram&#8221;.<\/p>\n<p>O secret\u00e1rio destaca que o Governo do Estado, neste momento, estuda possibilidades para barrar essa &#8220;segunda onda&#8221; de infec\u00e7\u00f5es sem precisar adotar medidas mais r\u00edgidas de isolamento social.&nbsp; Florentino Neto pede que as pessoas continuem a adotar os protocolos sanit\u00e1rios para reduzir a transmiss\u00e3o do novo coronav\u00edrus no estado.<\/p>\n<p>&#8220;N\u00f3s faremos de tudo para n\u00e3o precisar retroagir as decis\u00f5es que tomamos at\u00e9 agora Sempre tenho chamado a aten\u00e7\u00e3o para que a gente possa obedecer os protocolos, a etiqueta respirat\u00f3rio, a higieniza\u00e7\u00e3o das m\u00e3os, o uso de m\u00e1scara, o distanciamento e que a gente evite excessos&#8221;.<\/p>\n<p>Segunda onda<\/p>\n<p>Em setembro, as infec\u00e7\u00f5es pelo novo coronav\u00edrus voltaram a crescer na Europa, principalmente na Fran\u00e7a, chegando a bater recorde de novos casos da Covid-19. Essa &#8220;segunda onda&#8221; de infec\u00e7\u00e3o crescente e descontrolado deixou muitos pa\u00edses, inclusive o Brasil, com temor sobre o aumento do n\u00famero de casos. Na ter\u00e7a-feira (29), o mundo ultrapassou a marca de 1 milh\u00e3o de mortos por Covid-19.<\/p>\n<p>No Brasil, recentemente, a cidade de Manaus, capital do Amazonas, chegou a apontar para uma &#8220;segunda onda&#8221; da doen\u00e7a. No entanto, especialistas disseram que &#8211; apesar do aumento do n\u00famero de casos &#8211; o estado ainda n\u00e3o vive um novo pico da doen\u00e7a.<\/p>\n<p>Em muitos pa\u00edses, os governos voltaram a adotar medidas mais restritivas de isolamento social para conter o aumento de casos e mortes.&nbsp; Em nove meses, o novo coronav\u00edrusr 188 pa\u00edses registram oficialmente casos confirmados do novo coronav\u00edrus. Em apenas 12 n\u00e3o h\u00e1 registros de casos.<\/p>\n<p>Na Fran\u00e7a, por exemplo, por determina\u00e7\u00e3o do governo franc\u00eas, os bares de Paris e de outras dez cidades fechar\u00e3o as portas a partir de 22 horas. A Fran\u00e7a est\u00e1 com mais de 10 mil novos casos di\u00e1rios, isso representa aumento de 50% com rela\u00e7\u00e3o aos \u00faltimos 14 dias.<\/p>\n<p>Fonte: cidadeverde<\/p>\n","protected":false},"excerpt":{"rendered":"<p>O secret\u00e1rio estadual de Sa\u00fade, Florentino Neto, chama a aten\u00e7\u00e3o para o relaxamento das medidas de prote\u00e7\u00e3o contra o novo coronav\u00edrus, pois, em muitos pa\u00edses, \u00e9 poss\u00edvel destacar uma poss\u00edvel&#8230;<\/p>\n","protected":false},"author":1,"featured_media":86361,"comment_status":"open","ping_status":"open","sticky":false,"template":"","format":"standard","meta":{"ngg_post_thumbnail":0,"footnotes":""},"categories":[12],"tags":[],"class_list":["post-88567","post","type-post","status-publish","format-standard","has-post-thumbnail","hentry","category-valenca-news"],"views":284,"meta_data":{"thumb":"https:\/\/portalv1.com.br\/app\/wp-content\/uploads\/2020\/06\/teste-covid-19.jpg","imagem":{"fullsize":{"url":"https:\/\/portalv1.com.br\/app\/wp-content\/uploads\/2020\/06\/teste-covid-19.jpg","width":680,"height":453},"medium":{"url":"https:\/\/portalv1.com.br\/app\/wp-content\/uploads\/2020\/06\/teste-covid-19-300x200.jpg","width":300,"height":200},"large":{"url":"https:\/\/portalv1.com.br\/app\/wp-content\/uploads\/2020\/06\/teste-covid-19-640x426.jpg","width":640,"height":426},"thumbnail":{"url":"https:\/\/portalv1.com.br\/app\/wp-content\/uploads\/2020\/06\/teste-covid-19-100x100.jpg","width":100,"height":100}},"data":{"simple":"01\/10\/2020","date_time":"01\/10\/2020 05:48:47","date":"h\u00e1 6 anos"},"chapeu":"Covid-19","source":"m_destacada"},"_links":{"self":[{"href":"https:\/\/portalv1.com.br\/api\/wp\/v2\/posts\/88567","targetHints":{"allow":["GET"]}}],"collection":[{"href":"https:\/\/portalv1.com.br\/api\/wp\/v2\/posts"}],"about":[{"href":"https:\/\/portalv1.com.br\/api\/wp\/v2\/types\/post"}],"author":[{"embeddable":true,"href":"https:\/\/portalv1.com.br\/api\/wp\/v2\/users\/1"}],"replies":[{"embeddable":true,"href":"https:\/\/portalv1.com.br\/api\/wp\/v2\/comments?post=88567"}],"version-history":[{"count":0,"href":"https:\/\/portalv1.com.br\/api\/wp\/v2\/posts\/88567\/revisions"}],"wp:featuredmedia":[{"embeddable":true,"href":"https:\/\/portalv1.com.br\/api\/wp\/v2\/media\/86361"}],"wp:attachment":[{"href":"https:\/\/portalv1.com.br\/api\/wp\/v2\/media?parent=88567"}],"wp:term":[{"taxonomy":"category","embeddable":true,"href":"https:\/\/portalv1.com.br\/api\/wp\/v2\/categories?post=88567"},{"taxonomy":"post_tag","embeddable":true,"href":"https:\/\/portalv1.com.br\/api\/wp\/v2\/tags?post=88567"}],"curies":[{"name":"wp","href":"https:\/\/api.w.org\/{rel}","templated":true}]}}