{"id":8868,"date":"2011-06-03T23:32:45","date_gmt":"2011-06-04T02:32:45","guid":{"rendered":"https:\/\/portalv1.com.br\/?p=8868"},"modified":"2011-08-01T15:23:16","modified_gmt":"2011-08-01T18:23:16","slug":"comecou-o-festejo-do-divino-espirito-santo-em-valenca-veja-fotos","status":"publish","type":"post","link":"https:\/\/portalv1.com.br\/comecou-o-festejo-do-divino-espirito-santo-em-valenca-veja-fotos\/","title":{"rendered":"Come\u00e7ou o Festejo do Divino Esp\u00edrito Santo em Valen\u00e7a. Veja Fotos"},"content":{"rendered":"<figure id=\"attachment_8869\" aria-describedby=\"caption-attachment-8869\" style=\"width: 300px\" class=\"wp-caption alignright\"><a href=\"https:\/\/portalv1.com.br\/app\/wp-content\/uploads\/2011\/06\/divino1.jpg\"><img loading=\"lazy\" decoding=\"async\" class=\"size-full wp-image-8869\" title=\"divino\" src=\"https:\/\/portalv1.com.br\/app\/wp-content\/uploads\/2011\/06\/divino1.jpg\" alt=\"\" width=\"300\" height=\"183\" \/><\/a><figcaption id=\"caption-attachment-8869\" class=\"wp-caption-text\">a celebra\u00e7\u00e3o foi presidida pelo Padre Gilberto Freitas e pelo nosso p\u00e1roco Miguel J\u00fanior<\/figcaption><\/figure>\n<p>Aconteceu na noite desta sexta-feira (03), a abertura do Festejo do Divino Esp\u00edrito Santo em Valen\u00e7a do Piaui. Antes da celebra\u00e7\u00e3o devotos realizaram uma precis\u00e3o pelas ruas da cidade, que teve inicio na resid\u00eancia dos imperadores da festa Dr. Jo\u00e3o Lucas e Marize. A prociss\u00e3o tenta resgatar a historia do festejo, que nos \u00faltimos anos havia sido esquecido, o ato de realizar uma prociss\u00e3o na abertura da Festa de Pentecostes.<\/p>\n<p>Al\u00e9m da prociss\u00e3o foi realizada a coroa\u00e7\u00e3o do imperador Jo\u00e3o Lucas feita pelo casal Leonardo Nogueira e Samantha, imperadores do ano passado.<\/p>\n<p>Novidades tamb\u00e9m na celebra\u00e7\u00e3o, que contou com a participa\u00e7\u00e3o do ex-p\u00e1roco de nossa cidade Gilberto Freitas, que presidiu a celebra\u00e7\u00e3o ao lado do nosso p\u00e1roco Miguel J\u00fanior. Padre Gilberto Freitas que atualmente responde pela reitoria do Discipulado Jo\u00e3o Paulo II completou nesta quinta-feira (02), 21 anos de ordena\u00e7\u00e3o sacerdotal e recebeu um caloroso canto de parab\u00e9ns.<\/p>\n<p>Ap\u00f3s a celebra\u00e7\u00e3o aconteceu \u00e0 tradicional visita as barracas onde era servido muitos pratos t\u00edpicos de nossa culin\u00e1ria. Esse ano as barracas que tradicionalmente eram colocadas no patamar da Igreja Matriz foram instaladas na Pra\u00e7a Get\u00falio Vargas, gra\u00e7as \u00e0 intersec\u00e7\u00e3o da vice-prefeita Salete Lima Verde. A programa\u00e7\u00e3o continuar\u00e1 at\u00e9 o dia 12 de junho com a realiza\u00e7\u00e3o das novenas sempre \u00e0s 19h na Igreja Matriz.<\/p>\n<p><div class=\"ngg-galleryoverview\" data-widget=\"Galeria\" data-props='{&quot;galeria&quot;:{&quot;gallery_id&quot;:530,&quot;total&quot;:11,&quot;max_page&quot;:1,&quot;page&quot;:1,&quot;images&quot;:[{&quot;pid&quot;:9225,&quot;imageURL&quot;:&quot;https:\\\/\\\/portalv1.com.br\\\/app\\\/wp-content\\\/gallery\\\/divinoabert\\\/portalv1-4098.jpg?t=1707678000&quot;,&quot;thumbnailURL&quot;:&quot;https:\\\/\\\/portalv1.com.br\\\/app\\\/wp-content\\\/gallery\\\/divinoabert\\\/thumbs\\\/thumbs_portalv1-4098.jpg?t=1707678000&quot;,&quot;description&quot;:&quot; &quot;,&quot;alttext&quot;:&quot;portalv1-4098&quot;,&quot;style&quot;:&quot;&quot;},{&quot;pid&quot;:9226,&quot;imageURL&quot;:&quot;https:\\\/\\\/portalv1.com.br\\\/app\\\/wp-content\\\/gallery\\\/divinoabert\\\/portalv1-4104.jpg?t=1707678430&quot;,&quot;thumbnailURL&quot;:&quot;https:\\\/\\\/portalv1.com.br\\\/app\\\/wp-content\\\/gallery\\\/divinoabert\\\/thumbs\\\/thumbs_portalv1-4104.jpg?t=1707678430&quot;,&quot;description&quot;:&quot; &quot;,&quot;alttext&quot;:&quot;portalv1-4104&quot;,&quot;style&quot;:&quot;&quot;},{&quot;pid&quot;:9227,&quot;imageURL&quot;:&quot;https:\\\/\\\/portalv1.com.br\\\/app\\\/wp-content\\\/gallery\\\/divinoabert\\\/portalv1-4107.jpg?t=1707680164&quot;,&quot;thumbnailURL&quot;:&quot;https:\\\/\\\/portalv1.com.br\\\/app\\\/wp-content\\\/gallery\\\/divinoabert\\\/thumbs\\\/thumbs_portalv1-4107.jpg?t=1707680164&quot;,&quot;description&quot;:&quot; &quot;,&quot;alttext&quot;:&quot;portalv1-4107&quot;,&quot;style&quot;:&quot;&quot;},{&quot;pid&quot;:9228,&quot;imageURL&quot;:&quot;https:\\\/\\\/portalv1.com.br\\\/app\\\/wp-content\\\/gallery\\\/divinoabert\\\/portalv1-4108.jpg?t=1707680143&quot;,&quot;thumbnailURL&quot;:&quot;https:\\\/\\\/portalv1.com.br\\\/app\\\/wp-content\\\/gallery\\\/divinoabert\\\/thumbs\\\/thumbs_portalv1-4108.jpg?t=1707680143&quot;,&quot;description&quot;:&quot; &quot;,&quot;alttext&quot;:&quot;portalv1-4108&quot;,&quot;style&quot;:&quot;&quot;},{&quot;pid&quot;:9229,&quot;imageURL&quot;:&quot;https:\\\/\\\/portalv1.com.br\\\/app\\\/wp-content\\\/gallery\\\/divinoabert\\\/portalv1-4109.jpg?t=1707677569&quot;,&quot;thumbnailURL&quot;:&quot;https:\\\/\\\/portalv1.com.br\\\/app\\\/wp-content\\\/gallery\\\/divinoabert\\\/thumbs\\\/thumbs_portalv1-4109.jpg?t=1707677569&quot;,&quot;description&quot;:&quot; &quot;,&quot;alttext&quot;:&quot;portalv1-4109&quot;,&quot;style&quot;:&quot;&quot;},{&quot;pid&quot;:9230,&quot;imageURL&quot;:&quot;https:\\\/\\\/portalv1.com.br\\\/app\\\/wp-content\\\/gallery\\\/divinoabert\\\/portalv1-4122.jpg?t=1707678410&quot;,&quot;thumbnailURL&quot;:&quot;https:\\\/\\\/portalv1.com.br\\\/app\\\/wp-content\\\/gallery\\\/divinoabert\\\/thumbs\\\/thumbs_portalv1-4122.jpg?t=1707678410&quot;,&quot;description&quot;:&quot; &quot;,&quot;alttext&quot;:&quot;portalv1-4122&quot;,&quot;style&quot;:&quot;&quot;},{&quot;pid&quot;:9231,&quot;imageURL&quot;:&quot;https:\\\/\\\/portalv1.com.br\\\/app\\\/wp-content\\\/gallery\\\/divinoabert\\\/portalv1-4137.jpg?t=1707683716&quot;,&quot;thumbnailURL&quot;:&quot;https:\\\/\\\/portalv1.com.br\\\/app\\\/wp-content\\\/gallery\\\/divinoabert\\\/thumbs\\\/thumbs_portalv1-4137.jpg?t=1707683716&quot;,&quot;description&quot;:&quot; &quot;,&quot;alttext&quot;:&quot;portalv1-4137&quot;,&quot;style&quot;:&quot;&quot;},{&quot;pid&quot;:9232,&quot;imageURL&quot;:&quot;https:\\\/\\\/portalv1.com.br\\\/app\\\/wp-content\\\/gallery\\\/divinoabert\\\/portalv1-4142.jpg?t=1707678665&quot;,&quot;thumbnailURL&quot;:&quot;https:\\\/\\\/portalv1.com.br\\\/app\\\/wp-content\\\/gallery\\\/divinoabert\\\/thumbs\\\/thumbs_portalv1-4142.jpg?t=1707678665&quot;,&quot;description&quot;:&quot; &quot;,&quot;alttext&quot;:&quot;portalv1-4142&quot;,&quot;style&quot;:&quot;&quot;},{&quot;pid&quot;:9233,&quot;imageURL&quot;:&quot;https:\\\/\\\/portalv1.com.br\\\/app\\\/wp-content\\\/gallery\\\/divinoabert\\\/portalv1-4147.jpg?t=1707677687&quot;,&quot;thumbnailURL&quot;:&quot;https:\\\/\\\/portalv1.com.br\\\/app\\\/wp-content\\\/gallery\\\/divinoabert\\\/thumbs\\\/thumbs_portalv1-4147.jpg?t=1707677687&quot;,&quot;description&quot;:&quot; &quot;,&quot;alttext&quot;:&quot;portalv1-4147&quot;,&quot;style&quot;:&quot;&quot;},{&quot;pid&quot;:9234,&quot;imageURL&quot;:&quot;https:\\\/\\\/portalv1.com.br\\\/app\\\/wp-content\\\/gallery\\\/divinoabert\\\/portalv1-4155.jpg?t=1707678469&quot;,&quot;thumbnailURL&quot;:&quot;https:\\\/\\\/portalv1.com.br\\\/app\\\/wp-content\\\/gallery\\\/divinoabert\\\/thumbs\\\/thumbs_portalv1-4155.jpg?t=1707678469&quot;,&quot;description&quot;:&quot; &quot;,&quot;alttext&quot;:&quot;portalv1-4155&quot;,&quot;style&quot;:&quot;&quot;},{&quot;pid&quot;:9235,&quot;imageURL&quot;:&quot;https:\\\/\\\/portalv1.com.br\\\/app\\\/wp-content\\\/gallery\\\/divinoabert\\\/portalv1-4156.jpg?t=1707680061&quot;,&quot;thumbnailURL&quot;:&quot;https:\\\/\\\/portalv1.com.br\\\/app\\\/wp-content\\\/gallery\\\/divinoabert\\\/thumbs\\\/thumbs_portalv1-4156.jpg?t=1707680061&quot;,&quot;description&quot;:&quot; &quot;,&quot;alttext&quot;:&quot;portalv1-4156&quot;,&quot;style&quot;:&quot;&quot;}]}}'><\/div>.<\/p>\n","protected":false},"excerpt":{"rendered":"<p>Aconteceu na noite desta sexta-feira (03), a abertura do Festejo do Divino Esp\u00edrito Santo em Valen\u00e7a do Piaui. Antes da celebra\u00e7\u00e3o devotos realizaram uma precis\u00e3o pelas ruas da cidade, que&#8230;<\/p>\n","protected":false},"author":1,"featured_media":0,"comment_status":"open","ping_status":"open","sticky":false,"template":"","format":"standard","meta":{"ngg_post_thumbnail":0,"footnotes":""},"categories":[252],"tags":[],"class_list":["post-8868","post","type-post","status-publish","format-standard","hentry","category-avozdopastor"],"views":1341,"meta_data":{"thumb":"https:\/\/portalv1.com.br\/app\/wp-content\/uploads\/2011\/06\/divino1.jpg","data":{"simple":"03\/06\/2011","date_time":"03\/06\/2011 20:32:45","date":"h\u00e1 15 anos"},"chapeu":"","source":""},"_links":{"self":[{"href":"https:\/\/portalv1.com.br\/api\/wp\/v2\/posts\/8868","targetHints":{"allow":["GET"]}}],"collection":[{"href":"https:\/\/portalv1.com.br\/api\/wp\/v2\/posts"}],"about":[{"href":"https:\/\/portalv1.com.br\/api\/wp\/v2\/types\/post"}],"author":[{"embeddable":true,"href":"https:\/\/portalv1.com.br\/api\/wp\/v2\/users\/1"}],"replies":[{"embeddable":true,"href":"https:\/\/portalv1.com.br\/api\/wp\/v2\/comments?post=8868"}],"version-history":[{"count":0,"href":"https:\/\/portalv1.com.br\/api\/wp\/v2\/posts\/8868\/revisions"}],"wp:attachment":[{"href":"https:\/\/portalv1.com.br\/api\/wp\/v2\/media?parent=8868"}],"wp:term":[{"taxonomy":"category","embeddable":true,"href":"https:\/\/portalv1.com.br\/api\/wp\/v2\/categories?post=8868"},{"taxonomy":"post_tag","embeddable":true,"href":"https:\/\/portalv1.com.br\/api\/wp\/v2\/tags?post=8868"}],"curies":[{"name":"wp","href":"https:\/\/api.w.org\/{rel}","templated":true}]}}