{"id":88703,"date":"2020-10-09T01:34:58","date_gmt":"2020-10-09T04:34:58","guid":{"rendered":"https:\/\/portalv1.com.br\/?p=88703"},"modified":"2020-10-12T22:20:43","modified_gmt":"2020-10-13T01:20:43","slug":"juiz-eleitoral-de-valenca-reune-coligacoes-e-agentes-de-seguranca","status":"publish","type":"post","link":"https:\/\/portalv1.com.br\/juiz-eleitoral-de-valenca-reune-coligacoes-e-agentes-de-seguranca\/","title":{"rendered":"Juiz eleitoral de Valen\u00e7a re\u00fane coliga\u00e7\u00f5es e agentes de seguran\u00e7a"},"content":{"rendered":"<p>Nessa quinta-feira, 08 de outubro, o juiz eleitoral Dr. Juscelino Norberto da 18\u00aa Zona Eleitoral esteve reunido no f\u00f3rum de Valen\u00e7a do Piau\u00ed com os representantes das coliga\u00e7\u00f5es de Valen\u00e7a, Novo Oriente e autoridades de seguran\u00e7a p\u00fablica dos dois munic\u00edpios.<\/p>\n<p>O encontro serviu para debater temas referentes ao andamento das elei\u00e7\u00f5es desse ano, como a quantidade de carreatas e com\u00edcios, entre outros temas.<\/p>\n<p>Ap\u00f3s ampla discurs\u00e3o, ficou decidido que cada coliga\u00e7\u00e3o poder\u00e1 realizar dois com\u00edcios e duas carreatas, assim como est\u00e3o liberadas a realiza\u00e7\u00e3o de reuni\u00f5es nos bairros, desde que comunicadas as autoridades da seguran\u00e7a e eleitoral.<\/p>\n<p>Dr. Juscelino Norberto informou da publica\u00e7\u00e3o da Portaria 04\/2020, que pro\u00edbe nas duas cidades a utiliza\u00e7\u00e3o de fogos de artif\u00edcios na campanha e suas penalidades em caso de desobedi\u00eancia.<\/p>\n<p>Foi dito ainda que a 18\u00aa Zona Eleitoral est\u00e1 aberta para receber as den\u00fancias de compra de votos e outras infra\u00e7\u00f5es que possam infringir a legisla\u00e7\u00e3o eleitoral, seja por parte das coliga\u00e7\u00f5es ou do eleitor que tamb\u00e9m pode responder pela infra\u00e7\u00e3o eleitoral.<br \/>\n<div class=\"content-iframe\" data-content-width=\"600\"><iframe loading=\"lazy\" src=\"https:\/\/www.youtube.com\/embed\/JyE5O0aCqB0\" width=\"560\" height=\"315\" frameborder=\"0\" allowfullscreen=\"allowfullscreen\"><\/iframe><\/div><\/p>\n<p>&nbsp;<\/p>\n","protected":false},"excerpt":{"rendered":"<p>Nessa quinta-feira, 08 de outubro, o juiz eleitoral Dr. Juscelino Norberto da 18\u00aa Zona Eleitoral esteve reunido no f\u00f3rum de Valen\u00e7a do Piau\u00ed com os representantes das coliga\u00e7\u00f5es de Valen\u00e7a,&#8230;<\/p>\n","protected":false},"author":1,"featured_media":88704,"comment_status":"open","ping_status":"open","sticky":false,"template":"","format":"standard","meta":{"ngg_post_thumbnail":0,"footnotes":""},"categories":[12],"tags":[],"class_list":["post-88703","post","type-post","status-publish","format-standard","has-post-thumbnail","hentry","category-valenca-news"],"views":477,"meta_data":{"thumb":"https:\/\/portalv1.com.br\/app\/wp-content\/uploads\/2020\/10\/IMG_3130-Copy.jpg","imagem":{"fullsize":{"url":"https:\/\/portalv1.com.br\/app\/wp-content\/uploads\/2020\/10\/IMG_3130-Copy.jpg","width":640,"height":427},"medium":{"url":"https:\/\/portalv1.com.br\/app\/wp-content\/uploads\/2020\/10\/IMG_3130-Copy-300x200.jpg","width":300,"height":200},"thumbnail":{"url":"https:\/\/portalv1.com.br\/app\/wp-content\/uploads\/2020\/10\/IMG_3130-Copy-100x100.jpg","width":100,"height":100}},"data":{"simple":"08\/10\/2020","date_time":"08\/10\/2020 22:34:58","date":"h\u00e1 6 anos"},"chapeu":"Elei\u00e7\u00f5es  2020","source":"foto_menor"},"_links":{"self":[{"href":"https:\/\/portalv1.com.br\/api\/wp\/v2\/posts\/88703","targetHints":{"allow":["GET"]}}],"collection":[{"href":"https:\/\/portalv1.com.br\/api\/wp\/v2\/posts"}],"about":[{"href":"https:\/\/portalv1.com.br\/api\/wp\/v2\/types\/post"}],"author":[{"embeddable":true,"href":"https:\/\/portalv1.com.br\/api\/wp\/v2\/users\/1"}],"replies":[{"embeddable":true,"href":"https:\/\/portalv1.com.br\/api\/wp\/v2\/comments?post=88703"}],"version-history":[{"count":0,"href":"https:\/\/portalv1.com.br\/api\/wp\/v2\/posts\/88703\/revisions"}],"wp:featuredmedia":[{"embeddable":true,"href":"https:\/\/portalv1.com.br\/api\/wp\/v2\/media\/88704"}],"wp:attachment":[{"href":"https:\/\/portalv1.com.br\/api\/wp\/v2\/media?parent=88703"}],"wp:term":[{"taxonomy":"category","embeddable":true,"href":"https:\/\/portalv1.com.br\/api\/wp\/v2\/categories?post=88703"},{"taxonomy":"post_tag","embeddable":true,"href":"https:\/\/portalv1.com.br\/api\/wp\/v2\/tags?post=88703"}],"curies":[{"name":"wp","href":"https:\/\/api.w.org\/{rel}","templated":true}]}}