{"id":88717,"date":"2020-10-11T14:31:19","date_gmt":"2020-10-11T17:31:19","guid":{"rendered":"https:\/\/portalv1.com.br\/?p=88717"},"modified":"2020-10-11T14:31:19","modified_gmt":"2020-10-11T17:31:19","slug":"familia-agradece-ajuda-apos-sucesso-de-cirurgia-da-ipiranguense-semellapaz","status":"publish","type":"post","link":"https:\/\/portalv1.com.br\/familia-agradece-ajuda-apos-sucesso-de-cirurgia-da-ipiranguense-semellapaz\/","title":{"rendered":"Fam\u00edlia agradece ajuda ap\u00f3s sucesso de cirurgia da ipiranguense Semellapaz"},"content":{"rendered":"<p>A fam\u00edlia da jovem ipiranguense, Semellapaz da Silva, de 16 anos, fez agradecimentos a todos que ajudaram na campanha de arrecada\u00e7\u00e3o que foi desenvolvida visando ajudar \u00e0 jovem que iria passar por um procedimento cir\u00fargico em ambos olhos em decorr\u00eancia de um problema de vis\u00e3o que a mesma vem enfrentando h\u00e1, pelo menos, quatro anos.<\/p>\n<p>Nos \u00faltimos dias, uma campanha realizada nas redes sociais mobilizou parentes, amigos e pessoas de diversos lugares do Brasil em torno da arrecada\u00e7\u00e3o do valor de R$ 10.000 (dez mil reais), valor que seria necess\u00e1rio para a realiza\u00e7\u00e3o da cirurgia, que pela gravidade e urg\u00eancia do caso da menina, n\u00e3o seria poss\u00edvel esperar pelo SUS e foi marcada em um hospital particular da capital Teresina.<a href=\"https:\/\/portalv1.com.br\/app\/wp-content\/uploads\/2020\/10\/03-Copy.png\"><img loading=\"lazy\" decoding=\"async\" class=\"aligncenter size-full wp-image-88650\" src=\"https:\/\/portalv1.com.br\/app\/wp-content\/uploads\/2020\/10\/03-Copy.png\" alt=\"\" width=\"396\" height=\"480\" srcset=\"https:\/\/portalv1.com.br\/app\/wp-content\/uploads\/2020\/10\/03-Copy.png 396w, https:\/\/portalv1.com.br\/app\/wp-content\/uploads\/2020\/10\/03-Copy-300x364.png 300w\" sizes=\"auto, (max-width: 396px) 100vw, 396px\" \/><\/a><\/p>\n<p>Na \u00faltima quarta-feira, dia 07 de outubro, Semellapaz passou pela cirurgia e, segundo sua m\u00e3e, dona Ana Maria, o procedimento foi um sucesso e a mesma j\u00e1 se encontra em casa e passa bem.<\/p>\n<p>A campanha realizada por um grupo de amigos e familiares valeu-se das redes sociais e o objetivo era alcan\u00e7ar, pelo menos, um valor aproximado ao custo da cirurgia que, para que fossem tratados os dois olhos, custava R$ 10.000 (dez mil reais). A campanha se expandiu e conseguiu arrecadar, ainda, o valor de R$ 8.000 (oito mil reais). Segundo uma das coordenadoras da campanha, a senhora Maria Olita, pessoas de diversos lugares da regi\u00e3o, do estado e at\u00e9 mesmo do pa\u00eds contribu\u00edram com a arrecada\u00e7\u00e3o.<\/p>\n<p>O sentimento entre os amigos e familiares \u00e9 de muita alegria! A jovem continuar\u00e1 fazendo revis\u00e3o e acompanhamento m\u00e9dico por algum tempo.<\/p>\n<p>Como o valor da cirurgia era de R$ 10.000 e a campanha conseguiu arrecadar apenas R$ 8.000, os dois mil reais restantes foram divididos em 4 parcelas de R$ 500,00. Quem puder e, voluntariamente, quiser continuar ajudando a fam\u00edlia a completar o pagamento do procedimento cir\u00fargico e a arcar com as despesas de traslado para as revis\u00f5es, poder\u00e1 ajudar atrav\u00e9s de dep\u00f3sito banc\u00e1rio nas contas abaixo:<a href=\"https:\/\/portalv1.com.br\/app\/wp-content\/uploads\/2020\/10\/02-Copy.png\"><img loading=\"lazy\" decoding=\"async\" class=\"aligncenter size-full wp-image-88651\" src=\"https:\/\/portalv1.com.br\/app\/wp-content\/uploads\/2020\/10\/02-Copy.png\" alt=\"\" width=\"346\" height=\"480\" srcset=\"https:\/\/portalv1.com.br\/app\/wp-content\/uploads\/2020\/10\/02-Copy.png 346w, https:\/\/portalv1.com.br\/app\/wp-content\/uploads\/2020\/10\/02-Copy-300x416.png 300w\" sizes=\"auto, (max-width: 346px) 100vw, 346px\" \/><\/a><\/p>\n<p>Fonte: mesti\u00e7onews<\/p>\n","protected":false},"excerpt":{"rendered":"<p>A fam\u00edlia da jovem ipiranguense, Semellapaz da Silva, de 16 anos, fez agradecimentos a todos que ajudaram na campanha de arrecada\u00e7\u00e3o que foi desenvolvida visando ajudar \u00e0 jovem que iria&#8230;<\/p>\n","protected":false},"author":1,"featured_media":88650,"comment_status":"open","ping_status":"open","sticky":false,"template":"","format":"standard","meta":{"ngg_post_thumbnail":0,"footnotes":""},"categories":[12],"tags":[],"class_list":["post-88717","post","type-post","status-publish","format-standard","has-post-thumbnail","hentry","category-valenca-news"],"views":527,"meta_data":{"thumb":"https:\/\/portalv1.com.br\/app\/wp-content\/uploads\/2020\/10\/03-Copy.png","imagem":{"fullsize":{"url":"https:\/\/portalv1.com.br\/app\/wp-content\/uploads\/2020\/10\/03-Copy.png","width":396,"height":480},"medium":{"url":"https:\/\/portalv1.com.br\/app\/wp-content\/uploads\/2020\/10\/03-Copy-300x364.png","width":300,"height":364},"thumbnail":{"url":"https:\/\/portalv1.com.br\/app\/wp-content\/uploads\/2020\/10\/03-Copy-100x100.png","width":100,"height":100}},"data":{"simple":"11\/10\/2020","date_time":"11\/10\/2020 11:31:19","date":"h\u00e1 6 anos"},"chapeu":"Veja os detalhes ","source":"slide"},"_links":{"self":[{"href":"https:\/\/portalv1.com.br\/api\/wp\/v2\/posts\/88717","targetHints":{"allow":["GET"]}}],"collection":[{"href":"https:\/\/portalv1.com.br\/api\/wp\/v2\/posts"}],"about":[{"href":"https:\/\/portalv1.com.br\/api\/wp\/v2\/types\/post"}],"author":[{"embeddable":true,"href":"https:\/\/portalv1.com.br\/api\/wp\/v2\/users\/1"}],"replies":[{"embeddable":true,"href":"https:\/\/portalv1.com.br\/api\/wp\/v2\/comments?post=88717"}],"version-history":[{"count":0,"href":"https:\/\/portalv1.com.br\/api\/wp\/v2\/posts\/88717\/revisions"}],"wp:featuredmedia":[{"embeddable":true,"href":"https:\/\/portalv1.com.br\/api\/wp\/v2\/media\/88650"}],"wp:attachment":[{"href":"https:\/\/portalv1.com.br\/api\/wp\/v2\/media?parent=88717"}],"wp:term":[{"taxonomy":"category","embeddable":true,"href":"https:\/\/portalv1.com.br\/api\/wp\/v2\/categories?post=88717"},{"taxonomy":"post_tag","embeddable":true,"href":"https:\/\/portalv1.com.br\/api\/wp\/v2\/tags?post=88717"}],"curies":[{"name":"wp","href":"https:\/\/api.w.org\/{rel}","templated":true}]}}