{"id":88745,"date":"2020-10-12T16:15:21","date_gmt":"2020-10-12T19:15:21","guid":{"rendered":"https:\/\/portalv1.com.br\/?p=88745"},"modified":"2020-10-12T16:15:21","modified_gmt":"2020-10-12T19:15:21","slug":"prefeita-e-candidata-ceica-dias-realiza-1o-comicio-das-eleicoes-em-valenca","status":"publish","type":"post","link":"https:\/\/portalv1.com.br\/prefeita-e-candidata-ceica-dias-realiza-1o-comicio-das-eleicoes-em-valenca\/","title":{"rendered":"Prefeita e candidata, Cei\u00e7a Dias realiza 1\u00ba. com\u00edcio das Elei\u00e7\u00f5es em Valen\u00e7a"},"content":{"rendered":"<p><a href=\"https:\/\/portalv1.com.br\/app\/wp-content\/uploads\/2020\/10\/f6a7f172-19ba-4782-8cf5-bdd12cdf5b71.jpg\"><img loading=\"lazy\" decoding=\"async\" class=\"aligncenter size-large wp-image-88746\" src=\"https:\/\/portalv1.com.br\/app\/wp-content\/uploads\/2020\/10\/f6a7f172-19ba-4782-8cf5-bdd12cdf5b71-640x480.jpg\" alt=\"\" width=\"640\" height=\"480\" srcset=\"https:\/\/portalv1.com.br\/app\/wp-content\/uploads\/2020\/10\/f6a7f172-19ba-4782-8cf5-bdd12cdf5b71-640x480.jpg 640w, https:\/\/portalv1.com.br\/app\/wp-content\/uploads\/2020\/10\/f6a7f172-19ba-4782-8cf5-bdd12cdf5b71-300x225.jpg 300w, https:\/\/portalv1.com.br\/app\/wp-content\/uploads\/2020\/10\/f6a7f172-19ba-4782-8cf5-bdd12cdf5b71-768x576.jpg 768w, https:\/\/portalv1.com.br\/app\/wp-content\/uploads\/2020\/10\/f6a7f172-19ba-4782-8cf5-bdd12cdf5b71.jpg 1333w\" sizes=\"auto, (max-width: 640px) 100vw, 640px\" \/><\/a>A coliga\u00e7\u00e3o \u2018Valen\u00e7a \u00e9 dos Valencianos\u2019, formadas pelos partidos SD e MDB, que tem como candidata a reelei\u00e7\u00e3o, a prefeita Cei\u00e7a Dias (SD), e ao cargo de vice o ex-vereador Leonardo Nogueira (SD), realizou o 1\u00ba com\u00edcio destas elei\u00e7\u00f5es em Valen\u00e7a do Piau\u00ed.<\/p>\n<p>O evento partid\u00e1rio aconteceu na noite de ontem, s\u00e1bado (10) na quadra de esportes da pra\u00e7a Norberto Dino Barbosa no bairro Novo Horizonte, e contou com a participa\u00e7\u00e3o dos candidatos a vereadores da coliga\u00e7\u00e3o, correligion\u00e1rios e simpatizantes da campanha de Cei\u00e7a Dias.<\/p>\n<p>A coliga\u00e7\u00e3o \u00e9 apoiada pelo ex-prefeito de Valen\u00e7a, o Dr. Alc\u00e2ntara. Estiveram presentes ainda o ex-prefeito de Novo Oriente e coordenador da campanha, m\u00e9dico Dr. Marcos Vin\u00edcius, ex-deputado federal e presidente do diret\u00f3rio municipal do MDB, Marllos Sampaio, al\u00e9m de lideran\u00e7as pol\u00edticas das zonas urbana&nbsp;e rural.<\/p>\n<p>Entre as propostas da candidata para a popula\u00e7\u00e3o est\u00e1 a recupera\u00e7\u00e3o estrutural do local. \u201cVamos trabalhar para melhor ainda mais o aspecto estrutural da pra\u00e7a Norberto Dino\u201d, ponderou.<\/p>\n<p>Fonte: portalgranderede<\/p>\n","protected":false},"excerpt":{"rendered":"<p>A coliga\u00e7\u00e3o \u2018Valen\u00e7a \u00e9 dos Valencianos\u2019, formadas pelos partidos SD e MDB, que tem como candidata a reelei\u00e7\u00e3o, a prefeita Cei\u00e7a Dias (SD), e ao cargo de vice o ex-vereador&#8230;<\/p>\n","protected":false},"author":1,"featured_media":88746,"comment_status":"open","ping_status":"open","sticky":false,"template":"","format":"standard","meta":{"ngg_post_thumbnail":0,"footnotes":""},"categories":[12],"tags":[],"class_list":["post-88745","post","type-post","status-publish","format-standard","has-post-thumbnail","hentry","category-valenca-news"],"views":721,"meta_data":{"thumb":"https:\/\/portalv1.com.br\/app\/wp-content\/uploads\/2020\/10\/f6a7f172-19ba-4782-8cf5-bdd12cdf5b71.jpg","imagem":{"fullsize":{"url":"https:\/\/portalv1.com.br\/app\/wp-content\/uploads\/2020\/10\/f6a7f172-19ba-4782-8cf5-bdd12cdf5b71.jpg","width":1333,"height":1000},"medium":{"url":"https:\/\/portalv1.com.br\/app\/wp-content\/uploads\/2020\/10\/f6a7f172-19ba-4782-8cf5-bdd12cdf5b71-300x225.jpg","width":300,"height":225},"large":{"url":"https:\/\/portalv1.com.br\/app\/wp-content\/uploads\/2020\/10\/f6a7f172-19ba-4782-8cf5-bdd12cdf5b71-640x480.jpg","width":640,"height":480},"thumbnail":{"url":"https:\/\/portalv1.com.br\/app\/wp-content\/uploads\/2020\/10\/f6a7f172-19ba-4782-8cf5-bdd12cdf5b71-100x100.jpg","width":100,"height":100},"medium_large":{"url":"https:\/\/portalv1.com.br\/app\/wp-content\/uploads\/2020\/10\/f6a7f172-19ba-4782-8cf5-bdd12cdf5b71-768x576.jpg","width":768,"height":576}},"data":{"simple":"12\/10\/2020","date_time":"12\/10\/2020 13:15:21","date":"h\u00e1 6 anos"},"chapeu":"Elei\u00e7\u00f5es  2020","source":"m_destacada"},"_links":{"self":[{"href":"https:\/\/portalv1.com.br\/api\/wp\/v2\/posts\/88745","targetHints":{"allow":["GET"]}}],"collection":[{"href":"https:\/\/portalv1.com.br\/api\/wp\/v2\/posts"}],"about":[{"href":"https:\/\/portalv1.com.br\/api\/wp\/v2\/types\/post"}],"author":[{"embeddable":true,"href":"https:\/\/portalv1.com.br\/api\/wp\/v2\/users\/1"}],"replies":[{"embeddable":true,"href":"https:\/\/portalv1.com.br\/api\/wp\/v2\/comments?post=88745"}],"version-history":[{"count":0,"href":"https:\/\/portalv1.com.br\/api\/wp\/v2\/posts\/88745\/revisions"}],"wp:featuredmedia":[{"embeddable":true,"href":"https:\/\/portalv1.com.br\/api\/wp\/v2\/media\/88746"}],"wp:attachment":[{"href":"https:\/\/portalv1.com.br\/api\/wp\/v2\/media?parent=88745"}],"wp:term":[{"taxonomy":"category","embeddable":true,"href":"https:\/\/portalv1.com.br\/api\/wp\/v2\/categories?post=88745"},{"taxonomy":"post_tag","embeddable":true,"href":"https:\/\/portalv1.com.br\/api\/wp\/v2\/tags?post=88745"}],"curies":[{"name":"wp","href":"https:\/\/api.w.org\/{rel}","templated":true}]}}