{"id":88919,"date":"2020-10-27T21:24:22","date_gmt":"2020-10-28T00:24:22","guid":{"rendered":"https:\/\/portalv1.com.br\/?p=88919"},"modified":"2020-10-28T22:33:45","modified_gmt":"2020-10-29T01:33:45","slug":"wellington-vai-representar-governadores-em-reuniao-sobre-vacina-da-covid-19","status":"publish","type":"post","link":"https:\/\/portalv1.com.br\/wellington-vai-representar-governadores-em-reuniao-sobre-vacina-da-covid-19\/","title":{"rendered":"Wellington vai representar governadores em reuni\u00e3o sobre vacina da covid-19"},"content":{"rendered":"<p>O governador&nbsp;Wellington Dias&nbsp;revelou, na segunda-feira (26), que o F\u00f3rum dos Governadores do Brasil protocolou um pedido de audi\u00eancia com o ministro da Sa\u00fade,&nbsp;Eduardo Pazuello, para tratar sobre vacina\u00e7\u00e3o contra a&nbsp;covid-19. O plano \u00e9 buscar um entendimento para que estados, munic\u00edpios e o Governo Federal, possam alinhar a estrat\u00e9gia de imuniza\u00e7\u00e3o do povo brasileiro.<\/p>\n<p>\u201cManifestamos, em nome dos governadores, um compromisso com o di\u00e1logo e com o Plano Nacional de Estrat\u00e9gia para a vacina\u00e7\u00e3o aprovado no \u00faltimo dia 20 de outubro\u201d, declarou o governador do Piau\u00ed.<\/p>\n<p>Escolhido pelos governadores para coordenar junto ao Governo Federal a articula\u00e7\u00e3o relacionada \u00e0 vacina\u00e7\u00e3o contra a covid-19, Dias ressaltou a busca pela instala\u00e7\u00e3o da comiss\u00e3o t\u00e9cnica, respons\u00e1vel por apresentar toda a estrat\u00e9gia de imuniza\u00e7\u00e3o contra o coronav\u00edrus, at\u00e9 o dia 30 de novembro. \u201cAli est\u00e1 contida a preocupa\u00e7\u00e3o com todos os brasileiros e salvar vidas, em primeiro lugar. A primeira vacina que tiver autoriza\u00e7\u00e3o cient\u00edfica, \u00e9 esta que devemos utilizar no Brasil\u201d, defendeu.<\/p>\n<p>A ideia \u00e9 que participem da reuni\u00e3o, al\u00e9m dos governadores, um corpo t\u00e9cnico, uma equipe do Minist\u00e9rio da Sa\u00fade, representantes dos munic\u00edpios e do Congresso Nacional.<\/p>\n<p>O F\u00f3rum dos Governadores tamb\u00e9m encaminhar\u00e1 pedidos de audi\u00eancia aos presidentes da C\u00e2mara dos Deputados, do Senado, aos l\u00edderes da base do governo e da oposi\u00e7\u00e3o, para que o parlamento possa contribuir com as discuss\u00f5es relacionadas \u00e0 vacina\u00e7\u00e3o.<\/p>\n<p><a href=\"https:\/\/portalv1.com.br\/app\/wp-content\/uploads\/2020\/10\/wellington-dias.jpg\"><img loading=\"lazy\" decoding=\"async\" class=\"aligncenter size-large wp-image-88920\" src=\"https:\/\/portalv1.com.br\/app\/wp-content\/uploads\/2020\/10\/wellington-dias-640x427.jpg\" alt=\"\" width=\"640\" height=\"427\" srcset=\"https:\/\/portalv1.com.br\/app\/wp-content\/uploads\/2020\/10\/wellington-dias-640x427.jpg 640w, https:\/\/portalv1.com.br\/app\/wp-content\/uploads\/2020\/10\/wellington-dias-300x200.jpg 300w, https:\/\/portalv1.com.br\/app\/wp-content\/uploads\/2020\/10\/wellington-dias-768x512.jpg 768w, https:\/\/portalv1.com.br\/app\/wp-content\/uploads\/2020\/10\/wellington-dias.jpg 1280w\" sizes=\"auto, (max-width: 640px) 100vw, 640px\" \/><\/a><\/p>\n<p>FONTE: GP1<\/p>\n","protected":false},"excerpt":{"rendered":"<p>O governador&nbsp;Wellington Dias&nbsp;revelou, na segunda-feira (26), que o F\u00f3rum dos Governadores do Brasil protocolou um pedido de audi\u00eancia com o ministro da Sa\u00fade,&nbsp;Eduardo Pazuello, para tratar sobre vacina\u00e7\u00e3o contra a&nbsp;covid-19&#8230;.<\/p>\n","protected":false},"author":1,"featured_media":88920,"comment_status":"open","ping_status":"open","sticky":false,"template":"","format":"standard","meta":{"ngg_post_thumbnail":0,"footnotes":""},"categories":[12],"tags":[],"class_list":["post-88919","post","type-post","status-publish","format-standard","has-post-thumbnail","hentry","category-valenca-news"],"views":223,"meta_data":{"thumb":"https:\/\/portalv1.com.br\/app\/wp-content\/uploads\/2020\/10\/wellington-dias.jpg","imagem":{"fullsize":{"url":"https:\/\/portalv1.com.br\/app\/wp-content\/uploads\/2020\/10\/wellington-dias.jpg","width":1280,"height":853},"medium":{"url":"https:\/\/portalv1.com.br\/app\/wp-content\/uploads\/2020\/10\/wellington-dias-300x200.jpg","width":300,"height":200},"large":{"url":"https:\/\/portalv1.com.br\/app\/wp-content\/uploads\/2020\/10\/wellington-dias-640x427.jpg","width":640,"height":427},"thumbnail":{"url":"https:\/\/portalv1.com.br\/app\/wp-content\/uploads\/2020\/10\/wellington-dias-100x100.jpg","width":100,"height":100},"medium_large":{"url":"https:\/\/portalv1.com.br\/app\/wp-content\/uploads\/2020\/10\/wellington-dias-768x512.jpg","width":768,"height":512}},"data":{"simple":"27\/10\/2020","date_time":"27\/10\/2020 18:24:22","date":"h\u00e1 6 anos"},"chapeu":"Veja detalhes","source":"retirar"},"_links":{"self":[{"href":"https:\/\/portalv1.com.br\/api\/wp\/v2\/posts\/88919","targetHints":{"allow":["GET"]}}],"collection":[{"href":"https:\/\/portalv1.com.br\/api\/wp\/v2\/posts"}],"about":[{"href":"https:\/\/portalv1.com.br\/api\/wp\/v2\/types\/post"}],"author":[{"embeddable":true,"href":"https:\/\/portalv1.com.br\/api\/wp\/v2\/users\/1"}],"replies":[{"embeddable":true,"href":"https:\/\/portalv1.com.br\/api\/wp\/v2\/comments?post=88919"}],"version-history":[{"count":0,"href":"https:\/\/portalv1.com.br\/api\/wp\/v2\/posts\/88919\/revisions"}],"wp:featuredmedia":[{"embeddable":true,"href":"https:\/\/portalv1.com.br\/api\/wp\/v2\/media\/88920"}],"wp:attachment":[{"href":"https:\/\/portalv1.com.br\/api\/wp\/v2\/media?parent=88919"}],"wp:term":[{"taxonomy":"category","embeddable":true,"href":"https:\/\/portalv1.com.br\/api\/wp\/v2\/categories?post=88919"},{"taxonomy":"post_tag","embeddable":true,"href":"https:\/\/portalv1.com.br\/api\/wp\/v2\/tags?post=88919"}],"curies":[{"name":"wp","href":"https:\/\/api.w.org\/{rel}","templated":true}]}}