{"id":88925,"date":"2020-10-27T23:42:07","date_gmt":"2020-10-28T02:42:07","guid":{"rendered":"https:\/\/portalv1.com.br\/?p=88925"},"modified":"2020-10-30T20:40:09","modified_gmt":"2020-10-30T23:40:09","slug":"igreja-catolica-em-valenca-divulga-horarios-das-missas-de-finados","status":"publish","type":"post","link":"https:\/\/portalv1.com.br\/igreja-catolica-em-valenca-divulga-horarios-das-missas-de-finados\/","title":{"rendered":"Igreja Cat\u00f3lica em Valen\u00e7a divulga hor\u00e1rios das missas de finados"},"content":{"rendered":"<p><a href=\"https:\/\/portalv1.com.br\/app\/wp-content\/uploads\/2020\/10\/sergio-02.jpg\"><img loading=\"lazy\" decoding=\"async\" class=\"aligncenter size-full wp-image-88926\" src=\"https:\/\/portalv1.com.br\/app\/wp-content\/uploads\/2020\/10\/sergio-02.jpg\" alt=\"\" width=\"640\" height=\"480\" srcset=\"https:\/\/portalv1.com.br\/app\/wp-content\/uploads\/2020\/10\/sergio-02.jpg 640w, https:\/\/portalv1.com.br\/app\/wp-content\/uploads\/2020\/10\/sergio-02-300x225.jpg 300w\" sizes=\"auto, (max-width: 640px) 100vw, 640px\" \/><\/a>Assim como acontece todos os anos, a Igreja Cat\u00f3lica em Valen\u00e7a realizar\u00e1 duas celebra\u00e7\u00f5es na pr\u00f3xima segunda-feira, 02 de novembro, Dia de Finados. De acordo com o padre Wanderley Morais as celebra\u00e7\u00f5es ser\u00e3o realizadas \u00e0s 06 da manha e \u00e0s 17h no Cemit\u00e9rio S\u00e3o Benedito.<\/p>\n<p>Nessa semana \u00e9 comum pessoas visitarem o cemit\u00e9rio para limpar e cuidar dos t\u00famulos das pessoas queridas para o grande dia. &nbsp;<\/p>\n<p><strong>Origem do Dia de Finados.<\/strong><\/p>\n<p>A origem do feriado de Finados remete ao ano 998. Antes, j\u00e1 existia o costume de se enterrar e se rezar pelos mortos, mas a data de 2 de novembro foi oficialmente institu\u00edda por um monge beneditino, Odilo de Cluny, que viveu do ano 962 ao ano 1049.<\/p>\n<p>Na data, o monge ordenou aos cl\u00e9rigos de sua abadia e a todos aqueles que seguissem a Ordem Beneditina que deveriam rezar pelas almas dos mortos. O costume se popularizou a partir do s\u00e9culo XI<\/p>\n","protected":false},"excerpt":{"rendered":"<p>Assim como acontece todos os anos, a Igreja Cat\u00f3lica em Valen\u00e7a realizar\u00e1 duas celebra\u00e7\u00f5es na pr\u00f3xima segunda-feira, 02 de novembro, Dia de Finados. De acordo com o padre Wanderley Morais&#8230;<\/p>\n","protected":false},"author":1,"featured_media":88926,"comment_status":"open","ping_status":"open","sticky":false,"template":"","format":"standard","meta":{"ngg_post_thumbnail":0,"footnotes":""},"categories":[12],"tags":[],"class_list":["post-88925","post","type-post","status-publish","format-standard","has-post-thumbnail","hentry","category-valenca-news"],"views":920,"meta_data":{"thumb":"https:\/\/portalv1.com.br\/app\/wp-content\/uploads\/2020\/10\/sergio-02.jpg","imagem":{"fullsize":{"url":"https:\/\/portalv1.com.br\/app\/wp-content\/uploads\/2020\/10\/sergio-02.jpg","width":640,"height":480},"medium":{"url":"https:\/\/portalv1.com.br\/app\/wp-content\/uploads\/2020\/10\/sergio-02-300x225.jpg","width":300,"height":225},"thumbnail":{"url":"https:\/\/portalv1.com.br\/app\/wp-content\/uploads\/2020\/10\/sergio-02-100x100.jpg","width":100,"height":100}},"data":{"simple":"27\/10\/2020","date_time":"27\/10\/2020 20:42:07","date":"h\u00e1 6 anos"},"chapeu":"Saiba detalhes","source":"foto_menor"},"_links":{"self":[{"href":"https:\/\/portalv1.com.br\/api\/wp\/v2\/posts\/88925","targetHints":{"allow":["GET"]}}],"collection":[{"href":"https:\/\/portalv1.com.br\/api\/wp\/v2\/posts"}],"about":[{"href":"https:\/\/portalv1.com.br\/api\/wp\/v2\/types\/post"}],"author":[{"embeddable":true,"href":"https:\/\/portalv1.com.br\/api\/wp\/v2\/users\/1"}],"replies":[{"embeddable":true,"href":"https:\/\/portalv1.com.br\/api\/wp\/v2\/comments?post=88925"}],"version-history":[{"count":0,"href":"https:\/\/portalv1.com.br\/api\/wp\/v2\/posts\/88925\/revisions"}],"wp:featuredmedia":[{"embeddable":true,"href":"https:\/\/portalv1.com.br\/api\/wp\/v2\/media\/88926"}],"wp:attachment":[{"href":"https:\/\/portalv1.com.br\/api\/wp\/v2\/media?parent=88925"}],"wp:term":[{"taxonomy":"category","embeddable":true,"href":"https:\/\/portalv1.com.br\/api\/wp\/v2\/categories?post=88925"},{"taxonomy":"post_tag","embeddable":true,"href":"https:\/\/portalv1.com.br\/api\/wp\/v2\/tags?post=88925"}],"curies":[{"name":"wp","href":"https:\/\/api.w.org\/{rel}","templated":true}]}}