{"id":88937,"date":"2020-10-29T23:02:49","date_gmt":"2020-10-30T02:02:49","guid":{"rendered":"https:\/\/portalv1.com.br\/?p=88937"},"modified":"2020-11-01T11:21:51","modified_gmt":"2020-11-01T14:21:51","slug":"comite-do-prodeter-do-banco-do-nordeste-realiza-reuniao-em-valenca","status":"publish","type":"post","link":"https:\/\/portalv1.com.br\/comite-do-prodeter-do-banco-do-nordeste-realiza-reuniao-em-valenca\/","title":{"rendered":"Comit\u00ea do Prodeter do Banco do Nordeste realiza reuni\u00e3o em Valen\u00e7a"},"content":{"rendered":"<p>O coordenador do Comit\u00ea Gestor Territorial do PRODETER da Ovinocaprinocultura do Territ\u00f3rio do Vale do Sambito, o agente de desenvolvimento do BNB, Bononi Rodrigues, esteve \u00e0 frente de mais uma reuni\u00e3o do comit\u00ea gestor na tarde da \u00faltima ter\u00e7a-feira (27).<\/p>\n<p>A 3\u00aa reuni\u00e3o bimestral contou com a participa\u00e7\u00e3o dos agentes de Valen\u00e7a, Aroazes e Elesb\u00e3o Veloso e aconteceu de forma virtual devido a pandemia da Covid-19.<\/p>\n<p>O PRODETER \u00e9 um programa de desenvolvimento territorial do Banco do Nordeste que tem como objetivo geral contribuir para o desenvolvimento territorial e local por meio da organiza\u00e7\u00e3o, fortalecimento e eleva\u00e7\u00e3o da competitividade das atividades econ\u00f4micas da regi\u00e3o financiadas pelo Banco do Nordeste.<\/p>\n<p>A reuni\u00e3o teve como objetivo a discurs\u00e3o, avalia\u00e7\u00e3o e monitoramento das a\u00e7\u00f5es do Plano de A\u00e7\u00e3o Territorial, assim como incentivar a realiza\u00e7\u00e3o de novos neg\u00f3cios juntos aos clientes da ovinocaprinocultura e participantes do PRODETER na regi\u00e3o.<\/p>\n<p>O comit\u00ea gestor \u00e9 formado por Valen\u00e7a: Francisco Gabriel Filho (Secretaria de Agricultura) e Totozinho (STR) de Valen\u00e7a; Elesb\u00e3o Veloso: Jo\u00e3o de Deus (Secretaria de Agricultura) e Evaldo Dantas (EMATER) e Aroazes: Lindomar e Cinobilino (EMATER). A coordena\u00e7\u00e3o geral \u00e9 do agente de desenvolvimento do BNB, Benoni Rodrigues.<a href=\"https:\/\/portalv1.com.br\/app\/wp-content\/uploads\/2020\/10\/er.jpg\"><img loading=\"lazy\" decoding=\"async\" class=\"aligncenter size-full wp-image-88939\" src=\"https:\/\/portalv1.com.br\/app\/wp-content\/uploads\/2020\/10\/er.jpg\" alt=\"\" width=\"467\" height=\"720\" srcset=\"https:\/\/portalv1.com.br\/app\/wp-content\/uploads\/2020\/10\/er.jpg 467w, https:\/\/portalv1.com.br\/app\/wp-content\/uploads\/2020\/10\/er-300x463.jpg 300w\" sizes=\"auto, (max-width: 467px) 100vw, 467px\" \/><\/a><\/p>\n","protected":false},"excerpt":{"rendered":"<p>O coordenador do Comit\u00ea Gestor Territorial do PRODETER da Ovinocaprinocultura do Territ\u00f3rio do Vale do Sambito, o agente de desenvolvimento do BNB, Bononi Rodrigues, esteve \u00e0 frente de mais uma&#8230;<\/p>\n","protected":false},"author":1,"featured_media":88939,"comment_status":"open","ping_status":"open","sticky":false,"template":"","format":"standard","meta":{"ngg_post_thumbnail":0,"footnotes":""},"categories":[12],"tags":[],"class_list":["post-88937","post","type-post","status-publish","format-standard","has-post-thumbnail","hentry","category-valenca-news"],"views":1238,"meta_data":{"thumb":"https:\/\/portalv1.com.br\/app\/wp-content\/uploads\/2020\/10\/er.jpg","imagem":{"fullsize":{"url":"https:\/\/portalv1.com.br\/app\/wp-content\/uploads\/2020\/10\/er.jpg","width":467,"height":720},"medium":{"url":"https:\/\/portalv1.com.br\/app\/wp-content\/uploads\/2020\/10\/er-300x463.jpg","width":300,"height":463},"thumbnail":{"url":"https:\/\/portalv1.com.br\/app\/wp-content\/uploads\/2020\/10\/er-100x100.jpg","width":100,"height":100}},"data":{"simple":"29\/10\/2020","date_time":"29\/10\/2020 20:02:49","date":"h\u00e1 6 anos"},"chapeu":"Veja os detalhes ","source":"foto_menor"},"_links":{"self":[{"href":"https:\/\/portalv1.com.br\/api\/wp\/v2\/posts\/88937","targetHints":{"allow":["GET"]}}],"collection":[{"href":"https:\/\/portalv1.com.br\/api\/wp\/v2\/posts"}],"about":[{"href":"https:\/\/portalv1.com.br\/api\/wp\/v2\/types\/post"}],"author":[{"embeddable":true,"href":"https:\/\/portalv1.com.br\/api\/wp\/v2\/users\/1"}],"replies":[{"embeddable":true,"href":"https:\/\/portalv1.com.br\/api\/wp\/v2\/comments?post=88937"}],"version-history":[{"count":0,"href":"https:\/\/portalv1.com.br\/api\/wp\/v2\/posts\/88937\/revisions"}],"wp:featuredmedia":[{"embeddable":true,"href":"https:\/\/portalv1.com.br\/api\/wp\/v2\/media\/88939"}],"wp:attachment":[{"href":"https:\/\/portalv1.com.br\/api\/wp\/v2\/media?parent=88937"}],"wp:term":[{"taxonomy":"category","embeddable":true,"href":"https:\/\/portalv1.com.br\/api\/wp\/v2\/categories?post=88937"},{"taxonomy":"post_tag","embeddable":true,"href":"https:\/\/portalv1.com.br\/api\/wp\/v2\/tags?post=88937"}],"curies":[{"name":"wp","href":"https:\/\/api.w.org\/{rel}","templated":true}]}}