{"id":89175,"date":"2020-11-17T17:48:02","date_gmt":"2020-11-17T20:48:02","guid":{"rendered":"https:\/\/portalv1.com.br\/?p=89175"},"modified":"2020-11-17T18:03:23","modified_gmt":"2020-11-17T21:03:23","slug":"lucia-lacerda-agradece-votacao-e-diz-que-o-trabalha-continua","status":"publish","type":"post","link":"https:\/\/portalv1.com.br\/lucia-lacerda-agradece-votacao-e-diz-que-o-trabalha-continua\/","title":{"rendered":"Lucia Lacerda agradece vota\u00e7\u00e3o e diz que o trabalho continua"},"content":{"rendered":"<p>A prefeita eleita de Pimenteiras, L\u00facia Lacerda, disse que a vit\u00f3ria desse domingo (15) mostra que a maioria da popula\u00e7\u00e3o pimenteirense aprova a gest\u00e3o que vem sendo feita no munic\u00edpio desde 2012 quando o prefeito Venicio do \u00d3 e ela como vice-prefeita foram eleitos.<\/p>\n<p>No \u00faltimo domingo, a chapa L\u00facia Lacerda e Rogerio Caetano recebeu 4.355 votos ou 59,23% dos votos v\u00e1lidos, uma vit\u00f3ria que mostra que a popula\u00e7\u00e3o quer continuar com o modelo administrativo atual. &nbsp;<\/p>\n<p>\u201cEssa vota\u00e7\u00e3o expressiva mostra que a maioria da nossa popula\u00e7\u00e3o aprova a gest\u00e3o Venicio do \u00d3 e L\u00facia Lacerda. Tenho certeza que com a ajuda dos nossos vereadores eleitos e n\u00e3o eleitos, das nossas lideran\u00e7as e do nosso prefeito Venicio do \u00d3 entregaremos uma Pimenteiras ainda mais prospera e feliz\u2019\u2019.<\/p>\n<p>L\u00facia Lacerda pediu que passado as comemora\u00e7\u00f5es a hora \u00e9 de continuar trabalhando.<\/p>\n<p>\u201cTodos sabem o quanto me dedico a Pimenteiras, a elei\u00e7\u00e3o j\u00e1 passou vamos continuar trabalhando por Pimenteiras, por isso pe\u00e7o que todos indistintamente continuem ajudando e dando o seu melhor por nossa amada Pimenteiras\u201d, afirmou.<a href=\"https:\/\/portalv1.com.br\/app\/wp-content\/uploads\/2020\/11\/lucia-1.jpg\"><img loading=\"lazy\" decoding=\"async\" class=\"aligncenter size-large wp-image-89176\" src=\"https:\/\/portalv1.com.br\/app\/wp-content\/uploads\/2020\/11\/lucia-1-640x640.jpg\" alt=\"\" width=\"640\" height=\"640\" srcset=\"https:\/\/portalv1.com.br\/app\/wp-content\/uploads\/2020\/11\/lucia-1-640x640.jpg 640w, https:\/\/portalv1.com.br\/app\/wp-content\/uploads\/2020\/11\/lucia-1-300x300.jpg 300w, https:\/\/portalv1.com.br\/app\/wp-content\/uploads\/2020\/11\/lucia-1-100x100.jpg 100w, https:\/\/portalv1.com.br\/app\/wp-content\/uploads\/2020\/11\/lucia-1-768x768.jpg 768w, https:\/\/portalv1.com.br\/app\/wp-content\/uploads\/2020\/11\/lucia-1.jpg 1080w\" sizes=\"auto, (max-width: 640px) 100vw, 640px\" \/><\/a><\/p>\n","protected":false},"excerpt":{"rendered":"<p>A prefeita eleita de Pimenteiras, L\u00facia Lacerda, disse que a vit\u00f3ria desse domingo (15) mostra que a maioria da popula\u00e7\u00e3o pimenteirense aprova a gest\u00e3o que vem sendo feita no munic\u00edpio&#8230;<\/p>\n","protected":false},"author":1,"featured_media":89176,"comment_status":"open","ping_status":"open","sticky":false,"template":"","format":"standard","meta":{"ngg_post_thumbnail":0,"footnotes":""},"categories":[12],"tags":[],"class_list":["post-89175","post","type-post","status-publish","format-standard","has-post-thumbnail","hentry","category-valenca-news"],"views":399,"meta_data":{"thumb":"https:\/\/portalv1.com.br\/app\/wp-content\/uploads\/2020\/11\/lucia-1.jpg","imagem":{"fullsize":{"url":"https:\/\/portalv1.com.br\/app\/wp-content\/uploads\/2020\/11\/lucia-1.jpg","width":1080,"height":1080},"medium":{"url":"https:\/\/portalv1.com.br\/app\/wp-content\/uploads\/2020\/11\/lucia-1-300x300.jpg","width":300,"height":300},"large":{"url":"https:\/\/portalv1.com.br\/app\/wp-content\/uploads\/2020\/11\/lucia-1-640x640.jpg","width":640,"height":640},"thumbnail":{"url":"https:\/\/portalv1.com.br\/app\/wp-content\/uploads\/2020\/11\/lucia-1-100x100.jpg","width":100,"height":100},"medium_large":{"url":"https:\/\/portalv1.com.br\/app\/wp-content\/uploads\/2020\/11\/lucia-1-768x768.jpg","width":768,"height":768}},"data":{"simple":"17\/11\/2020","date_time":"17\/11\/2020 14:48:02","date":"h\u00e1 5 anos"},"chapeu":"Veja os detalhes ","source":"slide"},"_links":{"self":[{"href":"https:\/\/portalv1.com.br\/api\/wp\/v2\/posts\/89175","targetHints":{"allow":["GET"]}}],"collection":[{"href":"https:\/\/portalv1.com.br\/api\/wp\/v2\/posts"}],"about":[{"href":"https:\/\/portalv1.com.br\/api\/wp\/v2\/types\/post"}],"author":[{"embeddable":true,"href":"https:\/\/portalv1.com.br\/api\/wp\/v2\/users\/1"}],"replies":[{"embeddable":true,"href":"https:\/\/portalv1.com.br\/api\/wp\/v2\/comments?post=89175"}],"version-history":[{"count":0,"href":"https:\/\/portalv1.com.br\/api\/wp\/v2\/posts\/89175\/revisions"}],"wp:featuredmedia":[{"embeddable":true,"href":"https:\/\/portalv1.com.br\/api\/wp\/v2\/media\/89176"}],"wp:attachment":[{"href":"https:\/\/portalv1.com.br\/api\/wp\/v2\/media?parent=89175"}],"wp:term":[{"taxonomy":"category","embeddable":true,"href":"https:\/\/portalv1.com.br\/api\/wp\/v2\/categories?post=89175"},{"taxonomy":"post_tag","embeddable":true,"href":"https:\/\/portalv1.com.br\/api\/wp\/v2\/tags?post=89175"}],"curies":[{"name":"wp","href":"https:\/\/api.w.org\/{rel}","templated":true}]}}