{"id":89210,"date":"2020-11-20T08:44:30","date_gmt":"2020-11-20T11:44:30","guid":{"rendered":"https:\/\/portalv1.com.br\/?p=89210"},"modified":"2020-11-20T08:44:30","modified_gmt":"2020-11-20T11:44:30","slug":"sem-alcancar-meta-campanha-de-vacinacao-e-prorrogada-ate-o-dia-30","status":"publish","type":"post","link":"https:\/\/portalv1.com.br\/sem-alcancar-meta-campanha-de-vacinacao-e-prorrogada-ate-o-dia-30\/","title":{"rendered":"Sem alcan\u00e7ar meta, campanha de vacina\u00e7\u00e3o \u00e9 prorrogada at\u00e9 o dia 30"},"content":{"rendered":"<p><a href=\"https:\/\/portalv1.com.br\/app\/wp-content\/uploads\/2020\/11\/04c31521daa4a75c56e89db0bba5e463.jpg\"><img loading=\"lazy\" decoding=\"async\" class=\"aligncenter size-large wp-image-89211\" src=\"https:\/\/portalv1.com.br\/app\/wp-content\/uploads\/2020\/11\/04c31521daa4a75c56e89db0bba5e463-640x427.jpg\" alt=\"\" width=\"640\" height=\"427\" srcset=\"https:\/\/portalv1.com.br\/app\/wp-content\/uploads\/2020\/11\/04c31521daa4a75c56e89db0bba5e463-640x427.jpg 640w, https:\/\/portalv1.com.br\/app\/wp-content\/uploads\/2020\/11\/04c31521daa4a75c56e89db0bba5e463-300x200.jpg 300w, https:\/\/portalv1.com.br\/app\/wp-content\/uploads\/2020\/11\/04c31521daa4a75c56e89db0bba5e463-768x512.jpg 768w, https:\/\/portalv1.com.br\/app\/wp-content\/uploads\/2020\/11\/04c31521daa4a75c56e89db0bba5e463.jpg 790w\" sizes=\"auto, (max-width: 640px) 100vw, 640px\" \/><\/a>A Campanha Nacional de Vacina\u00e7\u00e3o contra a Poliomielite e multivacina\u00e7\u00e3o foi prorrogada at\u00e9 dia 30 de novembro por causa da baixa cobertura vacinal no Estado do Piau\u00ed. De acordo com a Secretaria de Estado da Sa\u00fade (Sesapi), o objetivo da campanha \u00e9 imunizar a popula\u00e7\u00e3o alvo e contribuir para a redu\u00e7\u00e3o do risco de reintrodu\u00e7\u00e3o do poliov\u00edrus selvagem, mantendo o pa\u00eds livre da doen\u00e7a.<\/p>\n<p>A meta do Estado \u00e9 vacinar 198.921 crian\u00e7as a partir de 12 meses e menores de cinco anos de idade. At\u00e9 agora, s\u00f3 atingiu 55,04% desta meta, \u00edndice bem abaixo do estipulado pelo Minist\u00e9rio da Sa\u00fade. Em rela\u00e7\u00e3o \u00e0 multivacina\u00e7\u00e3o, a meta \u00e9 atualizar a caderneta de vacina\u00e7\u00e3o das crian\u00e7as e adolescentes menores de 15 anos de idade e tamb\u00e9m atualizar a situa\u00e7\u00e3o vacinal da popula\u00e7\u00e3o da faixa et\u00e1ria de 20 a 49 anos.<\/p>\n<p>Todas as crian\u00e7as de um a menores de cinco anos devem receber a gotinha da Vacina Oral Poliomielite (VOP), inclusive as que estejam com a carteira de vacina\u00e7\u00e3o em dia. A Poliomielite, tamb\u00e9m chamada de p\u00f3lio ou paralisia infantil, \u00e9 uma doen\u00e7a contagiosa aguda causada pelo poliov\u00edrus, que pode infectar crian\u00e7as e adultos por meio do contato direto com fezes ou com secre\u00e7\u00f5es eliminadas pela boca das pessoas doentes e provocar ou n\u00e3o paralisia.<\/p>\n<p>Nos casos graves, em que acontecem as paralisias musculares, os membros inferiores s\u00e3o os mais atingidos. A vacina\u00e7\u00e3o \u00e9 a \u00fanica forma de preven\u00e7\u00e3o. A doen\u00e7a permanece end\u00eamica em tr\u00eas pa\u00edses: Afeganist\u00e3o, Nig\u00e9ria e Paquist\u00e3o, com registro de 12 casos. Nenhum confirmado nas Am\u00e9ricas. Como resultado da intensifica\u00e7\u00e3o da vacina\u00e7\u00e3o, no Brasil n\u00e3o h\u00e1 circula\u00e7\u00e3o de poliov\u00edrus selvagem (da poliomielite) desde 1990.<\/p>\n","protected":false},"excerpt":{"rendered":"<p>A Campanha Nacional de Vacina\u00e7\u00e3o contra a Poliomielite e multivacina\u00e7\u00e3o foi prorrogada at\u00e9 dia 30 de novembro por causa da baixa cobertura vacinal no Estado do Piau\u00ed. De acordo com&#8230;<\/p>\n","protected":false},"author":1,"featured_media":89211,"comment_status":"open","ping_status":"open","sticky":false,"template":"","format":"standard","meta":{"ngg_post_thumbnail":0,"footnotes":""},"categories":[12],"tags":[],"class_list":["post-89210","post","type-post","status-publish","format-standard","has-post-thumbnail","hentry","category-valenca-news"],"views":285,"meta_data":{"thumb":"https:\/\/portalv1.com.br\/app\/wp-content\/uploads\/2020\/11\/04c31521daa4a75c56e89db0bba5e463.jpg","imagem":{"fullsize":{"url":"https:\/\/portalv1.com.br\/app\/wp-content\/uploads\/2020\/11\/04c31521daa4a75c56e89db0bba5e463.jpg","width":790,"height":527},"medium":{"url":"https:\/\/portalv1.com.br\/app\/wp-content\/uploads\/2020\/11\/04c31521daa4a75c56e89db0bba5e463-300x200.jpg","width":300,"height":200},"large":{"url":"https:\/\/portalv1.com.br\/app\/wp-content\/uploads\/2020\/11\/04c31521daa4a75c56e89db0bba5e463-640x427.jpg","width":640,"height":427},"thumbnail":{"url":"https:\/\/portalv1.com.br\/app\/wp-content\/uploads\/2020\/11\/04c31521daa4a75c56e89db0bba5e463-100x100.jpg","width":100,"height":100},"medium_large":{"url":"https:\/\/portalv1.com.br\/app\/wp-content\/uploads\/2020\/11\/04c31521daa4a75c56e89db0bba5e463-768x512.jpg","width":768,"height":512}},"data":{"simple":"20\/11\/2020","date_time":"20\/11\/2020 05:44:30","date":"h\u00e1 5 anos"},"chapeu":"Veja os detalhes ","source":"m_destacada"},"_links":{"self":[{"href":"https:\/\/portalv1.com.br\/api\/wp\/v2\/posts\/89210","targetHints":{"allow":["GET"]}}],"collection":[{"href":"https:\/\/portalv1.com.br\/api\/wp\/v2\/posts"}],"about":[{"href":"https:\/\/portalv1.com.br\/api\/wp\/v2\/types\/post"}],"author":[{"embeddable":true,"href":"https:\/\/portalv1.com.br\/api\/wp\/v2\/users\/1"}],"replies":[{"embeddable":true,"href":"https:\/\/portalv1.com.br\/api\/wp\/v2\/comments?post=89210"}],"version-history":[{"count":0,"href":"https:\/\/portalv1.com.br\/api\/wp\/v2\/posts\/89210\/revisions"}],"wp:featuredmedia":[{"embeddable":true,"href":"https:\/\/portalv1.com.br\/api\/wp\/v2\/media\/89211"}],"wp:attachment":[{"href":"https:\/\/portalv1.com.br\/api\/wp\/v2\/media?parent=89210"}],"wp:term":[{"taxonomy":"category","embeddable":true,"href":"https:\/\/portalv1.com.br\/api\/wp\/v2\/categories?post=89210"},{"taxonomy":"post_tag","embeddable":true,"href":"https:\/\/portalv1.com.br\/api\/wp\/v2\/tags?post=89210"}],"curies":[{"name":"wp","href":"https:\/\/api.w.org\/{rel}","templated":true}]}}