{"id":89339,"date":"2020-12-05T11:55:57","date_gmt":"2020-12-05T14:55:57","guid":{"rendered":"https:\/\/portalv1.com.br\/?p=89339"},"modified":"2020-12-07T11:44:11","modified_gmt":"2020-12-07T14:44:11","slug":"suspeito-de-trafico-de-drogas-e-preso-em-valenca-durante-acao-da-forca-tatica","status":"publish","type":"post","link":"https:\/\/portalv1.com.br\/suspeito-de-trafico-de-drogas-e-preso-em-valenca-durante-acao-da-forca-tatica\/","title":{"rendered":"Suspeito de trafico de drogas \u00e9 preso em Valen\u00e7a durante a\u00e7\u00e3o da For\u00e7a T\u00e1tica"},"content":{"rendered":"<p><a href=\"https:\/\/portalv1.com.br\/app\/wp-content\/uploads\/2020\/12\/forca-tatica.jpg\"><img loading=\"lazy\" decoding=\"async\" class=\"aligncenter size-large wp-image-89340\" src=\"https:\/\/portalv1.com.br\/app\/wp-content\/uploads\/2020\/12\/forca-tatica-640x480.jpg\" alt=\"\" width=\"640\" height=\"480\" srcset=\"https:\/\/portalv1.com.br\/app\/wp-content\/uploads\/2020\/12\/forca-tatica-640x480.jpg 640w, https:\/\/portalv1.com.br\/app\/wp-content\/uploads\/2020\/12\/forca-tatica-300x225.jpg 300w, https:\/\/portalv1.com.br\/app\/wp-content\/uploads\/2020\/12\/forca-tatica-768x576.jpg 768w, https:\/\/portalv1.com.br\/app\/wp-content\/uploads\/2020\/12\/forca-tatica.jpg 960w\" sizes=\"auto, (max-width: 640px) 100vw, 640px\" \/><\/a>Durante a\u00e7\u00f5es de policiamento ostensivo na noite desta sexta-feira (05), na PI 120, sentido Novo Oriente, equipes da For\u00e7a T\u00e1tica lavraram Termo Circunstanciado de Ocorr\u00eancia (TCO) em desfavor de F.W.S.N, 20 anos de idade, por posse de subst\u00e2ncia an\u00e1loga a maconha.<\/p>\n<p>Dando continuidade, os policiais lavraram um TCO por porte de arma branca em desfavor de L.F.T.S, 23 anos de idade, fato ocorrido nas proximidades do cemit\u00e9rio do bairro Vale Verde.<\/p>\n<p>Ainda no mesmo bairro, os taticanos flagraram um homem de iniciais M.B.S, 42 anos de idade, suspeito de tr\u00e1fico de drogas. Com o mesmo, foi encontrado 04 por\u00e7\u00f5es de subst\u00e2ncia an\u00e1loga a coca\u00edna, al\u00e9m de dinheiro trocado.<\/p>\n<p>M.BS era acompanhado pela Intelig\u00eancia da unidade, e suspeito de envolvimento com a\u00e7\u00f5es de trafic\u00e2ncia em Valen\u00e7a. Em raz\u00e3o do flagrante, foi conduzido \u00e0 Delegacia de Pol\u00edcia Civil.<\/p>\n<p>Duas equipes da For\u00e7a T\u00e1tica foram empregadas, e al\u00e9m dos procedimentos acima informados, foram realizadas abordagens a pessoas e ve\u00edculos, visando a preven\u00e7\u00e3o de crimes.<\/p>\n<p>Conforme o Comandante da Companhia de Valen\u00e7a, Tenente Andr\u00e9, a\u00e7\u00f5es desta natureza ocorrem diariamente com a finalidade de prevenir crimes das mais diversas modalidades.<\/p>\n","protected":false},"excerpt":{"rendered":"<p>Durante a\u00e7\u00f5es de policiamento ostensivo na noite desta sexta-feira (05), na PI 120, sentido Novo Oriente, equipes da For\u00e7a T\u00e1tica lavraram Termo Circunstanciado de Ocorr\u00eancia (TCO) em desfavor de F.W.S.N,&#8230;<\/p>\n","protected":false},"author":1,"featured_media":89340,"comment_status":"open","ping_status":"open","sticky":false,"template":"","format":"standard","meta":{"ngg_post_thumbnail":0,"footnotes":""},"categories":[12],"tags":[],"class_list":["post-89339","post","type-post","status-publish","format-standard","has-post-thumbnail","hentry","category-valenca-news"],"views":1399,"meta_data":{"thumb":"https:\/\/portalv1.com.br\/app\/wp-content\/uploads\/2020\/12\/forca-tatica.jpg","imagem":{"fullsize":{"url":"https:\/\/portalv1.com.br\/app\/wp-content\/uploads\/2020\/12\/forca-tatica.jpg","width":960,"height":720},"medium":{"url":"https:\/\/portalv1.com.br\/app\/wp-content\/uploads\/2020\/12\/forca-tatica-300x225.jpg","width":300,"height":225},"large":{"url":"https:\/\/portalv1.com.br\/app\/wp-content\/uploads\/2020\/12\/forca-tatica-640x480.jpg","width":640,"height":480},"thumbnail":{"url":"https:\/\/portalv1.com.br\/app\/wp-content\/uploads\/2020\/12\/forca-tatica-100x100.jpg","width":100,"height":100},"medium_large":{"url":"https:\/\/portalv1.com.br\/app\/wp-content\/uploads\/2020\/12\/forca-tatica-768x576.jpg","width":768,"height":576}},"data":{"simple":"05\/12\/2020","date_time":"05\/12\/2020 08:55:57","date":"h\u00e1 5 anos"},"chapeu":"Ronda Policial ","source":"foto_menor"},"_links":{"self":[{"href":"https:\/\/portalv1.com.br\/api\/wp\/v2\/posts\/89339","targetHints":{"allow":["GET"]}}],"collection":[{"href":"https:\/\/portalv1.com.br\/api\/wp\/v2\/posts"}],"about":[{"href":"https:\/\/portalv1.com.br\/api\/wp\/v2\/types\/post"}],"author":[{"embeddable":true,"href":"https:\/\/portalv1.com.br\/api\/wp\/v2\/users\/1"}],"replies":[{"embeddable":true,"href":"https:\/\/portalv1.com.br\/api\/wp\/v2\/comments?post=89339"}],"version-history":[{"count":0,"href":"https:\/\/portalv1.com.br\/api\/wp\/v2\/posts\/89339\/revisions"}],"wp:featuredmedia":[{"embeddable":true,"href":"https:\/\/portalv1.com.br\/api\/wp\/v2\/media\/89340"}],"wp:attachment":[{"href":"https:\/\/portalv1.com.br\/api\/wp\/v2\/media?parent=89339"}],"wp:term":[{"taxonomy":"category","embeddable":true,"href":"https:\/\/portalv1.com.br\/api\/wp\/v2\/categories?post=89339"},{"taxonomy":"post_tag","embeddable":true,"href":"https:\/\/portalv1.com.br\/api\/wp\/v2\/tags?post=89339"}],"curies":[{"name":"wp","href":"https:\/\/api.w.org\/{rel}","templated":true}]}}