{"id":89388,"date":"2020-12-07T11:43:25","date_gmt":"2020-12-07T14:43:25","guid":{"rendered":"https:\/\/portalv1.com.br\/?p=89388"},"modified":"2020-12-09T22:02:54","modified_gmt":"2020-12-10T01:02:54","slug":"diplomacao-dos-eleitos-em-lagoa-do-sitio-e-pimenteiras-nao-sera-presencial","status":"publish","type":"post","link":"https:\/\/portalv1.com.br\/diplomacao-dos-eleitos-em-lagoa-do-sitio-e-pimenteiras-nao-sera-presencial\/","title":{"rendered":"Diploma\u00e7\u00e3o dos eleitos em Lagoa do Sitio e Pimenteiras n\u00e3o ter\u00e1 solenidade"},"content":{"rendered":"<p>A 89\u00aa Zona Eleitoral (Lagoa do Sitio e Pimenteiras) baixou o edital informando que n\u00e3o realizar\u00e1 a tradicional solenidade de diploma\u00e7\u00e3o dos eleitos da elei\u00e7\u00e3o de 15 de novembro \u00faltimo devido a pandemia.<\/p>\n<p>Com isso os eleitos e suplentes das duas cidades ter\u00e3o que pegar seus diplomas na sede da 89\u00aa Zona Eleitoral.<\/p>\n<p>\u201cEm face da pandemia causada pelo v\u00edrus Sars-COVID-2 (COVID-19) e das restri\u00e7\u00f5es impostas pelo Decreto Estadual n\u00ba 19.040\/2020, a Junta Eleitoral da 89\u00aa Zona Eleitoral do Piau\u00ed, ao contr\u00e1rio de elei\u00e7\u00f5es anteriores, n\u00e3o realizar\u00e1 audi\u00eancia p\u00fablica para diploma\u00e7\u00e3o dos candidatos eleitos nas Elei\u00e7\u00f5es Municipais 2020 no \u00e2mbito desta Zona, como medida para evitar agravamento do risco de dissemina\u00e7\u00e3o do COVID-19\u201d justificou o juiz eleitoral Dr. Franco Morette.<\/p>\n<p>Ele informou ainda que os diplomas estar\u00e3o \u00e0 disposi\u00e7\u00e3o a partir do dia 17 de dezembro. \u201cOs DIPLOMAS dos candidatos eleitos e dos suplentes ser\u00e3o expedidos no dia 17\/12\/2020 e ser\u00e3o entregues no hor\u00e1rio de 09:00 \u00e0s 14:00 horas na sede do Cart\u00f3rio Eleitoral da 89.\u00aa Zona, em Valen\u00e7a do Piau\u00ed\u201d disse.<\/p>\n<p>A diploma\u00e7\u00e3o \u00e9 o ato formal que encerra o processo eleitoral e habilita o eleito &#8211; prefeito, vice-prefeito e vereadores a tomar posse no seu respectivo cargo. A posse \u00e9 de responsabilidade da C\u00e2mara de Vereadores.<\/p>\n<p><strong>CANDIDATOS ELEITOS E SUPLENTES DIPLOMADOS<\/strong><\/p>\n<p><strong>LAGOA DO S\u00cdTIO:<\/strong><\/p>\n<p>JOS\u00c9 S\u00c1VIO DE MOURA E SILVA &#8211; Prefeito<\/p>\n<p>ISAUR\u00cd DE MOURA MATILDES &#8211; Vice-prefeito<\/p>\n<p>FRANCISCO DE MOURA MATILDES &#8211; Vereador<\/p>\n<p>FRANCISCO DAS CHAGAS PEREIRA DE MELO &#8211; Vereador<\/p>\n<p>JO\u00c3O ADAILDO ALVES DOS REIS &#8211; Vereador<\/p>\n<p>FRANCISCO DAS CHAGAS MACIEL DA SILVA &#8211; Vereador<\/p>\n<p>PEDRO PAULO DA COSTA &#8211; Vereador<\/p>\n<p>GENIVAL FRANCISCO BEZERRA &#8211; Vereador<\/p>\n<p>ANT\u00d4NIO JOS\u00c9 DOS ANJOS &#8211; Vereador<\/p>\n<p>RA\u00c9CIO ALVES DE SOUSA &#8211; Vereador<\/p>\n<p>MANOEL FILHO DA SILVA E SOUSA &#8211; Vereador<\/p>\n<p>JOS\u00c9 DE ARIMATEIA DE SOUSA &#8211; Suplente<\/p>\n<p>MARCO ANT\u00d4NIO RABELO DE NORONHA &#8211; Suplente<\/p>\n<p><strong>PIMENTEIRAS:<\/strong><\/p>\n<p>MARIA L\u00daCIA DE LACERDA &#8211; Prefeita<\/p>\n<p>ROG\u00c9RIO TOMAZ MOTA &#8211; Vice-prefeito<\/p>\n<p>JANA\u00cdNA SOARES PEREIRA LIMA &#8211; Vereador<\/p>\n<p>FRANCINEIDE DE SOUSA PIMENTEL &#8211; Vereador<\/p>\n<p>ISRAEL GOMES DA SILVA FILHO &#8211; Vereador<\/p>\n<p>GEAN LUCAS DA SILVA MOURA &#8211; Vereador<\/p>\n<p>EDVAR JO\u00c3O DE ARA\u00daJO &#8211; Vereador<\/p>\n<p>JOS\u00c9 GALDINO LOIOLA &#8211; Vereador<\/p>\n<p>ALDE\u00cdDE DA SILVA MARTINS NOGUEIRA &#8211; Vereador<\/p>\n<p>JOS\u00c9 DE OLIVEIRA NETO &#8211; Vereador<\/p>\n<p>PAULO DAVILAN DANTAS DA SILVA &#8211; Vereador<\/p>\n<p>CARLA MARIA DE SOUSA BRITO SANTOS &#8211; Suplente<\/p>\n<p>JESS\u00c9 PEREIRA DA SILVA &#8211; Suplente<\/p>\n<p>FRANCISCO LIMA SARAIVA &#8211; Suplente<\/p>\n","protected":false},"excerpt":{"rendered":"<p>A 89\u00aa Zona Eleitoral (Lagoa do Sitio e Pimenteiras) baixou o edital informando que n\u00e3o realizar\u00e1 a tradicional solenidade de diploma\u00e7\u00e3o dos eleitos da elei\u00e7\u00e3o de 15 de novembro \u00faltimo&#8230;<\/p>\n","protected":false},"author":1,"featured_media":89389,"comment_status":"open","ping_status":"open","sticky":false,"template":"","format":"standard","meta":{"ngg_post_thumbnail":0,"footnotes":""},"categories":[12],"tags":[],"class_list":["post-89388","post","type-post","status-publish","format-standard","has-post-thumbnail","hentry","category-valenca-news"],"views":1120,"meta_data":{"thumb":"https:\/\/portalv1.com.br\/app\/wp-content\/uploads\/2020\/12\/diplomacao-Copy.jpg","imagem":{"fullsize":{"url":"https:\/\/portalv1.com.br\/app\/wp-content\/uploads\/2020\/12\/diplomacao-Copy.jpg","width":640,"height":360},"medium":{"url":"https:\/\/portalv1.com.br\/app\/wp-content\/uploads\/2020\/12\/diplomacao-Copy-300x169.jpg","width":300,"height":169},"thumbnail":{"url":"https:\/\/portalv1.com.br\/app\/wp-content\/uploads\/2020\/12\/diplomacao-Copy-100x100.jpg","width":100,"height":100}},"data":{"simple":"07\/12\/2020","date_time":"07\/12\/2020 08:43:25","date":"h\u00e1 5 anos"},"chapeu":"Dia 17 de dezembro","source":"foto_menor"},"_links":{"self":[{"href":"https:\/\/portalv1.com.br\/api\/wp\/v2\/posts\/89388","targetHints":{"allow":["GET"]}}],"collection":[{"href":"https:\/\/portalv1.com.br\/api\/wp\/v2\/posts"}],"about":[{"href":"https:\/\/portalv1.com.br\/api\/wp\/v2\/types\/post"}],"author":[{"embeddable":true,"href":"https:\/\/portalv1.com.br\/api\/wp\/v2\/users\/1"}],"replies":[{"embeddable":true,"href":"https:\/\/portalv1.com.br\/api\/wp\/v2\/comments?post=89388"}],"version-history":[{"count":0,"href":"https:\/\/portalv1.com.br\/api\/wp\/v2\/posts\/89388\/revisions"}],"wp:featuredmedia":[{"embeddable":true,"href":"https:\/\/portalv1.com.br\/api\/wp\/v2\/media\/89389"}],"wp:attachment":[{"href":"https:\/\/portalv1.com.br\/api\/wp\/v2\/media?parent=89388"}],"wp:term":[{"taxonomy":"category","embeddable":true,"href":"https:\/\/portalv1.com.br\/api\/wp\/v2\/categories?post=89388"},{"taxonomy":"post_tag","embeddable":true,"href":"https:\/\/portalv1.com.br\/api\/wp\/v2\/tags?post=89388"}],"curies":[{"name":"wp","href":"https:\/\/api.w.org\/{rel}","templated":true}]}}