{"id":89390,"date":"2020-12-07T13:10:43","date_gmt":"2020-12-07T16:10:43","guid":{"rendered":"https:\/\/portalv1.com.br\/?p=89390"},"modified":"2020-12-07T13:12:08","modified_gmt":"2020-12-07T16:12:08","slug":"wellington-dias-inaugura-sede-do-piaui-conectado","status":"publish","type":"post","link":"https:\/\/portalv1.com.br\/wellington-dias-inaugura-sede-do-piaui-conectado\/","title":{"rendered":"Wellington Dias inaugura sede do Piau\u00ed Conectado"},"content":{"rendered":"<p><a href=\"https:\/\/portalv1.com.br\/app\/wp-content\/uploads\/2020\/12\/w-dias.jpg\"><img loading=\"lazy\" decoding=\"async\" class=\"aligncenter size-large wp-image-89391\" src=\"https:\/\/portalv1.com.br\/app\/wp-content\/uploads\/2020\/12\/w-dias-640x427.jpg\" alt=\"\" width=\"640\" height=\"427\" srcset=\"https:\/\/portalv1.com.br\/app\/wp-content\/uploads\/2020\/12\/w-dias-640x427.jpg 640w, https:\/\/portalv1.com.br\/app\/wp-content\/uploads\/2020\/12\/w-dias-300x200.jpg 300w, https:\/\/portalv1.com.br\/app\/wp-content\/uploads\/2020\/12\/w-dias-768x512.jpg 768w, https:\/\/portalv1.com.br\/app\/wp-content\/uploads\/2020\/12\/w-dias.jpg 1020w\" sizes=\"auto, (max-width: 640px) 100vw, 640px\" \/><\/a>O governador Wellington Dias inaugurou, nesta segunda-feira (7), o Centro de Controle e Inova\u00e7\u00e3o da Piau\u00ed Conectado, um espa\u00e7o inovador, localizado no bairro S\u00e3o Pedro, zona sul de Teresina, com uma das estruturas mais modernas do estado, ambiente onde todos os servi\u00e7os de rede do Governo do Estado ser\u00e3o monitorados 24 horas por dia.<\/p>\n<p>Com mais de 1.500m\u00b2 de \u00e1rea constru\u00edda, um investimento de cerca de R$ 15 milh\u00f5es. O novo espa\u00e7o da Piau\u00ed Conectado tamb\u00e9m abriga o data center Tier III, o mais moderno do estado. Funcionando como o centro nervoso do projeto, a estrutura armazena todos os dados e \u00e9 respons\u00e1vel por transmitir toda a comunica\u00e7\u00e3o de rede e internet para a administra\u00e7\u00e3o p\u00fablica estadual.<\/p>\n<p>\u201cEstamos diante de uma inova\u00e7\u00e3o, \u00e9 uma modelagem de parceria p\u00fablico-privada in\u00e9dita para o Brasil. Temos, hoje, 101 munic\u00edpios onde a fibra \u00f3tica j\u00e1 chegou, isto \u00e9, temos conex\u00e3o de alta velocidade para lugares que antes n\u00e3o se conseguia 1 MB. Ent\u00e3o, isso muda o setor p\u00fablico e privado, permitindo tele-educa\u00e7\u00e3o, telemedicina, teleseguran\u00e7a, telecom\u00e9rcio, \u00e9 velocidade em todos os sentidos para as pessoas f\u00edsicas e jur\u00eddicas, por isso essa sede \u00e9 t\u00e3o importante e torna a Piau\u00ed Conectado refer\u00eancia para o Nordeste e para o Brasil\u201d, destacou Wellington.<\/p>\n<p>A Piau\u00ed Conectado possui contrato na modalidade de Parceria P\u00fablico-Privada (PPP) com o Governo do Estado, por meio da Ag\u00eancia de Tecnologia da Informa\u00e7\u00e3o do Estado (ATI-PI) e da Superintend\u00eancia de Parcerias e Concess\u00f5es (Suparc).<\/p>\n<p>De acordo com a superintendente de Parcerias e Concess\u00f5es do Estado, Viviane Moura, a PPP Piau\u00ed Conectado j\u00e1 investiu mais de R$ 100 milh\u00f5es em rede de fibra \u00f3tica em quase dois anos de contrato e \u00e9 a primeira no Brasil a ter uma sede com controle de opera\u00e7\u00f5es.<a href=\"https:\/\/portalv1.com.br\/app\/wp-content\/uploads\/2020\/12\/WhatsApp-Image-2020-12-07-at-11.26.34.jpeg\"><img loading=\"lazy\" decoding=\"async\" class=\"aligncenter size-large wp-image-89392\" src=\"https:\/\/portalv1.com.br\/app\/wp-content\/uploads\/2020\/12\/WhatsApp-Image-2020-12-07-at-11.26.34-640x427.jpeg\" alt=\"\" width=\"640\" height=\"427\" srcset=\"https:\/\/portalv1.com.br\/app\/wp-content\/uploads\/2020\/12\/WhatsApp-Image-2020-12-07-at-11.26.34-640x427.jpeg 640w, https:\/\/portalv1.com.br\/app\/wp-content\/uploads\/2020\/12\/WhatsApp-Image-2020-12-07-at-11.26.34-300x200.jpeg 300w, https:\/\/portalv1.com.br\/app\/wp-content\/uploads\/2020\/12\/WhatsApp-Image-2020-12-07-at-11.26.34-768x512.jpeg 768w, https:\/\/portalv1.com.br\/app\/wp-content\/uploads\/2020\/12\/WhatsApp-Image-2020-12-07-at-11.26.34.jpeg 1280w\" sizes=\"auto, (max-width: 640px) 100vw, 640px\" \/><\/a><\/p>\n<p>\u201cA sede da Piau\u00ed Conectado \u00e9 tamb\u00e9m um patrim\u00f4nio p\u00fablico em raz\u00e3o dessa PPP e dentro desta sede existe um centro de comando e controle que vai acompanhar todos os servi\u00e7os e a entrega de internet, um dos objetos dessa parceria p\u00fablico-privada. Al\u00e9m da economia que, ao longo desse 1 ano e 8 meses de vig\u00eancia do contrato, j\u00e1 est\u00e1 em torno de R$ 15 milh\u00f5es e investimentos de mais de R$ 100 milh\u00f5es, tanto em rede de fibra quanto nesta sede, que tem um significado muito importante para o Governo do Estado, o primeiro do Brasil que tem sua pr\u00f3pria rede de fibra operando, funcionando e entregando internet de qualidade para todos os \u00f3rg\u00e3os p\u00fablicos do governo e para as pastas p\u00fablicas\u201d, ressaltou a gestora.<\/p>\n<p>Segundo o diretor-presidente da Piau\u00ed Conectado, Emerson Silva, o espa\u00e7o conta com equipamentos que oferecem os \u00faltimos avan\u00e7os tecnol\u00f3gicos em processamento de dados. \u201cToda a rede do governo vai ser concentrada a partir de Teresina, onde iremos monitorar 101 munic\u00edpios por 24 horas, para garantir que esteja 100% segura e dispon\u00edvel, ou seja, a partir daqui conseguiremos identificar problemas do norte ao sul do Piau\u00ed. Investimos nesse pr\u00e9dio e essa economia vir\u00e1 por meio de servi\u00e7os mais eficientes, melhorando cada vez mais ao cidad\u00e3o piauiense\u201d, afirmou Silva.<\/p>\n<p><a href=\"https:\/\/portalv1.com.br\/app\/wp-content\/uploads\/2020\/12\/WhatsApp-Image-2020-12-07-at-11.26.35.jpeg\"><img loading=\"lazy\" decoding=\"async\" class=\"aligncenter size-large wp-image-89393\" src=\"https:\/\/portalv1.com.br\/app\/wp-content\/uploads\/2020\/12\/WhatsApp-Image-2020-12-07-at-11.26.35-640x427.jpeg\" alt=\"\" width=\"640\" height=\"427\" srcset=\"https:\/\/portalv1.com.br\/app\/wp-content\/uploads\/2020\/12\/WhatsApp-Image-2020-12-07-at-11.26.35-640x427.jpeg 640w, https:\/\/portalv1.com.br\/app\/wp-content\/uploads\/2020\/12\/WhatsApp-Image-2020-12-07-at-11.26.35-300x200.jpeg 300w, https:\/\/portalv1.com.br\/app\/wp-content\/uploads\/2020\/12\/WhatsApp-Image-2020-12-07-at-11.26.35-768x512.jpeg 768w, https:\/\/portalv1.com.br\/app\/wp-content\/uploads\/2020\/12\/WhatsApp-Image-2020-12-07-at-11.26.35.jpeg 1280w\" sizes=\"auto, (max-width: 640px) 100vw, 640px\" \/><\/a><\/p>\n<p>Os investimentos realizados pelo Governo do Estado, por meio da Parceria P\u00fablico Privada (PPP), chegam a cinco mil quil\u00f4metros de rede. Para o presidente da ATI, Ant\u00f4nio Torres, \u00e9 preciso ter vis\u00e3o de futuro. \u201cMesmo na pandemia, avan\u00e7amos bastante e hoje estamos concluindo pontos importantes em todo o estado. O Piau\u00ed est\u00e1 recebendo internet de banda larga em todos os seus \u00f3rg\u00e3os. Estamos chegando com internet de alta disponibilidade para prestar um melhor servi\u00e7o ao cidad\u00e3o\u201d, destacou o gestor.<\/p>\n<p>Rafael Fonteles, coordenador-geral do programa PRO Piau\u00ed, falou: \u201choje, a conectividade \u00e9 quem possibilita levar conhecimento \u00e0 popula\u00e7\u00e3o. A Piau\u00ed Conectado traz retorno ao Estado com a redu\u00e7\u00e3o de custos e assim teremos mais recursos para investimentos futuros. J\u00e1 estamos pensando no futuro, no 5G\u201d.<\/p>\n<p>Fonte: Ccom<\/p>\n","protected":false},"excerpt":{"rendered":"<p>O governador Wellington Dias inaugurou, nesta segunda-feira (7), o Centro de Controle e Inova\u00e7\u00e3o da Piau\u00ed Conectado, um espa\u00e7o inovador, localizado no bairro S\u00e3o Pedro, zona sul de Teresina, com&#8230;<\/p>\n","protected":false},"author":1,"featured_media":89391,"comment_status":"open","ping_status":"open","sticky":false,"template":"","format":"standard","meta":{"ngg_post_thumbnail":0,"footnotes":""},"categories":[12],"tags":[],"class_list":["post-89390","post","type-post","status-publish","format-standard","has-post-thumbnail","hentry","category-valenca-news"],"views":371,"meta_data":{"thumb":"https:\/\/portalv1.com.br\/app\/wp-content\/uploads\/2020\/12\/w-dias.jpg","imagem":{"fullsize":{"url":"https:\/\/portalv1.com.br\/app\/wp-content\/uploads\/2020\/12\/w-dias.jpg","width":1020,"height":680},"medium":{"url":"https:\/\/portalv1.com.br\/app\/wp-content\/uploads\/2020\/12\/w-dias-300x200.jpg","width":300,"height":200},"large":{"url":"https:\/\/portalv1.com.br\/app\/wp-content\/uploads\/2020\/12\/w-dias-640x427.jpg","width":640,"height":427},"thumbnail":{"url":"https:\/\/portalv1.com.br\/app\/wp-content\/uploads\/2020\/12\/w-dias-100x100.jpg","width":100,"height":100},"medium_large":{"url":"https:\/\/portalv1.com.br\/app\/wp-content\/uploads\/2020\/12\/w-dias-768x512.jpg","width":768,"height":512}},"data":{"simple":"07\/12\/2020","date_time":"07\/12\/2020 10:10:43","date":"h\u00e1 5 anos"},"chapeu":"Saiba Mais ","source":"foto_menor"},"_links":{"self":[{"href":"https:\/\/portalv1.com.br\/api\/wp\/v2\/posts\/89390","targetHints":{"allow":["GET"]}}],"collection":[{"href":"https:\/\/portalv1.com.br\/api\/wp\/v2\/posts"}],"about":[{"href":"https:\/\/portalv1.com.br\/api\/wp\/v2\/types\/post"}],"author":[{"embeddable":true,"href":"https:\/\/portalv1.com.br\/api\/wp\/v2\/users\/1"}],"replies":[{"embeddable":true,"href":"https:\/\/portalv1.com.br\/api\/wp\/v2\/comments?post=89390"}],"version-history":[{"count":0,"href":"https:\/\/portalv1.com.br\/api\/wp\/v2\/posts\/89390\/revisions"}],"wp:featuredmedia":[{"embeddable":true,"href":"https:\/\/portalv1.com.br\/api\/wp\/v2\/media\/89391"}],"wp:attachment":[{"href":"https:\/\/portalv1.com.br\/api\/wp\/v2\/media?parent=89390"}],"wp:term":[{"taxonomy":"category","embeddable":true,"href":"https:\/\/portalv1.com.br\/api\/wp\/v2\/categories?post=89390"},{"taxonomy":"post_tag","embeddable":true,"href":"https:\/\/portalv1.com.br\/api\/wp\/v2\/tags?post=89390"}],"curies":[{"name":"wp","href":"https:\/\/api.w.org\/{rel}","templated":true}]}}