{"id":89572,"date":"2020-12-16T12:14:30","date_gmt":"2020-12-16T15:14:30","guid":{"rendered":"https:\/\/portalv1.com.br\/?p=89572"},"modified":"2020-12-17T22:45:00","modified_gmt":"2020-12-18T01:45:00","slug":"portal-v1-estreia-novo-layout-mais-moderno-e-interativo","status":"publish","type":"post","link":"https:\/\/portalv1.com.br\/portal-v1-estreia-novo-layout-mais-moderno-e-interativo\/","title":{"rendered":"Portal V1 estreia novo layout, mais moderno e interativo"},"content":{"rendered":"<p><a href=\"https:\/\/portalv1.com.br\/app\/wp-content\/uploads\/2020\/12\/portal-v1.jpg\"><img loading=\"lazy\" decoding=\"async\" class=\"aligncenter size-large wp-image-89573\" src=\"https:\/\/portalv1.com.br\/app\/wp-content\/uploads\/2020\/12\/portal-v1-640x360.jpg\" alt=\"\" width=\"600\" height=\"338\" srcset=\"https:\/\/portalv1.com.br\/app\/wp-content\/uploads\/2020\/12\/portal-v1-640x360.jpg 640w, https:\/\/portalv1.com.br\/app\/wp-content\/uploads\/2020\/12\/portal-v1-300x169.jpg 300w, https:\/\/portalv1.com.br\/app\/wp-content\/uploads\/2020\/12\/portal-v1-768x432.jpg 768w, https:\/\/portalv1.com.br\/app\/wp-content\/uploads\/2020\/12\/portal-v1.jpg 1280w\" sizes=\"auto, (max-width: 600px) 100vw, 600px\" \/><\/a>O maior site de not\u00edcias da regi\u00e3o valenciana e um dos mais acessados do estado, o Portal V1, est\u00e1 de cara nova a partir dessa quarta-feira (16). O novo layout mais din\u00e2mico e interativo conta com o que h\u00e1 de mais moderno em tecnologia do setor para proporcionar uma navega\u00e7\u00e3o r\u00e1pida e eficiente.<\/p>\n<p>O layout tamb\u00e9m \u00e9 reproduzido por qualquer dispositivo, como smartphones e tablets, uma vez que \u00e9 responsivo e adapt\u00e1vel a variados modelos de tela. No novo layout, o leitor conta com um sistema atualizado de busca onde pode-se navegar pelas 11.458 not\u00edcias j\u00e1 publicadas, bastando digitar no campo de busca o assunto do seu interesse.<\/p>\n<p>O novo layout \u00e9 assinado pelo web design, Alisson Ara\u00fajo, que mudou n\u00e3o s\u00f3 a cara do portal, como tamb\u00e9m todo o sistema interno, o que proporciona essa praticidade ao leitor na hora de se informar dos principais acontecimentos da regi\u00e3o valenciana.<\/p>\n<p>Se por um lado o portal investiu em tecnologia, o que n\u00e3o mudou foi o compromisso da equipe de destacar Valen\u00e7a e regi\u00e3o. \u201cQuando iniciamos a nossa prioridade era divulgar a cidade de Valen\u00e7a e nos \u00faltimos anos come\u00e7amos um trabalho bem-sucedido de regionaliza\u00e7\u00e3o e vamos continuar expandido e investindo em novas coberturas\u201d, disse o diretor S\u00e9rgio Alves.<\/p>\n","protected":false},"excerpt":{"rendered":"<p>O maior site de not\u00edcias da regi\u00e3o valenciana e um dos mais acessados do estado, o Portal V1, est\u00e1 de cara nova a partir dessa quarta-feira (16). O novo layout&#8230;<\/p>\n","protected":false},"author":1,"featured_media":89573,"comment_status":"open","ping_status":"open","sticky":false,"template":"","format":"standard","meta":{"ngg_post_thumbnail":0,"footnotes":""},"categories":[12],"tags":[],"class_list":["post-89572","post","type-post","status-publish","format-standard","has-post-thumbnail","hentry","category-valenca-news"],"views":591,"meta_data":{"thumb":"https:\/\/portalv1.com.br\/app\/wp-content\/uploads\/2020\/12\/portal-v1.jpg","imagem":{"fullsize":{"url":"https:\/\/portalv1.com.br\/app\/wp-content\/uploads\/2020\/12\/portal-v1.jpg","width":1280,"height":720},"medium":{"url":"https:\/\/portalv1.com.br\/app\/wp-content\/uploads\/2020\/12\/portal-v1-300x169.jpg","width":300,"height":169},"large":{"url":"https:\/\/portalv1.com.br\/app\/wp-content\/uploads\/2020\/12\/portal-v1-640x360.jpg","width":640,"height":360},"thumbnail":{"url":"https:\/\/portalv1.com.br\/app\/wp-content\/uploads\/2020\/12\/portal-v1-100x100.jpg","width":100,"height":100},"medium_large":{"url":"https:\/\/portalv1.com.br\/app\/wp-content\/uploads\/2020\/12\/portal-v1-768x432.jpg","width":768,"height":432}},"data":{"simple":"16\/12\/2020","date_time":"16\/12\/2020 09:14:30","date":"h\u00e1 5 anos"},"chapeu":"Novidades ","source":"foto_menor"},"_links":{"self":[{"href":"https:\/\/portalv1.com.br\/api\/wp\/v2\/posts\/89572","targetHints":{"allow":["GET"]}}],"collection":[{"href":"https:\/\/portalv1.com.br\/api\/wp\/v2\/posts"}],"about":[{"href":"https:\/\/portalv1.com.br\/api\/wp\/v2\/types\/post"}],"author":[{"embeddable":true,"href":"https:\/\/portalv1.com.br\/api\/wp\/v2\/users\/1"}],"replies":[{"embeddable":true,"href":"https:\/\/portalv1.com.br\/api\/wp\/v2\/comments?post=89572"}],"version-history":[{"count":0,"href":"https:\/\/portalv1.com.br\/api\/wp\/v2\/posts\/89572\/revisions"}],"wp:featuredmedia":[{"embeddable":true,"href":"https:\/\/portalv1.com.br\/api\/wp\/v2\/media\/89573"}],"wp:attachment":[{"href":"https:\/\/portalv1.com.br\/api\/wp\/v2\/media?parent=89572"}],"wp:term":[{"taxonomy":"category","embeddable":true,"href":"https:\/\/portalv1.com.br\/api\/wp\/v2\/categories?post=89572"},{"taxonomy":"post_tag","embeddable":true,"href":"https:\/\/portalv1.com.br\/api\/wp\/v2\/tags?post=89572"}],"curies":[{"name":"wp","href":"https:\/\/api.w.org\/{rel}","templated":true}]}}