{"id":897,"date":"2009-07-19T13:29:35","date_gmt":"2009-07-19T16:29:35","guid":{"rendered":"https:\/\/portalv1.com.br\/?p=897"},"modified":"2009-07-19T13:29:35","modified_gmt":"2009-07-19T16:29:35","slug":"derrotas","status":"publish","type":"post","link":"https:\/\/portalv1.com.br\/derrotas\/","title":{"rendered":"Derrotas."},"content":{"rendered":"<p class=\"MsoNormal\" style=\"margin: 0cm 0cm 10pt;\"><span style=\"line-height: 115%; font-size: 12pt;\"><span style=\"font-family: Calibri;\"><img loading=\"lazy\" decoding=\"async\" style=\"vertical-align: top;\" src=\"fotos\/gaudencioveloso.jpg\" alt=\"\" width=\"300\" height=\"225\" \/><\/span><\/span><\/p>\n<p class=\"MsoNormal\" style=\"margin: 0cm 0cm 10pt;\"><span style=\"line-height: 115%; font-size: 12pt;\"><span style=\"font-family: Calibri;\">As sele\u00e7\u00f5es masculina e feminina de Valen\u00e7a estrearam com derrota na Copa Piauiense de Futebol, competi\u00e7\u00e3o promovida pela Funda\u00e7\u00e3o dos Esportes do Piau\u00ed (FUNDESPI). A sele\u00e7\u00e3o masculina perdeu de 2X1 para a Sele\u00e7\u00e3o de Barra D\u2019 Alc\u00e2ntara, em jogo realizado na cidade de Barra D\u2019 Alc\u00e2ntara e as meninas, mesmo jogando em casa foram goleadas pela Sele\u00e7\u00e3o de Aroazes por 5X0, no Gaud\u00eancio Veloso. De acordo com o site da FUNDESPI, a sele\u00e7\u00e3o masculina volta a campo dia 16 de agosto, em Valen\u00e7a contra a Sele\u00e7\u00e3o de V\u00e1rzea Grande. O pr\u00f3ximo jogo da sele\u00e7\u00e3o feminina, ainda n\u00e3o est\u00e1 dispon\u00edvel no site. Dia 25 de agosto acontece a final do Campeonato Valenciano, entre as equipes do Liverpool e Vila Nova.<\/span><\/span><\/p>\n","protected":false},"excerpt":{"rendered":"<p>As sele\u00e7\u00f5es masculina e feminina de Valen\u00e7a estrearam com derrota na Copa Piauiense de Futebol, competi\u00e7\u00e3o promovida pela Funda\u00e7\u00e3o dos Esportes do Piau\u00ed (FUNDESPI). A sele\u00e7\u00e3o masculina perdeu de 2X1&#8230;<\/p>\n","protected":false},"author":1,"featured_media":0,"comment_status":"open","ping_status":"open","sticky":false,"template":"","format":"standard","meta":{"ngg_post_thumbnail":0,"footnotes":""},"categories":[12],"tags":[],"class_list":["post-897","post","type-post","status-publish","format-standard","hentry","category-valenca-news"],"views":316,"meta_data":{"thumb":null,"imagem":null,"data":{"simple":"19\/07\/2009","date_time":"19\/07\/2009 10:29:35","date":"h\u00e1 17 anos"},"chapeu":"","source":""},"_links":{"self":[{"href":"https:\/\/portalv1.com.br\/api\/wp\/v2\/posts\/897","targetHints":{"allow":["GET"]}}],"collection":[{"href":"https:\/\/portalv1.com.br\/api\/wp\/v2\/posts"}],"about":[{"href":"https:\/\/portalv1.com.br\/api\/wp\/v2\/types\/post"}],"author":[{"embeddable":true,"href":"https:\/\/portalv1.com.br\/api\/wp\/v2\/users\/1"}],"replies":[{"embeddable":true,"href":"https:\/\/portalv1.com.br\/api\/wp\/v2\/comments?post=897"}],"version-history":[{"count":0,"href":"https:\/\/portalv1.com.br\/api\/wp\/v2\/posts\/897\/revisions"}],"wp:attachment":[{"href":"https:\/\/portalv1.com.br\/api\/wp\/v2\/media?parent=897"}],"wp:term":[{"taxonomy":"category","embeddable":true,"href":"https:\/\/portalv1.com.br\/api\/wp\/v2\/categories?post=897"},{"taxonomy":"post_tag","embeddable":true,"href":"https:\/\/portalv1.com.br\/api\/wp\/v2\/tags?post=897"}],"curies":[{"name":"wp","href":"https:\/\/api.w.org\/{rel}","templated":true}]}}