{"id":90228,"date":"2021-01-04T12:40:29","date_gmt":"2021-01-04T15:40:29","guid":{"rendered":"https:\/\/portalv1.com.br\/?p=90228"},"modified":"2021-01-04T12:40:29","modified_gmt":"2021-01-04T15:40:29","slug":"valenciano-coronel-torres-assume-presidencia-da-adomip","status":"publish","type":"post","link":"https:\/\/portalv1.com.br\/valenciano-coronel-torres-assume-presidencia-da-adomip\/","title":{"rendered":"Valenciano Coronel Torres assume presid\u00eancia da ADOMIP"},"content":{"rendered":"<p>O valenciano, Jo\u00e3o da Silva Torres (Coronel Torres), foi eleito presidente da Associa\u00e7\u00e3o dos Oficiais Militares Inativos e Pensionistas do Estado do Piaui (ADOMIP) para o tri\u00eanio 2021\/2023.<\/p>\n<p>A elei\u00e7\u00e3o foi realizada no dia 29 de dezembro em sua sede na capital Teresina. Coronel Torres \u00e9 filho da senhora Helena Torres. Ele prometeu empenho m\u00e1ximo em defesa dos associados. <a href=\"https:\/\/portalv1.com.br\/app\/wp-content\/uploads\/2021\/01\/Portalv1090Valenca.jpg\"><img loading=\"lazy\" decoding=\"async\" class=\"aligncenter size-full wp-image-90229\" src=\"https:\/\/portalv1.com.br\/app\/wp-content\/uploads\/2021\/01\/Portalv1090Valenca.jpg\" alt=\"\" width=\"640\" height=\"427\" srcset=\"https:\/\/portalv1.com.br\/app\/wp-content\/uploads\/2021\/01\/Portalv1090Valenca.jpg 640w, https:\/\/portalv1.com.br\/app\/wp-content\/uploads\/2021\/01\/Portalv1090Valenca-300x200.jpg 300w\" sizes=\"auto, (max-width: 640px) 100vw, 640px\" \/><\/a><\/p>\n<p><a href=\"https:\/\/portalv1.com.br\/app\/wp-content\/uploads\/2021\/01\/25182457_1745360162148919_8103651378751528477_o.png\"><img loading=\"lazy\" decoding=\"async\" class=\"aligncenter size-large wp-image-90230\" src=\"https:\/\/portalv1.com.br\/app\/wp-content\/uploads\/2021\/01\/25182457_1745360162148919_8103651378751528477_o-640x640.png\" alt=\"\" width=\"600\" height=\"600\" srcset=\"https:\/\/portalv1.com.br\/app\/wp-content\/uploads\/2021\/01\/25182457_1745360162148919_8103651378751528477_o-640x640.png 640w, https:\/\/portalv1.com.br\/app\/wp-content\/uploads\/2021\/01\/25182457_1745360162148919_8103651378751528477_o-300x300.png 300w, https:\/\/portalv1.com.br\/app\/wp-content\/uploads\/2021\/01\/25182457_1745360162148919_8103651378751528477_o-100x100.png 100w, https:\/\/portalv1.com.br\/app\/wp-content\/uploads\/2021\/01\/25182457_1745360162148919_8103651378751528477_o-768x768.png 768w, https:\/\/portalv1.com.br\/app\/wp-content\/uploads\/2021\/01\/25182457_1745360162148919_8103651378751528477_o.png 1000w\" sizes=\"auto, (max-width: 600px) 100vw, 600px\" \/><\/a><\/p>\n","protected":false},"excerpt":{"rendered":"<p>O valenciano, Jo\u00e3o da Silva Torres (Coronel Torres), foi eleito presidente da Associa\u00e7\u00e3o dos Oficiais Militares Inativos e Pensionistas do Estado do Piaui (ADOMIP) para o tri\u00eanio 2021\/2023. A elei\u00e7\u00e3o&#8230;<\/p>\n","protected":false},"author":1,"featured_media":90229,"comment_status":"open","ping_status":"open","sticky":false,"template":"","format":"standard","meta":{"ngg_post_thumbnail":0,"footnotes":""},"categories":[12],"tags":[],"class_list":["post-90228","post","type-post","status-publish","format-standard","has-post-thumbnail","hentry","category-valenca-news"],"views":1558,"meta_data":{"thumb":"https:\/\/portalv1.com.br\/app\/wp-content\/uploads\/2021\/01\/Portalv1090Valenca.jpg","imagem":{"fullsize":{"url":"https:\/\/portalv1.com.br\/app\/wp-content\/uploads\/2021\/01\/Portalv1090Valenca.jpg","width":640,"height":427},"medium":{"url":"https:\/\/portalv1.com.br\/app\/wp-content\/uploads\/2021\/01\/Portalv1090Valenca-300x200.jpg","width":300,"height":200},"thumbnail":{"url":"https:\/\/portalv1.com.br\/app\/wp-content\/uploads\/2021\/01\/Portalv1090Valenca-100x100.jpg","width":100,"height":100}},"data":{"simple":"04\/01\/2021","date_time":"04\/01\/2021 09:40:29","date":"h\u00e1 5 anos"},"chapeu":"Associa\u00e7\u00e3o dos Oficiais Militares Inativos e Pensionistas ","source":"slide"},"_links":{"self":[{"href":"https:\/\/portalv1.com.br\/api\/wp\/v2\/posts\/90228","targetHints":{"allow":["GET"]}}],"collection":[{"href":"https:\/\/portalv1.com.br\/api\/wp\/v2\/posts"}],"about":[{"href":"https:\/\/portalv1.com.br\/api\/wp\/v2\/types\/post"}],"author":[{"embeddable":true,"href":"https:\/\/portalv1.com.br\/api\/wp\/v2\/users\/1"}],"replies":[{"embeddable":true,"href":"https:\/\/portalv1.com.br\/api\/wp\/v2\/comments?post=90228"}],"version-history":[{"count":0,"href":"https:\/\/portalv1.com.br\/api\/wp\/v2\/posts\/90228\/revisions"}],"wp:featuredmedia":[{"embeddable":true,"href":"https:\/\/portalv1.com.br\/api\/wp\/v2\/media\/90229"}],"wp:attachment":[{"href":"https:\/\/portalv1.com.br\/api\/wp\/v2\/media?parent=90228"}],"wp:term":[{"taxonomy":"category","embeddable":true,"href":"https:\/\/portalv1.com.br\/api\/wp\/v2\/categories?post=90228"},{"taxonomy":"post_tag","embeddable":true,"href":"https:\/\/portalv1.com.br\/api\/wp\/v2\/tags?post=90228"}],"curies":[{"name":"wp","href":"https:\/\/api.w.org\/{rel}","templated":true}]}}