{"id":90271,"date":"2021-01-06T14:21:46","date_gmt":"2021-01-06T17:21:46","guid":{"rendered":"https:\/\/portalv1.com.br\/?p=90271"},"modified":"2021-01-06T14:21:46","modified_gmt":"2021-01-06T17:21:46","slug":"sidney-santos-e-eleito-novo-presidente-da-apcdep","status":"publish","type":"post","link":"https:\/\/portalv1.com.br\/sidney-santos-e-eleito-novo-presidente-da-apcdep\/","title":{"rendered":"Sidney Santos \u00e9 eleito novo presidente da APCDEP"},"content":{"rendered":"<p>O radialista Sidney Santos, em candidatura \u00fanica, foi eleito nesta ter\u00e7a-feira (05), presidente da Associa\u00e7\u00e3o Profissional dos Cronistas Desportivos do Estado do Piau\u00ed (APCDEP) para o tri\u00eanio 2021\/2023.<\/p>\n<p>Ap\u00f3s a homologa\u00e7\u00e3o do resultado, a Comiss\u00e3o Eleitoral deu posse ao novo gestor, que de imediato convidou o ex-presidente Chico Costa, para coordenar o setor administrativo da entidade. \u201cVamos fazer um trabalho que engrande\u00e7a cada vez mais a APCDEP\u201d, disse Sidney Santos.<\/p>\n<p>Durante a solenidade de posse, Sidney afirmou que a rela\u00e7\u00e3o com a Federa\u00e7\u00e3o de Futebol do Piaui ser\u00e1 a melhor poss\u00edvel. \u201cVamos manter o que est\u00e1 dando certo\u201d, colocou.<\/p>\n<p>Por sua vez, Robert Brown, presidente da FFP, que prestigiou a posse, parabenizou a elei\u00e7\u00e3o e frisou, que a entidade est\u00e1 de portas abertas para colaborar com a APCDEP.<\/p>\n<p><strong>DIRETORIA<\/strong><\/p>\n<p>PRESIDENTE: <strong>SIDNEY SANTOS<\/strong><\/p>\n<p>1 VICE-PRESIDENTE: <strong>POUVYNO CARDOSO<\/strong><\/p>\n<p>2 VICE-PRESIDENTE: <strong>EVERARDO TORRES<\/strong><\/p>\n<p><strong>CONSELHO FISCAL EFETIVO<\/strong><\/p>\n<p>GILMAR SILVA, LINO JUNIOR E ELZINEY SANTOS<\/p>\n<p><strong>CONSELHO FISCAL SUPLENTE<\/strong><\/p>\n<p>RAIMUNDO ALMEIDA, BATISTA PEREIRA E SAULO GABRIEL<\/p>\n<p><strong>COMISS\u00c3O DE SINDIC\u00c2NCIA TITULAR<\/strong><\/p>\n<p>OT\u00c1VIO NETO, IDELFRAN MONTEIRO E MAURO FERREIRA<\/p>\n<p><strong>COMISS\u00c3O DE SINDIC\u00c2NCIA SUPLENTE<\/strong><\/p>\n<p>JOSE RIBAMAR BARROS, PEDRO ALC\u00c2NTARA E FILIPE LEAL<\/p>\n<p><a href=\"https:\/\/portalv1.com.br\/app\/wp-content\/uploads\/2021\/01\/01-Copy-1.jpg\"><img loading=\"lazy\" decoding=\"async\" class=\"aligncenter size-full wp-image-90272\" src=\"https:\/\/portalv1.com.br\/app\/wp-content\/uploads\/2021\/01\/01-Copy-1.jpg\" alt=\"\" width=\"640\" height=\"479\" srcset=\"https:\/\/portalv1.com.br\/app\/wp-content\/uploads\/2021\/01\/01-Copy-1.jpg 640w, https:\/\/portalv1.com.br\/app\/wp-content\/uploads\/2021\/01\/01-Copy-1-300x225.jpg 300w\" sizes=\"auto, (max-width: 640px) 100vw, 640px\" \/><\/a> <a href=\"https:\/\/portalv1.com.br\/app\/wp-content\/uploads\/2021\/01\/03-Copy-1.jpg\"><img loading=\"lazy\" decoding=\"async\" class=\"aligncenter size-large wp-image-90274\" src=\"https:\/\/portalv1.com.br\/app\/wp-content\/uploads\/2021\/01\/03-Copy-1.jpg\" alt=\"\" width=\"600\" height=\"449\" srcset=\"https:\/\/portalv1.com.br\/app\/wp-content\/uploads\/2021\/01\/03-Copy-1.jpg 640w, https:\/\/portalv1.com.br\/app\/wp-content\/uploads\/2021\/01\/03-Copy-1-300x225.jpg 300w\" sizes=\"auto, (max-width: 600px) 100vw, 600px\" \/><\/a><\/p>\n<figure id=\"attachment_90273\" aria-describedby=\"caption-attachment-90273\" style=\"width: 359px\" class=\"wp-caption aligncenter\"><a href=\"https:\/\/portalv1.com.br\/app\/wp-content\/uploads\/2021\/01\/02-Copy-1.jpg\"><img loading=\"lazy\" decoding=\"async\" class=\"size-full wp-image-90273\" src=\"https:\/\/portalv1.com.br\/app\/wp-content\/uploads\/2021\/01\/02-Copy-1.jpg\" alt=\"\" width=\"359\" height=\"480\" srcset=\"https:\/\/portalv1.com.br\/app\/wp-content\/uploads\/2021\/01\/02-Copy-1.jpg 359w, https:\/\/portalv1.com.br\/app\/wp-content\/uploads\/2021\/01\/02-Copy-1-300x401.jpg 300w\" sizes=\"auto, (max-width: 359px) 100vw, 359px\" \/><\/a><figcaption id=\"caption-attachment-90273\" class=\"wp-caption-text\">POUVYNO CARDOSO e SIDNEY SANTOS<\/figcaption><\/figure>\n<p>Fonte: Portal foco esportivo<\/p>\n","protected":false},"excerpt":{"rendered":"<p>O radialista Sidney Santos, em candidatura \u00fanica, foi eleito nesta ter\u00e7a-feira (05), presidente da Associa\u00e7\u00e3o Profissional dos Cronistas Desportivos do Estado do Piau\u00ed (APCDEP) para o tri\u00eanio 2021\/2023. Ap\u00f3s a&#8230;<\/p>\n","protected":false},"author":1,"featured_media":90272,"comment_status":"open","ping_status":"open","sticky":false,"template":"","format":"standard","meta":{"ngg_post_thumbnail":0,"footnotes":""},"categories":[12],"tags":[],"class_list":["post-90271","post","type-post","status-publish","format-standard","has-post-thumbnail","hentry","category-valenca-news"],"views":437,"meta_data":{"thumb":"https:\/\/portalv1.com.br\/app\/wp-content\/uploads\/2021\/01\/01-Copy-1.jpg","imagem":{"fullsize":{"url":"https:\/\/portalv1.com.br\/app\/wp-content\/uploads\/2021\/01\/01-Copy-1.jpg","width":640,"height":479},"medium":{"url":"https:\/\/portalv1.com.br\/app\/wp-content\/uploads\/2021\/01\/01-Copy-1-300x225.jpg","width":300,"height":225},"thumbnail":{"url":"https:\/\/portalv1.com.br\/app\/wp-content\/uploads\/2021\/01\/01-Copy-1-100x100.jpg","width":100,"height":100}},"data":{"simple":"06\/01\/2021","date_time":"06\/01\/2021 11:21:46","date":"h\u00e1 5 anos"},"chapeu":"Associa\u00e7\u00e3o Profissional dos Cronistas Desportivos ","source":"m_destacada"},"_links":{"self":[{"href":"https:\/\/portalv1.com.br\/api\/wp\/v2\/posts\/90271","targetHints":{"allow":["GET"]}}],"collection":[{"href":"https:\/\/portalv1.com.br\/api\/wp\/v2\/posts"}],"about":[{"href":"https:\/\/portalv1.com.br\/api\/wp\/v2\/types\/post"}],"author":[{"embeddable":true,"href":"https:\/\/portalv1.com.br\/api\/wp\/v2\/users\/1"}],"replies":[{"embeddable":true,"href":"https:\/\/portalv1.com.br\/api\/wp\/v2\/comments?post=90271"}],"version-history":[{"count":0,"href":"https:\/\/portalv1.com.br\/api\/wp\/v2\/posts\/90271\/revisions"}],"wp:featuredmedia":[{"embeddable":true,"href":"https:\/\/portalv1.com.br\/api\/wp\/v2\/media\/90272"}],"wp:attachment":[{"href":"https:\/\/portalv1.com.br\/api\/wp\/v2\/media?parent=90271"}],"wp:term":[{"taxonomy":"category","embeddable":true,"href":"https:\/\/portalv1.com.br\/api\/wp\/v2\/categories?post=90271"},{"taxonomy":"post_tag","embeddable":true,"href":"https:\/\/portalv1.com.br\/api\/wp\/v2\/tags?post=90271"}],"curies":[{"name":"wp","href":"https:\/\/api.w.org\/{rel}","templated":true}]}}