{"id":90319,"date":"2021-01-08T09:32:55","date_gmt":"2021-01-08T12:32:55","guid":{"rendered":"https:\/\/portalv1.com.br\/?p=90319"},"modified":"2021-01-09T10:56:21","modified_gmt":"2021-01-09T13:56:21","slug":"eleicao-para-a-presidencia-na-appm-acontece-nessa-sexta-feira","status":"publish","type":"post","link":"https:\/\/portalv1.com.br\/eleicao-para-a-presidencia-na-appm-acontece-nessa-sexta-feira\/","title":{"rendered":"Elei\u00e7\u00e3o para a presid\u00eancia na APPM acontece nessa sexta-feira"},"content":{"rendered":"<figure id=\"attachment_90320\" aria-describedby=\"caption-attachment-90320\" style=\"width: 600px\" class=\"wp-caption aligncenter\"><a href=\"https:\/\/portalv1.com.br\/app\/wp-content\/uploads\/2021\/01\/paulo-cesar.jpg\"><img loading=\"lazy\" decoding=\"async\" class=\"wp-image-90320 size-large\" src=\"https:\/\/portalv1.com.br\/app\/wp-content\/uploads\/2021\/01\/paulo-cesar-640x426.jpg\" alt=\"\" width=\"600\" height=\"399\" srcset=\"https:\/\/portalv1.com.br\/app\/wp-content\/uploads\/2021\/01\/paulo-cesar-640x426.jpg 640w, https:\/\/portalv1.com.br\/app\/wp-content\/uploads\/2021\/01\/paulo-cesar-300x200.jpg 300w, https:\/\/portalv1.com.br\/app\/wp-content\/uploads\/2021\/01\/paulo-cesar-768x511.jpg 768w, https:\/\/portalv1.com.br\/app\/wp-content\/uploads\/2021\/01\/paulo-cesar.jpg 790w\" sizes=\"auto, (max-width: 600px) 100vw, 600px\" \/><\/a><figcaption id=\"caption-attachment-90320\" class=\"wp-caption-text\">Paulo C\u00e9sar e Toninho de Caridade<\/figcaption><\/figure>\n<p>Os prefeitos do Piau\u00ed nem bem tomaram posse e j\u00e1 partem para mais um embate na urna. Desta vez a elei\u00e7\u00e3o \u00e9 para escolher o novo presidente da Associa\u00e7\u00e3o Piauiense de Munic\u00edpios (APPM). O pleito acontece nesta sexta-feira (8) e ter\u00e1 disputa voto a voto. Duas chapas foram registradas para a sucess\u00e3o de Jonas Moura (PSD). Uma \u00e9 representada pelo prefeito reeleito de Francin\u00f3polis, Paulo C\u00e9sar (Progressistas ). J\u00e1 a outra tem \u00e0 frente o tamb\u00e9m prefeito reeleito de Caridade do Piau\u00ed, Toninho de Caridade (PSD).<\/p>\n<p>\u201cA minha pretens\u00e3o \u00e9 tornar a APPM uma entidade mais t\u00e9cnica e voltada principalmente para a assist\u00eancia, o apoio ao munic\u00edpio. Para quando um prefeito, principalmente de regi\u00f5es long\u00ednquas chegar at\u00e9 a APPM, ele tenha seu problema resolvido\u201d, disse o prefeito de Francin\u00f3polis, Paulo C\u00e9sar.<\/p>\n<p>Para ele, uma boa gest\u00e3o tem que qualificar e valorizar os servidores. \u201cQualificar os servidores para que ofere\u00e7am um trabalho mais t\u00e9cnico. O prefeito que chega numa APPM daquelas quer ter seu problema resolvido com uma orienta\u00e7\u00e3o e hoje n\u00f3s n\u00e3o encontramos\u201d, declarou.<\/p>\n<p>Filiado ao Progressistas, partido com mais de 80 prefeituras no Piau\u00ed, Paulo C\u00e9sar admite que o feito ajuda, mas que precisa do apoio de outras legendas,<\/p>\n<p>\u201cClaro que ajuda, mas tamb\u00e9m estamos contando com a ajuda de v\u00e1rios partidos. A gente quer implementar l\u00e1 um suprapartidarismo, e n\u00e3o administrar em nome de um partido e sim do municipalismo. Vamos fortalecer o municipalismo. Nossa principal bandeira \u00e9 qualificar a APPM, deix\u00e1-la mais t\u00e9cnica e menos pol\u00edtica. Vamos cortar gastos e o que economizar investir na qualifica\u00e7\u00e3o\u201d, garantiu o gestor, que acredita ter o apoio de 140 prefeitos.<\/p>\n<p>Para Toninho de Caridade, o pleito desta sexta ser\u00e1 disputado. \u201cSer\u00e1 uma elei\u00e7\u00e3o muito disputada. O partido do nosso advers\u00e1rio tem o maior n\u00famero de prefeitos, mas a gente comp\u00f4s tamb\u00e9m com outras for\u00e7as representativas de prefeitos e acreditamos na vit\u00f3ria\u201d, disse ao Cidadeverde.com.<\/p>\n<p>O prefeito quer promover a integra\u00e7\u00e3o da APPM com outras institui\u00e7\u00f5es para qualificar os gestores.<\/p>\n<p>\u201cUm dos nossos temas \u00e9 qualificar os gestores aproximando as institui\u00e7\u00f5es das associa\u00e7\u00f5es regionais e, capacitando tantos os gestores como sua equipe, para que a gente possa ter uma gest\u00e3o eficiente e que possa captar recursos junto ao governo federal e estadual. Tamb\u00e9m como trabalhar na incrementa\u00e7\u00e3o da receita, ICMS, ICMS ecol\u00f3gico, agora tem o ICMS da Educa\u00e7\u00e3o criado por lei. S\u00e3o mecanismos para o incremento da receita municipal, tendo em vista que a receita da maioria das cidades depende totalmente das transfer\u00eancias municipais\u201d, declarou.<\/p>\n<p>\u201cQueremos fortalecer esse caminho do municipalismo e dar uma efici\u00eancia \u00e0 gest\u00e3o p\u00fablica\u201d, acrescentou.<\/p>\n<p>O gestor estuda ainda a cria\u00e7\u00e3o de um fundo para ajudar munic\u00edpios em estado de calamidade. \u201cEstamos aqui estudando como criar um fundo para socorrer os munic\u00edpios em estado de calamidade, dificuldade, para que a gente possa captar esse recurso. Isso est\u00e1 em fase de an\u00e1lise e estudo e de viabilidade jur\u00eddica\u201d, explica, destacando que vai trabalhar por uma APPM independente.<\/p>\n<p>\u201cUma APPM independente e eficiente e que n\u00e3o seja partidarizada e possa representar os prefeitos\u201d, finalizou.<\/p>\n<p><strong>\u00daltima disputa foi em 2014<\/strong><\/p>\n<p>A \u00faltima elei\u00e7\u00e3o com disputa ocorreu em dezembro de 2014, com tr\u00eas concorrentes : Arinaldo Leal (PSB), que foi reeleito, Paulo Martins (PT) e H\u00e9lio Rodrigues (PT). As \u00faltimas duas elei\u00e7\u00f5es foram consensuais e elegeram Gil Carlos (PT) e o atual presidente, Jonas Moura (PSD). Todos 224 gestores podem votar para eleger a nova diretoria da APPM para o bi\u00eanio 2021\/2022. Assista a entrevista do candidato a presidente, prefeito de Francin\u00f3polis, Paulo C\u00e9sar.<\/p>\n<p><div class=\"content-iframe\" data-content-width=\"600\"><iframe loading=\"lazy\" style=\"border: none; overflow: hidden;\" src=\"https:\/\/www.facebook.com\/plugins\/video.php?height=314&amp;href=https%3A%2F%2Fwww.facebook.com%2FSergioAlvesValenca%2Fvideos%2F3640441612668952%2F&amp;show_text=false&amp;width=560\" width=\"560\" height=\"314\" frameborder=\"0\" scrolling=\"no\" allowfullscreen=\"allowfullscreen\"><\/iframe><\/div>&nbsp;<\/p>\n<p>Fonte: cidadeverde<\/p>\n","protected":false},"excerpt":{"rendered":"<p>Os prefeitos do Piau\u00ed nem bem tomaram posse e j\u00e1 partem para mais um embate na urna. Desta vez a elei\u00e7\u00e3o \u00e9 para escolher o novo presidente da Associa\u00e7\u00e3o Piauiense&#8230;<\/p>\n","protected":false},"author":1,"featured_media":90320,"comment_status":"open","ping_status":"open","sticky":false,"template":"","format":"standard","meta":{"ngg_post_thumbnail":0,"footnotes":""},"categories":[12],"tags":[],"class_list":["post-90319","post","type-post","status-publish","format-standard","has-post-thumbnail","hentry","category-valenca-news"],"views":398,"meta_data":{"thumb":"https:\/\/portalv1.com.br\/app\/wp-content\/uploads\/2021\/01\/paulo-cesar.jpg","imagem":{"fullsize":{"url":"https:\/\/portalv1.com.br\/app\/wp-content\/uploads\/2021\/01\/paulo-cesar.jpg","width":790,"height":526},"medium":{"url":"https:\/\/portalv1.com.br\/app\/wp-content\/uploads\/2021\/01\/paulo-cesar-300x200.jpg","width":300,"height":200},"large":{"url":"https:\/\/portalv1.com.br\/app\/wp-content\/uploads\/2021\/01\/paulo-cesar-640x426.jpg","width":640,"height":426},"thumbnail":{"url":"https:\/\/portalv1.com.br\/app\/wp-content\/uploads\/2021\/01\/paulo-cesar-100x100.jpg","width":100,"height":100},"medium_large":{"url":"https:\/\/portalv1.com.br\/app\/wp-content\/uploads\/2021\/01\/paulo-cesar-768x511.jpg","width":768,"height":511}},"data":{"simple":"08\/01\/2021","date_time":"08\/01\/2021 06:32:55","date":"h\u00e1 5 anos"},"chapeu":"Associa\u00e7\u00e3o Piauiense de Munic\u00edpios","source":"retirar"},"_links":{"self":[{"href":"https:\/\/portalv1.com.br\/api\/wp\/v2\/posts\/90319","targetHints":{"allow":["GET"]}}],"collection":[{"href":"https:\/\/portalv1.com.br\/api\/wp\/v2\/posts"}],"about":[{"href":"https:\/\/portalv1.com.br\/api\/wp\/v2\/types\/post"}],"author":[{"embeddable":true,"href":"https:\/\/portalv1.com.br\/api\/wp\/v2\/users\/1"}],"replies":[{"embeddable":true,"href":"https:\/\/portalv1.com.br\/api\/wp\/v2\/comments?post=90319"}],"version-history":[{"count":0,"href":"https:\/\/portalv1.com.br\/api\/wp\/v2\/posts\/90319\/revisions"}],"wp:featuredmedia":[{"embeddable":true,"href":"https:\/\/portalv1.com.br\/api\/wp\/v2\/media\/90320"}],"wp:attachment":[{"href":"https:\/\/portalv1.com.br\/api\/wp\/v2\/media?parent=90319"}],"wp:term":[{"taxonomy":"category","embeddable":true,"href":"https:\/\/portalv1.com.br\/api\/wp\/v2\/categories?post=90319"},{"taxonomy":"post_tag","embeddable":true,"href":"https:\/\/portalv1.com.br\/api\/wp\/v2\/tags?post=90319"}],"curies":[{"name":"wp","href":"https:\/\/api.w.org\/{rel}","templated":true}]}}