{"id":90357,"date":"2021-01-10T13:17:07","date_gmt":"2021-01-10T16:17:07","guid":{"rendered":"https:\/\/portalv1.com.br\/?p=90357"},"modified":"2021-01-10T13:17:07","modified_gmt":"2021-01-10T16:17:07","slug":"julio-arcoverde-diz-que-vitoria-na-appm-mostra-a-forca-de-ciro-nogueira","status":"publish","type":"post","link":"https:\/\/portalv1.com.br\/julio-arcoverde-diz-que-vitoria-na-appm-mostra-a-forca-de-ciro-nogueira\/","title":{"rendered":"J\u00falio Arcoverde diz que vit\u00f3ria na APPM mostra a for\u00e7a de Ciro Nogueira"},"content":{"rendered":"<figure id=\"attachment_90358\" aria-describedby=\"caption-attachment-90358\" style=\"width: 600px\" class=\"wp-caption aligncenter\"><a href=\"https:\/\/portalv1.com.br\/app\/wp-content\/uploads\/2021\/01\/julio-arcoverde_ItKVIWs.jpg\"><img loading=\"lazy\" decoding=\"async\" class=\"size-large wp-image-90358\" src=\"https:\/\/portalv1.com.br\/app\/wp-content\/uploads\/2021\/01\/julio-arcoverde_ItKVIWs-640x427.jpg\" alt=\"\" width=\"600\" height=\"400\" srcset=\"https:\/\/portalv1.com.br\/app\/wp-content\/uploads\/2021\/01\/julio-arcoverde_ItKVIWs-640x427.jpg 640w, https:\/\/portalv1.com.br\/app\/wp-content\/uploads\/2021\/01\/julio-arcoverde_ItKVIWs-300x200.jpg 300w, https:\/\/portalv1.com.br\/app\/wp-content\/uploads\/2021\/01\/julio-arcoverde_ItKVIWs-768x512.jpg 768w, https:\/\/portalv1.com.br\/app\/wp-content\/uploads\/2021\/01\/julio-arcoverde_ItKVIWs.jpg 1280w\" sizes=\"auto, (max-width: 600px) 100vw, 600px\" \/><\/a><figcaption id=\"caption-attachment-90358\" class=\"wp-caption-text\">Deputado estadual e presidente do Progressistas no Piau\u00ed, J\u00falio Arcoverde<\/figcaption><\/figure>\n<p>O deputado estadual e presidente do Progressistas no Piau\u00ed, J\u00falio Arcoverde, comemorou a elei\u00e7\u00e3o do prefeito de Francin\u00f3polis, Paulo C\u00e9sar (Progressistas), como presidente da Associa\u00e7\u00e3o Piauiense de Munic\u00edpios (APPM). Para Arcoverde, a vit\u00f3ria do gestor representa a for\u00e7a do senador Ciro Nogueira, bem como de todo Progressistas, no confronto com os advers\u00e1rios.<\/p>\n<p>\u201cA vit\u00f3ria do Paulo C\u00e9sar representa a for\u00e7a do senador Ciro, a for\u00e7a do Progressistas, mas tamb\u00e9m, representa o sentimento de mudan\u00e7a que os prefeitos queriam na APPM. Uma APPM mais participativa, mais respons\u00e1vel e que pudesse dar maior ajuda aos pr\u00f3prios membros\u201d, disse Arcoverde ao GP1 neste domingo (10).<\/p>\n<p>Paulo C\u00e9sar foi eleito na \u00faltima sexta-feira (08). Ele derrotou o prefeito de Caridade do Piau\u00ed, Toninho de Caridade, do PSD, aliado do governador Wellington Dias (PT-PI), principal oponente do senador Ciro Nogueira.<\/p>\n<p>Paulo obteve 102 votos e seu advers\u00e1rio, 96. O prefeito de Francin\u00f3polis ter\u00e1 um mandato de dois. A presid\u00eancia da APPM era ocupada pelo ex-prefeito de \u00c1gua Branca, Jonas Moura, do PSD.<\/p>\n<p>Fonte: GP1<\/p>\n","protected":false},"excerpt":{"rendered":"<p>O deputado estadual e presidente do Progressistas no Piau\u00ed, J\u00falio Arcoverde, comemorou a elei\u00e7\u00e3o do prefeito de Francin\u00f3polis, Paulo C\u00e9sar (Progressistas), como presidente da Associa\u00e7\u00e3o Piauiense de Munic\u00edpios (APPM). Para&#8230;<\/p>\n","protected":false},"author":1,"featured_media":90358,"comment_status":"open","ping_status":"open","sticky":false,"template":"","format":"standard","meta":{"ngg_post_thumbnail":0,"footnotes":""},"categories":[12],"tags":[],"class_list":["post-90357","post","type-post","status-publish","format-standard","has-post-thumbnail","hentry","category-valenca-news"],"views":253,"meta_data":{"thumb":"https:\/\/portalv1.com.br\/app\/wp-content\/uploads\/2021\/01\/julio-arcoverde_ItKVIWs.jpg","imagem":{"fullsize":{"url":"https:\/\/portalv1.com.br\/app\/wp-content\/uploads\/2021\/01\/julio-arcoverde_ItKVIWs.jpg","width":1280,"height":853},"medium":{"url":"https:\/\/portalv1.com.br\/app\/wp-content\/uploads\/2021\/01\/julio-arcoverde_ItKVIWs-300x200.jpg","width":300,"height":200},"large":{"url":"https:\/\/portalv1.com.br\/app\/wp-content\/uploads\/2021\/01\/julio-arcoverde_ItKVIWs-640x427.jpg","width":640,"height":427},"thumbnail":{"url":"https:\/\/portalv1.com.br\/app\/wp-content\/uploads\/2021\/01\/julio-arcoverde_ItKVIWs-100x100.jpg","width":100,"height":100},"medium_large":{"url":"https:\/\/portalv1.com.br\/app\/wp-content\/uploads\/2021\/01\/julio-arcoverde_ItKVIWs-768x512.jpg","width":768,"height":512}},"data":{"simple":"10\/01\/2021","date_time":"10\/01\/2021 10:17:07","date":"h\u00e1 5 anos"},"chapeu":"Associa\u00e7\u00e3o Piauiense de Munic\u00edpios","source":"m_destacada"},"_links":{"self":[{"href":"https:\/\/portalv1.com.br\/api\/wp\/v2\/posts\/90357","targetHints":{"allow":["GET"]}}],"collection":[{"href":"https:\/\/portalv1.com.br\/api\/wp\/v2\/posts"}],"about":[{"href":"https:\/\/portalv1.com.br\/api\/wp\/v2\/types\/post"}],"author":[{"embeddable":true,"href":"https:\/\/portalv1.com.br\/api\/wp\/v2\/users\/1"}],"replies":[{"embeddable":true,"href":"https:\/\/portalv1.com.br\/api\/wp\/v2\/comments?post=90357"}],"version-history":[{"count":0,"href":"https:\/\/portalv1.com.br\/api\/wp\/v2\/posts\/90357\/revisions"}],"wp:featuredmedia":[{"embeddable":true,"href":"https:\/\/portalv1.com.br\/api\/wp\/v2\/media\/90358"}],"wp:attachment":[{"href":"https:\/\/portalv1.com.br\/api\/wp\/v2\/media?parent=90357"}],"wp:term":[{"taxonomy":"category","embeddable":true,"href":"https:\/\/portalv1.com.br\/api\/wp\/v2\/categories?post=90357"},{"taxonomy":"post_tag","embeddable":true,"href":"https:\/\/portalv1.com.br\/api\/wp\/v2\/tags?post=90357"}],"curies":[{"name":"wp","href":"https:\/\/api.w.org\/{rel}","templated":true}]}}