{"id":90449,"date":"2021-01-16T17:39:45","date_gmt":"2021-01-16T20:39:45","guid":{"rendered":"https:\/\/portalv1.com.br\/?p=90449"},"modified":"2021-01-16T17:43:56","modified_gmt":"2021-01-16T20:43:56","slug":"prefeito-marcelo-costa-abre-ano-legislativo-e-traca-metas-para-valenca","status":"publish","type":"post","link":"https:\/\/portalv1.com.br\/prefeito-marcelo-costa-abre-ano-legislativo-e-traca-metas-para-valenca\/","title":{"rendered":"Prefeito Marcelo Costa abre Ano Legislativo e tra\u00e7a metas para Valen\u00e7a"},"content":{"rendered":"<p>Os vereadores valencianos retomaram ao parlamento na noite desta sexta-feira (15) para a abertura do Ano Legislativo, que marcou o in\u00edcio dos trabalhos para o ano de 2021. A sess\u00e3o solene foi marcada pela leitura da mensagem do Poder Executivo feita pelo prefeito municipal Marcelo Costa.<\/p>\n<p>A sess\u00e3o bastante prestigiada contou com a presen\u00e7a dos vereadores: Ilana Caetano, Ielva Mel\u00e3o, Edilsa Do Vale, L\u00edvia Nogueira, Vanildo Castro, Benoni Jos\u00e9, Devaldo Nunes, Rafaella Sampaio e Walmaria Moura (vice-presidenta), que presidiu a sess\u00e3o devido \u00e0 aus\u00eancia da presidenta Paula Jeanne.<\/p>\n<p>A vereadora Walmaria Moura (PTB), presidenta da sess\u00e3o, deu as boas-vindas ao prefeito e o convidou para assumir a tribuna para a leitura da mensagem anual. Antes de sua fala, o prefeito entregou um relat\u00f3rio preliminar a cada um dos vereadores mostrando em n\u00fameros a situa\u00e7\u00e3o cr\u00edtica em que encontrou o munic\u00edpio.<\/p>\n<p>Segundo Marcelo Costa, a gest\u00e3o da prefeita Cei\u00e7a Dias deixou contas zeradas na sa\u00fade e educa\u00e7\u00e3o, servidores com sal\u00e1rios, 13\u00ba e o ter\u00e7o de f\u00e9rias atrasados, pr\u00e9dios e equipamentos sucateados, que diminuir\u00e3o a retomada do crescimento da cidade.<\/p>\n<p>Apesar do cen\u00e1rio negativo, ele informou que sua equipe est\u00e1 conseguindo vencer os obst\u00e1culos para colocar a m\u00e1quina administrativa para funcionar e que muitos projetos j\u00e1 est\u00e3o engatilhados para os pr\u00f3ximos meses. Sobre os d\u00e9bitos, ele informou que sua equipe jur\u00eddica est\u00e1 trabalhando para responsabilizar a quem \u00e9 de direito.<\/p>\n<p>A sess\u00e3o foi marcada por boa harmonia entre os dois poderes e pela boa condu\u00e7\u00e3o dos trabalhos por parte da presidenta Walmaria Moura. O \u00fanico momento de desconforto foi criado pela vereadora Ilana Caetano, que ap\u00f3s a fala do prefeito, pediu que o gestor encontre alternativas para pagar o m\u00eas de dezembro dos servidores que foram deixados pela gest\u00e3o da ex-prefeita Cei\u00e7a Dias.<\/p>\n<p>A fala da vereadora foi considerada por muitos como inoportuna e desnecess\u00e1ria, uma vez que serviu apenas para expor a ex-prefeita Cei\u00e7a Dias e a pr\u00f3pria vereadora, que foi secret\u00e1ria de sa\u00fade at\u00e9 o in\u00edcio da campanha eleitoral e ao sair deixou sua filha na pasta, que assim como na pasta da educa\u00e7\u00e3o, deixou pend\u00eancias salariais com servidores.<\/p>\n<p>Nesse momento surgiram vaias no plen\u00e1rio, tendo que a presidenta Walmaria Moura intervisse pedindo sil\u00eancio ao audit\u00f3rio.<\/p>\n<p>Em resposta a vereadora, o prefeito Marcelo Costa afirmou que ir\u00e1 pagar os sal\u00e1rios atrasados de dezembro. Ele ressaltou que todos sabem os motivos do n\u00e3o pagamento e que o problema ser\u00e1 resolvido assim que poss\u00edvel pela prefeitura. \u201cO que posso garantir aqui \u00e9 que na minha gest\u00e3o n\u00e3o haver\u00e1 atrasos de sal\u00e1rios\u201d, concluiu.<\/p>\n<p><div class=\"content-iframe\" data-content-width=\"600\"><iframe loading=\"lazy\" style=\"border: none; overflow: hidden;\" src=\"https:\/\/www.facebook.com\/plugins\/video.php?height=314&amp;href=https%3A%2F%2Fwww.facebook.com%2FSergioAlvesValenca%2Fvideos%2F3663246370388476%2F&amp;show_text=false&amp;width=560\" width=\"560\" height=\"314\" frameborder=\"0\" scrolling=\"no\" allowfullscreen=\"allowfullscreen\"><\/iframe><\/div>&nbsp;<\/p>\n<p><a href=\"https:\/\/portalv1.com.br\/app\/wp-content\/uploads\/2021\/01\/3bd3bed1-9c9e-4430-a36e-2070cd2a680c-Copy.jpg\"><img loading=\"lazy\" decoding=\"async\" class=\"aligncenter size-full wp-image-90451\" src=\"https:\/\/portalv1.com.br\/app\/wp-content\/uploads\/2021\/01\/3bd3bed1-9c9e-4430-a36e-2070cd2a680c-Copy.jpg\" alt=\"\" width=\"640\" height=\"426\" srcset=\"https:\/\/portalv1.com.br\/app\/wp-content\/uploads\/2021\/01\/3bd3bed1-9c9e-4430-a36e-2070cd2a680c-Copy.jpg 640w, https:\/\/portalv1.com.br\/app\/wp-content\/uploads\/2021\/01\/3bd3bed1-9c9e-4430-a36e-2070cd2a680c-Copy-300x200.jpg 300w\" sizes=\"auto, (max-width: 640px) 100vw, 640px\" \/><\/a> <a href=\"https:\/\/portalv1.com.br\/app\/wp-content\/uploads\/2021\/01\/41252b01-d343-4542-808a-c1f8e008b859-Copy.jpg\"><img loading=\"lazy\" decoding=\"async\" class=\"aligncenter size-large wp-image-90452\" src=\"https:\/\/portalv1.com.br\/app\/wp-content\/uploads\/2021\/01\/41252b01-d343-4542-808a-c1f8e008b859-Copy.jpg\" alt=\"\" width=\"600\" height=\"399\" srcset=\"https:\/\/portalv1.com.br\/app\/wp-content\/uploads\/2021\/01\/41252b01-d343-4542-808a-c1f8e008b859-Copy.jpg 640w, https:\/\/portalv1.com.br\/app\/wp-content\/uploads\/2021\/01\/41252b01-d343-4542-808a-c1f8e008b859-Copy-300x200.jpg 300w\" sizes=\"auto, (max-width: 600px) 100vw, 600px\" \/><\/a> <a href=\"https:\/\/portalv1.com.br\/app\/wp-content\/uploads\/2021\/01\/Apresentacao1-Copy-1.jpg\"><img loading=\"lazy\" decoding=\"async\" class=\"aligncenter size-large wp-image-90453\" src=\"https:\/\/portalv1.com.br\/app\/wp-content\/uploads\/2021\/01\/Apresentacao1-Copy-1.jpg\" alt=\"\" width=\"600\" height=\"338\" srcset=\"https:\/\/portalv1.com.br\/app\/wp-content\/uploads\/2021\/01\/Apresentacao1-Copy-1.jpg 640w, https:\/\/portalv1.com.br\/app\/wp-content\/uploads\/2021\/01\/Apresentacao1-Copy-1-300x169.jpg 300w\" sizes=\"auto, (max-width: 600px) 100vw, 600px\" \/><\/a> <a href=\"https:\/\/portalv1.com.br\/app\/wp-content\/uploads\/2021\/01\/Apresentacao15-Copy.jpg\"><img loading=\"lazy\" decoding=\"async\" class=\"aligncenter size-large wp-image-90454\" src=\"https:\/\/portalv1.com.br\/app\/wp-content\/uploads\/2021\/01\/Apresentacao15-Copy.jpg\" alt=\"\" width=\"600\" height=\"338\" srcset=\"https:\/\/portalv1.com.br\/app\/wp-content\/uploads\/2021\/01\/Apresentacao15-Copy.jpg 640w, https:\/\/portalv1.com.br\/app\/wp-content\/uploads\/2021\/01\/Apresentacao15-Copy-300x169.jpg 300w\" sizes=\"auto, (max-width: 600px) 100vw, 600px\" \/><\/a> <a href=\"https:\/\/portalv1.com.br\/app\/wp-content\/uploads\/2021\/01\/Apresentacao18-Copy.jpg\"><img loading=\"lazy\" decoding=\"async\" class=\"aligncenter size-large wp-image-90455\" src=\"https:\/\/portalv1.com.br\/app\/wp-content\/uploads\/2021\/01\/Apresentacao18-Copy.jpg\" alt=\"\" width=\"600\" height=\"338\" srcset=\"https:\/\/portalv1.com.br\/app\/wp-content\/uploads\/2021\/01\/Apresentacao18-Copy.jpg 640w, https:\/\/portalv1.com.br\/app\/wp-content\/uploads\/2021\/01\/Apresentacao18-Copy-300x169.jpg 300w\" sizes=\"auto, (max-width: 600px) 100vw, 600px\" \/><\/a> <a href=\"https:\/\/portalv1.com.br\/app\/wp-content\/uploads\/2021\/01\/Apresentacao19-Copy.jpg\"><img loading=\"lazy\" decoding=\"async\" class=\"aligncenter size-large wp-image-90456\" src=\"https:\/\/portalv1.com.br\/app\/wp-content\/uploads\/2021\/01\/Apresentacao19-Copy.jpg\" alt=\"\" width=\"600\" height=\"338\" srcset=\"https:\/\/portalv1.com.br\/app\/wp-content\/uploads\/2021\/01\/Apresentacao19-Copy.jpg 640w, https:\/\/portalv1.com.br\/app\/wp-content\/uploads\/2021\/01\/Apresentacao19-Copy-300x169.jpg 300w\" sizes=\"auto, (max-width: 600px) 100vw, 600px\" \/><\/a> <a href=\"https:\/\/portalv1.com.br\/app\/wp-content\/uploads\/2021\/01\/Apresentacao58-Copy.jpg\"><img loading=\"lazy\" decoding=\"async\" class=\"aligncenter size-full wp-image-90450\" src=\"https:\/\/portalv1.com.br\/app\/wp-content\/uploads\/2021\/01\/Apresentacao58-Copy.jpg\" alt=\"\" width=\"640\" height=\"360\" srcset=\"https:\/\/portalv1.com.br\/app\/wp-content\/uploads\/2021\/01\/Apresentacao58-Copy.jpg 640w, https:\/\/portalv1.com.br\/app\/wp-content\/uploads\/2021\/01\/Apresentacao58-Copy-300x169.jpg 300w\" sizes=\"auto, (max-width: 640px) 100vw, 640px\" \/><\/a><\/p>\n","protected":false},"excerpt":{"rendered":"<p>Os vereadores valencianos retomaram ao parlamento na noite desta sexta-feira (15) para a abertura do Ano Legislativo, que marcou o in\u00edcio dos trabalhos para o ano de 2021. A sess\u00e3o&#8230;<\/p>\n","protected":false},"author":1,"featured_media":90454,"comment_status":"open","ping_status":"open","sticky":false,"template":"","format":"standard","meta":{"ngg_post_thumbnail":0,"footnotes":""},"categories":[12],"tags":[],"class_list":["post-90449","post","type-post","status-publish","format-standard","has-post-thumbnail","hentry","category-valenca-news"],"views":939,"meta_data":{"thumb":"https:\/\/portalv1.com.br\/app\/wp-content\/uploads\/2021\/01\/Apresentacao15-Copy.jpg","imagem":{"fullsize":{"url":"https:\/\/portalv1.com.br\/app\/wp-content\/uploads\/2021\/01\/Apresentacao15-Copy.jpg","width":640,"height":360},"medium":{"url":"https:\/\/portalv1.com.br\/app\/wp-content\/uploads\/2021\/01\/Apresentacao15-Copy-300x169.jpg","width":300,"height":169},"thumbnail":{"url":"https:\/\/portalv1.com.br\/app\/wp-content\/uploads\/2021\/01\/Apresentacao15-Copy-100x100.jpg","width":100,"height":100}},"data":{"simple":"16\/01\/2021","date_time":"16\/01\/2021 14:39:45","date":"h\u00e1 5 anos"},"chapeu":"Sess\u00e3o Solene ","source":"slide"},"_links":{"self":[{"href":"https:\/\/portalv1.com.br\/api\/wp\/v2\/posts\/90449","targetHints":{"allow":["GET"]}}],"collection":[{"href":"https:\/\/portalv1.com.br\/api\/wp\/v2\/posts"}],"about":[{"href":"https:\/\/portalv1.com.br\/api\/wp\/v2\/types\/post"}],"author":[{"embeddable":true,"href":"https:\/\/portalv1.com.br\/api\/wp\/v2\/users\/1"}],"replies":[{"embeddable":true,"href":"https:\/\/portalv1.com.br\/api\/wp\/v2\/comments?post=90449"}],"version-history":[{"count":0,"href":"https:\/\/portalv1.com.br\/api\/wp\/v2\/posts\/90449\/revisions"}],"wp:featuredmedia":[{"embeddable":true,"href":"https:\/\/portalv1.com.br\/api\/wp\/v2\/media\/90454"}],"wp:attachment":[{"href":"https:\/\/portalv1.com.br\/api\/wp\/v2\/media?parent=90449"}],"wp:term":[{"taxonomy":"category","embeddable":true,"href":"https:\/\/portalv1.com.br\/api\/wp\/v2\/categories?post=90449"},{"taxonomy":"post_tag","embeddable":true,"href":"https:\/\/portalv1.com.br\/api\/wp\/v2\/tags?post=90449"}],"curies":[{"name":"wp","href":"https:\/\/api.w.org\/{rel}","templated":true}]}}