{"id":9049,"date":"2011-06-17T09:53:32","date_gmt":"2011-06-17T12:53:32","guid":{"rendered":"https:\/\/portalv1.com.br\/?p=9049"},"modified":"2011-06-18T12:12:23","modified_gmt":"2011-06-18T15:12:23","slug":"mais-comodidade-pag-contas-fecha-parceria-com-as-lojas-alencar","status":"publish","type":"post","link":"https:\/\/portalv1.com.br\/mais-comodidade-pag-contas-fecha-parceria-com-as-lojas-alencar\/","title":{"rendered":"Mais comodidade: Pag Contas fecha parceria com as Lojas Alencar"},"content":{"rendered":"<figure id=\"attachment_9050\" aria-describedby=\"caption-attachment-9050\" style=\"width: 300px\" class=\"wp-caption alignright\"><a href=\"https:\/\/portalv1.com.br\/app\/wp-content\/uploads\/2011\/06\/rubens-esilvio.jpg\"><img loading=\"lazy\" decoding=\"async\" class=\"size-full wp-image-9050\" title=\"rubens esilvio\" src=\"https:\/\/portalv1.com.br\/app\/wp-content\/uploads\/2011\/06\/rubens-esilvio.jpg\" alt=\"\" width=\"300\" height=\"183\" \/><\/a><figcaption id=\"caption-attachment-9050\" class=\"wp-caption-text\">Rubens Alencar e Silvio Leite<\/figcaption><\/figure>\n<p>O Grupo Alencar fechou mais uma parceria para oferecer ainda mais comodidade aos seus clientes. Al\u00e9m de oferecer moveis, eletrodom\u00e9sticos, tecidos e muitas outras utilidades, os clientes agora poder\u00e3o pagar suas contas de \u00e1gua, luz, telefone e outras taxas conveniadas com o Pag Contas.<\/p>\n<p>Franciv\u00e2nia Ara\u00fajo gerente do Grupo Alencar disse que o servi\u00e7o j\u00e1 est\u00e1 funcionando e que as pessoas j\u00e1 podem se utilizar dessa nova parceria do Grupo Alencar, que veio para agilizar ainda mais a vida dos clientes do grupo que est\u00e1 a 26 anos no mercado valenciano. A parceria foi firmada h\u00e1 duas semanas entre os dois representantes das empresas Rubens Alencar e Silvio Leite (foto)<\/p>\n<p>E por falar em Grupo Alencar est\u00e1 sendo preparado para o segundo semestre de 2011, o lan\u00e7amento de mais um empreendimento do grupo, trata-se da Concession\u00e1ria das Motos Traxx, que promete aquecer o mercado valenciano com bons produtos, assist\u00eancia t\u00e9cnica e pre\u00e7os competitivos. O novo empreendimento ir\u00e1 funcionar na Rua Epaminondas Nogueira, pr\u00f3ximo ao Banco do Nordeste.<\/p>\n","protected":false},"excerpt":{"rendered":"<p>O Grupo Alencar fechou mais uma parceria para oferecer ainda mais comodidade aos seus clientes. Al\u00e9m de oferecer moveis, eletrodom\u00e9sticos, tecidos e muitas outras utilidades, os clientes agora poder\u00e3o pagar&#8230;<\/p>\n","protected":false},"author":1,"featured_media":0,"comment_status":"open","ping_status":"open","sticky":false,"template":"","format":"standard","meta":{"ngg_post_thumbnail":0,"footnotes":""},"categories":[12],"tags":[],"class_list":["post-9049","post","type-post","status-publish","format-standard","hentry","category-valenca-news"],"views":609,"meta_data":{"thumb":"https:\/\/portalv1.com.br\/app\/wp-content\/uploads\/2011\/06\/rubens-esilvio.jpg","data":{"simple":"17\/06\/2011","date_time":"17\/06\/2011 06:53:32","date":"h\u00e1 15 anos"},"chapeu":"","source":""},"_links":{"self":[{"href":"https:\/\/portalv1.com.br\/api\/wp\/v2\/posts\/9049","targetHints":{"allow":["GET"]}}],"collection":[{"href":"https:\/\/portalv1.com.br\/api\/wp\/v2\/posts"}],"about":[{"href":"https:\/\/portalv1.com.br\/api\/wp\/v2\/types\/post"}],"author":[{"embeddable":true,"href":"https:\/\/portalv1.com.br\/api\/wp\/v2\/users\/1"}],"replies":[{"embeddable":true,"href":"https:\/\/portalv1.com.br\/api\/wp\/v2\/comments?post=9049"}],"version-history":[{"count":0,"href":"https:\/\/portalv1.com.br\/api\/wp\/v2\/posts\/9049\/revisions"}],"wp:attachment":[{"href":"https:\/\/portalv1.com.br\/api\/wp\/v2\/media?parent=9049"}],"wp:term":[{"taxonomy":"category","embeddable":true,"href":"https:\/\/portalv1.com.br\/api\/wp\/v2\/categories?post=9049"},{"taxonomy":"post_tag","embeddable":true,"href":"https:\/\/portalv1.com.br\/api\/wp\/v2\/tags?post=9049"}],"curies":[{"name":"wp","href":"https:\/\/api.w.org\/{rel}","templated":true}]}}