{"id":90523,"date":"2021-01-20T09:54:44","date_gmt":"2021-01-20T12:54:44","guid":{"rendered":"https:\/\/portalv1.com.br\/?p=90523"},"modified":"2021-01-20T10:50:02","modified_gmt":"2021-01-20T13:50:02","slug":"governador-proibe-festas-de-carnaval-para-evitar-colapso-na-rede-de-saude","status":"publish","type":"post","link":"https:\/\/portalv1.com.br\/governador-proibe-festas-de-carnaval-para-evitar-colapso-na-rede-de-saude\/","title":{"rendered":"Governador pro\u00edbe festas de carnaval para evitar colapso na rede de Sa\u00fade"},"content":{"rendered":"<figure id=\"attachment_90524\" aria-describedby=\"caption-attachment-90524\" style=\"width: 600px\" class=\"wp-caption aligncenter\"><a href=\"https:\/\/portalv1.com.br\/app\/wp-content\/uploads\/2021\/01\/354416f4cdf01803087ea8c203224941.jpg\"><img loading=\"lazy\" decoding=\"async\" class=\"size-large wp-image-90524\" src=\"https:\/\/portalv1.com.br\/app\/wp-content\/uploads\/2021\/01\/354416f4cdf01803087ea8c203224941-640x426.jpg\" alt=\"\" width=\"600\" height=\"399\" srcset=\"https:\/\/portalv1.com.br\/app\/wp-content\/uploads\/2021\/01\/354416f4cdf01803087ea8c203224941-640x426.jpg 640w, https:\/\/portalv1.com.br\/app\/wp-content\/uploads\/2021\/01\/354416f4cdf01803087ea8c203224941-300x200.jpg 300w, https:\/\/portalv1.com.br\/app\/wp-content\/uploads\/2021\/01\/354416f4cdf01803087ea8c203224941-768x511.jpg 768w, https:\/\/portalv1.com.br\/app\/wp-content\/uploads\/2021\/01\/354416f4cdf01803087ea8c203224941.jpg 790w\" sizes=\"auto, (max-width: 600px) 100vw, 600px\" \/><\/a><figcaption id=\"caption-attachment-90524\" class=\"wp-caption-text\">Wellington Dias<\/figcaption><\/figure>\n<p>O governador Wellington Dias (PT) decidiu proibir a realiza\u00e7\u00e3o de eventos carnavalescos no Piau\u00ed, ap\u00f3s reuni\u00e3o com o Comit\u00ea de Opera\u00e7\u00f5es Emergenciais (COE) de combate \u00e0 Covid-19, nesta ter\u00e7a-feira (19).&nbsp; A suspens\u00e3o ocorreu para evitar aglomera\u00e7\u00f5es de pessoas e o poss\u00edvel colapso da rede de sa\u00fade. A Prefeitura de Teresina j\u00e1 anunciou a suspens\u00e3o do carnaval e do Corso de Teresina. O Piau\u00ed j\u00e1 vive o aumento do n\u00famero de casos da doen\u00e7a e, por isso, o governador autorizou a implanta\u00e7\u00e3o de mais de 40 leitos na rede hospitalar.<\/p>\n<p>Al\u00e9m da n\u00e3o realiza\u00e7\u00e3o das festas de carnaval, o Governo do Piau\u00ed suspendeu os pontos facultativos da segunda-feira de carnaval e da quarta-feira de cinzas.&nbsp; Neste ano, o carnaval \u00e9 comemorado no dia 16 de fevereiro e cair\u00e1 numa ter\u00e7a-feira.&nbsp;<\/p>\n<p>\u201cEste ano, estamos adotando a medida da n\u00e3o realiza\u00e7\u00e3o de eventos carnavalescos porque temos uma situa\u00e7\u00e3o em que h\u00e1 alta transmissibilidade, alto risco e amplia\u00e7\u00e3o do adoecimento. Isso poderia levar colapso a algumas regi\u00f5es de sa\u00fade, portanto, \u00e9 melhor evitar\u201d, diz o governador.<\/p>\n<p>Wellington Dias ressalta que o estado j\u00e1 come\u00e7ou a vacina\u00e7\u00e3o contra a Covid-19. Os primeiros piauienses receberam a primeira dose da vacina na segunda (18) em solenidade no p\u00e1tio da Secretaria Estadual de Sa\u00fade (Sesapi). O governador pede que as pessoas respeitem os protocolos sanit\u00e1rios e de higiene para evitar maior transmiss\u00e3o do v\u00edrus.<\/p>\n<p>\u201cJ\u00e1 come\u00e7amos a vacina, temos condi\u00e7\u00f5es de at\u00e9 o m\u00eas de junho avan\u00e7ar na imuniza\u00e7\u00e3o no Piau\u00ed e no Brasil. A gente j\u00e1 suportou at\u00e9 aqui, ent\u00e3o estou suspendendo o ponto facultativo da segunda e na quarta-feira de carnaval. Vamos garantir que as pessoas possam cumprir o protocolo. Todas as equipes de vigil\u00e2ncia em sa\u00fade e seguran\u00e7a, Estado, Munic\u00edpio e Federal, todos estaremos integrados para salvar vidas\u201d, acrescenta.<\/p>\n<p>No in\u00edcio de janeiro, o secret\u00e1rio estadual de Turismo, Fl\u00e1vio Nogueira J\u00fanior, defendeu o adiamento das festividades do Carnaval no Piau\u00ed. Na \u00e9poca, o secret\u00e1rio sugeriu adiar a comemora\u00e7\u00e3o do carnaval para o m\u00eas de junho. No caso, o estado iria comemorar tanto o carnaval como as festas juninas.<\/p>\n<p><strong>Leitos de Covid-19<\/strong><\/p>\n<p>O governador Wellington Dias autorizou a implanta\u00e7\u00e3o de mais 40 leitos na rede hospitalar. \u201cInfelizmente, como j\u00e1 era esperado, tivemos, entre o Natal o Ano Novo, um n\u00famero grande de pessoas que n\u00e3o seguiu o protocolo. O resultado foi o crescimento na transmissibilidade do coronav\u00edrus, assim como o aumento de pessoas doentes o aumento na ocupa\u00e7\u00e3o de leitos em algumas regi\u00f5es do estado\u201d.<\/p>\n<p>\u201cPor isso, aprovei a amplia\u00e7\u00e3o de mais leitos. S\u00e3o mais 40 novos leitos que ficar\u00e3o dispon\u00edveis no munic\u00edpio de Teresina, Oeiras e em outras regi\u00f5es do estado. O objetivo \u00e9 garantir que nenhuma regi\u00e3o entre em colapso, ao mesmo tempo, fica o alerta para o cumprimento das regras, do uso da m\u00e1scara, higieniza\u00e7\u00e3o das m\u00e3os, afinal n\u00e3o \u00e9 porque j\u00e1 come\u00e7ou a vacina\u00e7\u00e3o que o coronav\u00edrus desapareceu\u201d.&nbsp;<\/p>\n<p>Fonte: cidadeverde<\/p>\n","protected":false},"excerpt":{"rendered":"<p>O governador Wellington Dias (PT) decidiu proibir a realiza\u00e7\u00e3o de eventos carnavalescos no Piau\u00ed, ap\u00f3s reuni\u00e3o com o Comit\u00ea de Opera\u00e7\u00f5es Emergenciais (COE) de combate \u00e0 Covid-19, nesta ter\u00e7a-feira (19).&nbsp;&#8230;<\/p>\n","protected":false},"author":1,"featured_media":90524,"comment_status":"open","ping_status":"open","sticky":false,"template":"","format":"standard","meta":{"ngg_post_thumbnail":0,"footnotes":""},"categories":[243],"tags":[],"class_list":["post-90523","post","type-post","status-publish","format-standard","has-post-thumbnail","hentry","category-geral"],"views":529,"meta_data":{"thumb":"https:\/\/portalv1.com.br\/app\/wp-content\/uploads\/2021\/01\/354416f4cdf01803087ea8c203224941.jpg","imagem":{"fullsize":{"url":"https:\/\/portalv1.com.br\/app\/wp-content\/uploads\/2021\/01\/354416f4cdf01803087ea8c203224941.jpg","width":790,"height":526},"medium":{"url":"https:\/\/portalv1.com.br\/app\/wp-content\/uploads\/2021\/01\/354416f4cdf01803087ea8c203224941-300x200.jpg","width":300,"height":200},"large":{"url":"https:\/\/portalv1.com.br\/app\/wp-content\/uploads\/2021\/01\/354416f4cdf01803087ea8c203224941-640x426.jpg","width":640,"height":426},"thumbnail":{"url":"https:\/\/portalv1.com.br\/app\/wp-content\/uploads\/2021\/01\/354416f4cdf01803087ea8c203224941-100x100.jpg","width":100,"height":100},"medium_large":{"url":"https:\/\/portalv1.com.br\/app\/wp-content\/uploads\/2021\/01\/354416f4cdf01803087ea8c203224941-768x511.jpg","width":768,"height":511}},"data":{"simple":"20\/01\/2021","date_time":"20\/01\/2021 06:54:44","date":"h\u00e1 5 anos"},"chapeu":"Veja os detalhes ","source":"slide"},"_links":{"self":[{"href":"https:\/\/portalv1.com.br\/api\/wp\/v2\/posts\/90523","targetHints":{"allow":["GET"]}}],"collection":[{"href":"https:\/\/portalv1.com.br\/api\/wp\/v2\/posts"}],"about":[{"href":"https:\/\/portalv1.com.br\/api\/wp\/v2\/types\/post"}],"author":[{"embeddable":true,"href":"https:\/\/portalv1.com.br\/api\/wp\/v2\/users\/1"}],"replies":[{"embeddable":true,"href":"https:\/\/portalv1.com.br\/api\/wp\/v2\/comments?post=90523"}],"version-history":[{"count":0,"href":"https:\/\/portalv1.com.br\/api\/wp\/v2\/posts\/90523\/revisions"}],"wp:featuredmedia":[{"embeddable":true,"href":"https:\/\/portalv1.com.br\/api\/wp\/v2\/media\/90524"}],"wp:attachment":[{"href":"https:\/\/portalv1.com.br\/api\/wp\/v2\/media?parent=90523"}],"wp:term":[{"taxonomy":"category","embeddable":true,"href":"https:\/\/portalv1.com.br\/api\/wp\/v2\/categories?post=90523"},{"taxonomy":"post_tag","embeddable":true,"href":"https:\/\/portalv1.com.br\/api\/wp\/v2\/tags?post=90523"}],"curies":[{"name":"wp","href":"https:\/\/api.w.org\/{rel}","templated":true}]}}