{"id":90548,"date":"2021-01-21T21:21:23","date_gmt":"2021-01-22T00:21:23","guid":{"rendered":"https:\/\/portalv1.com.br\/?p=90548"},"modified":"2021-01-21T21:23:06","modified_gmt":"2021-01-22T00:23:06","slug":"seduc-divulga-portaria-e-anuncia-que-retorno-as-aulas-sera-exclusivamente-remoto","status":"publish","type":"post","link":"https:\/\/portalv1.com.br\/seduc-divulga-portaria-e-anuncia-que-retorno-as-aulas-sera-exclusivamente-remoto\/","title":{"rendered":"Seduc divulga portaria e anuncia que retorno \u00e0s aulas ser\u00e1 exclusivamente remoto"},"content":{"rendered":"<figure id=\"attachment_88237\" aria-describedby=\"caption-attachment-88237\" style=\"width: 600px\" class=\"wp-caption aligncenter\"><a href=\"https:\/\/portalv1.com.br\/app\/wp-content\/uploads\/2020\/09\/sala-de-aula.jpg\"><img loading=\"lazy\" decoding=\"async\" class=\"size-large wp-image-88237\" src=\"https:\/\/portalv1.com.br\/app\/wp-content\/uploads\/2020\/09\/sala-de-aula-640x400.jpg\" alt=\"\" width=\"600\" height=\"375\" srcset=\"https:\/\/portalv1.com.br\/app\/wp-content\/uploads\/2020\/09\/sala-de-aula-640x400.jpg 640w, https:\/\/portalv1.com.br\/app\/wp-content\/uploads\/2020\/09\/sala-de-aula-300x188.jpg 300w, https:\/\/portalv1.com.br\/app\/wp-content\/uploads\/2020\/09\/sala-de-aula.jpg 652w\" sizes=\"auto, (max-width: 600px) 100vw, 600px\" \/><\/a><figcaption id=\"caption-attachment-88237\" class=\"wp-caption-text\">SEDUC<\/figcaption><\/figure>\n<p>A Secretaria de Educa\u00e7\u00e3o do Piau\u00ed (Seduc) definiu nesta quinta-feira (21) que as escolas da rede p\u00fablica estadual iniciar\u00e3o as aulas em 2021 no formato exclusivamente remoto. A medida foi regulamentada em portaria assinada pelo secret\u00e1rio Ellen Gera.&nbsp;<strong><a href=\"https:\/\/cidadeverde.com\/assets\/uploads\/files\/sei_gov-pi%20-%201081313%20-%20seduc%20portaria%20gse%20inicio%20do%20ano%20letivo%202021_1611260748.pdf\" target=\"_blank\" rel=\"noopener\">Veja a portaria<\/a>.&nbsp;<\/strong>As aulas voltam no dia 1\u00ba de fevereiro.<\/p>\n<p>Segundo a Seduc, qualquer mudan\u00e7a no formato das aulas no decorrer do ano letivo ser\u00e1 comunicado por ato formal do secret\u00e1rio. A escolas ter\u00e3o que organizar entre os dias 8 e 12 de fevereiro, o calend\u00e1rio escolar para ser validado pela Unidade de Gest\u00e3o e Inspe\u00e7\u00e3o Escolar. J\u00e1&nbsp;entre os dias 25 e 30 de janeiro in\u00edciam as atividades de acolhimento aos profissionais, equipe administrativa e docentes lotados nas escolas.<\/p>\n<p>De acordo com a portaria, o processo de matr\u00edcula vai continuar. A Seduc realizar\u00e1&nbsp;Busca Ativa, especialmente com oferta de vagas para Educa\u00e7\u00e3o de Jovens e Adultos e Educa\u00e7\u00e3o Profissional.<\/p>\n<p>&#8220;A Seduc manter\u00e1 aberto o link para matr\u00edcula. Entretanto, as escolas devem receber as novas matr\u00edculas, enturmar os alunos e direcion\u00e1-los para as turmas remotas&#8221;, informa o documento.<\/p>\n<p><a href=\"http:\/\/www.seduc.pi.gov.br\/matricula\">Link para matr\u00edcula<\/a><\/p>\n<p>De acordo com a Seduc, v\u00e1rios munic\u00edpios ainda n\u00e3o encerraram o ano levo 2020. &#8220;A Rede Estadual receber\u00e1 todas as matr\u00edculas. As escolas, \u00e0 medida em que enturmarem os alunos conforme Edital de Matr\u00edcula, dever\u00e3o solicitar \u00e0 UGIE a abertura de novas turmas caso seja necess\u00e1rio&#8221;, informa.<\/p>\n<p>No \u00ednicio do m\u00eas, em decreto publicado no Di\u00e1rio Oficial do Estado, o governador Wellington Dias aprovou o protocolo espec\u00edfico com medidas de preven\u00e7\u00e3o contra a Covid-19 para o setor relativo \u00e0 educa\u00e7\u00e3o.&nbsp;<\/p>\n<p>Na pr\u00e1tica, a escolas poderiam retornar com o sistema de ensino presencial, desde que apresentem, de forma obrigat\u00f3ria, o plano de seguran\u00e7a sanit\u00e1ria. O decreto \u00e9 relativo aos berc\u00e1rios, creches, infant\u00e1rios, educa\u00e7\u00e3o infantil, ensino fundamenta, ensino m\u00e9dio, t\u00e9cnico, educa\u00e7\u00e3o superior, EJA, preparat\u00f3rio para concursos das redes p\u00fablica e privada de ensino.&nbsp;<\/p>\n<p>No setor privado o ano letivo ja retormou no formato h\u00edbrido, com aulas presenciais e remotas.<\/p>\n<p>Em 2020, a Seduc estava com 228 mil alunos matriculados em 658 escolas espalhadas por todo o estado. A expectativa \u00e9 de que o n\u00famero de alunos se mantenha na mesma m\u00e9dia em 2021.&nbsp;<\/p>\n<p>Fonte: cidadeverde<\/p>\n","protected":false},"excerpt":{"rendered":"<p>A Secretaria de Educa\u00e7\u00e3o do Piau\u00ed (Seduc) definiu nesta quinta-feira (21) que as escolas da rede p\u00fablica estadual iniciar\u00e3o as aulas em 2021 no formato exclusivamente remoto. A medida foi&#8230;<\/p>\n","protected":false},"author":1,"featured_media":88237,"comment_status":"open","ping_status":"open","sticky":false,"template":"","format":"standard","meta":{"ngg_post_thumbnail":0,"footnotes":""},"categories":[243],"tags":[],"class_list":["post-90548","post","type-post","status-publish","format-standard","has-post-thumbnail","hentry","category-geral"],"views":819,"meta_data":{"thumb":"https:\/\/portalv1.com.br\/app\/wp-content\/uploads\/2020\/09\/sala-de-aula.jpg","imagem":{"fullsize":{"url":"https:\/\/portalv1.com.br\/app\/wp-content\/uploads\/2020\/09\/sala-de-aula.jpg","width":652,"height":408},"medium":{"url":"https:\/\/portalv1.com.br\/app\/wp-content\/uploads\/2020\/09\/sala-de-aula-300x188.jpg","width":300,"height":188},"large":{"url":"https:\/\/portalv1.com.br\/app\/wp-content\/uploads\/2020\/09\/sala-de-aula-640x400.jpg","width":640,"height":400},"thumbnail":{"url":"https:\/\/portalv1.com.br\/app\/wp-content\/uploads\/2020\/09\/sala-de-aula-100x100.jpg","width":100,"height":100}},"data":{"simple":"21\/01\/2021","date_time":"21\/01\/2021 18:21:23","date":"h\u00e1 5 anos"},"chapeu":"SEDUC","source":"slide"},"_links":{"self":[{"href":"https:\/\/portalv1.com.br\/api\/wp\/v2\/posts\/90548","targetHints":{"allow":["GET"]}}],"collection":[{"href":"https:\/\/portalv1.com.br\/api\/wp\/v2\/posts"}],"about":[{"href":"https:\/\/portalv1.com.br\/api\/wp\/v2\/types\/post"}],"author":[{"embeddable":true,"href":"https:\/\/portalv1.com.br\/api\/wp\/v2\/users\/1"}],"replies":[{"embeddable":true,"href":"https:\/\/portalv1.com.br\/api\/wp\/v2\/comments?post=90548"}],"version-history":[{"count":0,"href":"https:\/\/portalv1.com.br\/api\/wp\/v2\/posts\/90548\/revisions"}],"wp:featuredmedia":[{"embeddable":true,"href":"https:\/\/portalv1.com.br\/api\/wp\/v2\/media\/88237"}],"wp:attachment":[{"href":"https:\/\/portalv1.com.br\/api\/wp\/v2\/media?parent=90548"}],"wp:term":[{"taxonomy":"category","embeddable":true,"href":"https:\/\/portalv1.com.br\/api\/wp\/v2\/categories?post=90548"},{"taxonomy":"post_tag","embeddable":true,"href":"https:\/\/portalv1.com.br\/api\/wp\/v2\/tags?post=90548"}],"curies":[{"name":"wp","href":"https:\/\/api.w.org\/{rel}","templated":true}]}}