{"id":90556,"date":"2021-01-22T23:09:45","date_gmt":"2021-01-23T02:09:45","guid":{"rendered":"https:\/\/portalv1.com.br\/?p=90556"},"modified":"2021-01-22T23:09:45","modified_gmt":"2021-01-23T02:09:45","slug":"missa-de-15-anos-da-ordenacao-sacerdotal-do-padre-edvaldo-sera-neste-domingo","status":"publish","type":"post","link":"https:\/\/portalv1.com.br\/missa-de-15-anos-da-ordenacao-sacerdotal-do-padre-edvaldo-sera-neste-domingo\/","title":{"rendered":"Missa de 15 anos da Ordena\u00e7\u00e3o Sacerdotal do padre Edvaldo ser\u00e1 neste domingo"},"content":{"rendered":"<p>Neste domingo, 24 de janeiro, a Igreja Cat\u00f3lica em Valen\u00e7a celebrar\u00e1 os 15 anos da Ordena\u00e7\u00e3o Sacerdotal do padre valenciano Edvaldo Barbosa. A celebra\u00e7\u00e3o acontecer\u00e1 \u00e0s 08 da manh\u00e3 na Igreja Matriz de Nossa Senhora do \u00d3 e Concei\u00e7\u00e3o.<\/p>\n<p>Devido \u00e0s restri\u00e7\u00f5es sanit\u00e1rias impostas pela pandemia da Covid-19 a participa\u00e7\u00e3o popular ser\u00e1 limitada, no entanto ela ser\u00e1 transmitida pelas redes sociais da Matriz.<a href=\"https:\/\/portalv1.com.br\/app\/wp-content\/uploads\/2021\/01\/WhatsApp-Image-2021-01-22-at-12.31.07.jpeg\"><img loading=\"lazy\" decoding=\"async\" class=\"aligncenter size-large wp-image-90557\" src=\"https:\/\/portalv1.com.br\/app\/wp-content\/uploads\/2021\/01\/WhatsApp-Image-2021-01-22-at-12.31.07-640x640.jpeg\" alt=\"\" width=\"600\" height=\"600\" srcset=\"https:\/\/portalv1.com.br\/app\/wp-content\/uploads\/2021\/01\/WhatsApp-Image-2021-01-22-at-12.31.07-640x640.jpeg 640w, https:\/\/portalv1.com.br\/app\/wp-content\/uploads\/2021\/01\/WhatsApp-Image-2021-01-22-at-12.31.07-300x300.jpeg 300w, https:\/\/portalv1.com.br\/app\/wp-content\/uploads\/2021\/01\/WhatsApp-Image-2021-01-22-at-12.31.07-100x100.jpeg 100w, https:\/\/portalv1.com.br\/app\/wp-content\/uploads\/2021\/01\/WhatsApp-Image-2021-01-22-at-12.31.07-768x768.jpeg 768w, https:\/\/portalv1.com.br\/app\/wp-content\/uploads\/2021\/01\/WhatsApp-Image-2021-01-22-at-12.31.07.jpeg 1080w\" sizes=\"auto, (max-width: 600px) 100vw, 600px\" \/><\/a><\/p>\n","protected":false},"excerpt":{"rendered":"<p>Neste domingo, 24 de janeiro, a Igreja Cat\u00f3lica em Valen\u00e7a celebrar\u00e1 os 15 anos da Ordena\u00e7\u00e3o Sacerdotal do padre valenciano Edvaldo Barbosa. A celebra\u00e7\u00e3o acontecer\u00e1 \u00e0s 08 da manh\u00e3 na&#8230;<\/p>\n","protected":false},"author":1,"featured_media":90558,"comment_status":"open","ping_status":"open","sticky":false,"template":"","format":"standard","meta":{"ngg_post_thumbnail":0,"footnotes":""},"categories":[243],"tags":[],"class_list":["post-90556","post","type-post","status-publish","format-standard","has-post-thumbnail","hentry","category-geral"],"views":426,"meta_data":{"thumb":"https:\/\/portalv1.com.br\/app\/wp-content\/uploads\/2021\/01\/padre-Copy.jpg","imagem":{"fullsize":{"url":"https:\/\/portalv1.com.br\/app\/wp-content\/uploads\/2021\/01\/padre-Copy.jpg","width":640,"height":360},"medium":{"url":"https:\/\/portalv1.com.br\/app\/wp-content\/uploads\/2021\/01\/padre-Copy-300x169.jpg","width":300,"height":169},"thumbnail":{"url":"https:\/\/portalv1.com.br\/app\/wp-content\/uploads\/2021\/01\/padre-Copy-100x100.jpg","width":100,"height":100}},"data":{"simple":"22\/01\/2021","date_time":"22\/01\/2021 20:09:45","date":"h\u00e1 5 anos"},"chapeu":"\u00c0s 08h da manha","source":"m_destacada"},"_links":{"self":[{"href":"https:\/\/portalv1.com.br\/api\/wp\/v2\/posts\/90556","targetHints":{"allow":["GET"]}}],"collection":[{"href":"https:\/\/portalv1.com.br\/api\/wp\/v2\/posts"}],"about":[{"href":"https:\/\/portalv1.com.br\/api\/wp\/v2\/types\/post"}],"author":[{"embeddable":true,"href":"https:\/\/portalv1.com.br\/api\/wp\/v2\/users\/1"}],"replies":[{"embeddable":true,"href":"https:\/\/portalv1.com.br\/api\/wp\/v2\/comments?post=90556"}],"version-history":[{"count":0,"href":"https:\/\/portalv1.com.br\/api\/wp\/v2\/posts\/90556\/revisions"}],"wp:featuredmedia":[{"embeddable":true,"href":"https:\/\/portalv1.com.br\/api\/wp\/v2\/media\/90558"}],"wp:attachment":[{"href":"https:\/\/portalv1.com.br\/api\/wp\/v2\/media?parent=90556"}],"wp:term":[{"taxonomy":"category","embeddable":true,"href":"https:\/\/portalv1.com.br\/api\/wp\/v2\/categories?post=90556"},{"taxonomy":"post_tag","embeddable":true,"href":"https:\/\/portalv1.com.br\/api\/wp\/v2\/tags?post=90556"}],"curies":[{"name":"wp","href":"https:\/\/api.w.org\/{rel}","templated":true}]}}