{"id":90620,"date":"2021-01-27T17:52:49","date_gmt":"2021-01-27T20:52:49","guid":{"rendered":"https:\/\/portalv1.com.br\/?p=90620"},"modified":"2021-01-27T17:52:49","modified_gmt":"2021-01-27T20:52:49","slug":"prefeitura-de-aroazes-divulga-cronograma-para-coleta-de-lixo-e-pede-ajuda-da-populacao","status":"publish","type":"post","link":"https:\/\/portalv1.com.br\/prefeitura-de-aroazes-divulga-cronograma-para-coleta-de-lixo-e-pede-ajuda-da-populacao\/","title":{"rendered":"Prefeitura de Aroazes divulga cronograma para coleta de lixo e pede ajuda da popula\u00e7\u00e3o"},"content":{"rendered":"<p>Com o objetivo de proteger o meio ambiente e destinar corretamente o descarte do lixo s\u00f3lido domiciliar, a Prefeitura de Aroazes, atrav\u00e9s da Secretaria do Meio Ambiente divulgou o cronograma da coleta nos bairros da cidade.<\/p>\n<p>As comunidades foram divididas em tr\u00eas rotas divididas em seis dias da semana. \u00c9 necess\u00e1rio embalar o lixo em sacos pl\u00e1sticos ou caixas de papel\u00e3o.<\/p>\n<p>Para evitar acidentes com os coletores do lixo, \u00e9 de extrema import\u00e2ncia que materiais de vidros como garrafas, vidro de conserva e cacos de vidro sejam embalados em jornal e colocados em caixas de papel\u00e3o para serem recolhidos. No Centro a coleta \u00e9 diariamente. Fa\u00e7a sua parte, e colabore com a limpeza urbana de Aroazes! <a href=\"https:\/\/portalv1.com.br\/app\/wp-content\/uploads\/2021\/01\/645215f4-eacd-4f52-a030-1133017f77fa.jpg\"><img loading=\"lazy\" decoding=\"async\" class=\"aligncenter size-large wp-image-90621\" src=\"https:\/\/portalv1.com.br\/app\/wp-content\/uploads\/2021\/01\/645215f4-eacd-4f52-a030-1133017f77fa-640x640.jpg\" alt=\"\" width=\"600\" height=\"600\" srcset=\"https:\/\/portalv1.com.br\/app\/wp-content\/uploads\/2021\/01\/645215f4-eacd-4f52-a030-1133017f77fa-640x640.jpg 640w, https:\/\/portalv1.com.br\/app\/wp-content\/uploads\/2021\/01\/645215f4-eacd-4f52-a030-1133017f77fa-300x300.jpg 300w, https:\/\/portalv1.com.br\/app\/wp-content\/uploads\/2021\/01\/645215f4-eacd-4f52-a030-1133017f77fa-100x100.jpg 100w, https:\/\/portalv1.com.br\/app\/wp-content\/uploads\/2021\/01\/645215f4-eacd-4f52-a030-1133017f77fa-768x768.jpg 768w, https:\/\/portalv1.com.br\/app\/wp-content\/uploads\/2021\/01\/645215f4-eacd-4f52-a030-1133017f77fa.jpg 1280w\" sizes=\"auto, (max-width: 600px) 100vw, 600px\" \/><\/a><\/p>\n<p><strong>Veja abaixo os dias e locais da coleta:<\/strong><\/p>\n<p><strong>Segunda, quarta e sexta:&nbsp;<\/strong><\/p>\n<p>Pi\u00e7arreira<br \/>\nPaulo Mota<br \/>\nBarro<br \/>\nBomfim<br \/>\nConjunto Oz\u00f3rio do Vale<br \/>\nAlto da Cruz<br \/>\nPedrinhas<\/p>\n<p><strong>Ter\u00e7a e quinta:&nbsp;<\/strong><\/p>\n<p>Novo Aroazes<br \/>\nBarreiro<br \/>\nFelipe<br \/>\nAzul da Serra<br \/>\nVila Portela<\/p>\n<p><strong>S\u00e1bado:<\/strong><\/p>\n<p>Sambito<\/p>\n","protected":false},"excerpt":{"rendered":"<p>Com o objetivo de proteger o meio ambiente e destinar corretamente o descarte do lixo s\u00f3lido domiciliar, a Prefeitura de Aroazes, atrav\u00e9s da Secretaria do Meio Ambiente divulgou o cronograma&#8230;<\/p>\n","protected":false},"author":1,"featured_media":90621,"comment_status":"open","ping_status":"open","sticky":false,"template":"","format":"standard","meta":{"ngg_post_thumbnail":0,"footnotes":""},"categories":[243],"tags":[],"class_list":["post-90620","post","type-post","status-publish","format-standard","has-post-thumbnail","hentry","category-geral"],"views":757,"meta_data":{"thumb":"https:\/\/portalv1.com.br\/app\/wp-content\/uploads\/2021\/01\/645215f4-eacd-4f52-a030-1133017f77fa.jpg","imagem":{"fullsize":{"url":"https:\/\/portalv1.com.br\/app\/wp-content\/uploads\/2021\/01\/645215f4-eacd-4f52-a030-1133017f77fa.jpg","width":1280,"height":1280},"medium":{"url":"https:\/\/portalv1.com.br\/app\/wp-content\/uploads\/2021\/01\/645215f4-eacd-4f52-a030-1133017f77fa-300x300.jpg","width":300,"height":300},"large":{"url":"https:\/\/portalv1.com.br\/app\/wp-content\/uploads\/2021\/01\/645215f4-eacd-4f52-a030-1133017f77fa-640x640.jpg","width":640,"height":640},"thumbnail":{"url":"https:\/\/portalv1.com.br\/app\/wp-content\/uploads\/2021\/01\/645215f4-eacd-4f52-a030-1133017f77fa-100x100.jpg","width":100,"height":100},"medium_large":{"url":"https:\/\/portalv1.com.br\/app\/wp-content\/uploads\/2021\/01\/645215f4-eacd-4f52-a030-1133017f77fa-768x768.jpg","width":768,"height":768}},"data":{"simple":"27\/01\/2021","date_time":"27\/01\/2021 14:52:49","date":"h\u00e1 5 anos"},"chapeu":"Limpeza Publica ","source":"slide"},"_links":{"self":[{"href":"https:\/\/portalv1.com.br\/api\/wp\/v2\/posts\/90620","targetHints":{"allow":["GET"]}}],"collection":[{"href":"https:\/\/portalv1.com.br\/api\/wp\/v2\/posts"}],"about":[{"href":"https:\/\/portalv1.com.br\/api\/wp\/v2\/types\/post"}],"author":[{"embeddable":true,"href":"https:\/\/portalv1.com.br\/api\/wp\/v2\/users\/1"}],"replies":[{"embeddable":true,"href":"https:\/\/portalv1.com.br\/api\/wp\/v2\/comments?post=90620"}],"version-history":[{"count":0,"href":"https:\/\/portalv1.com.br\/api\/wp\/v2\/posts\/90620\/revisions"}],"wp:featuredmedia":[{"embeddable":true,"href":"https:\/\/portalv1.com.br\/api\/wp\/v2\/media\/90621"}],"wp:attachment":[{"href":"https:\/\/portalv1.com.br\/api\/wp\/v2\/media?parent=90620"}],"wp:term":[{"taxonomy":"category","embeddable":true,"href":"https:\/\/portalv1.com.br\/api\/wp\/v2\/categories?post=90620"},{"taxonomy":"post_tag","embeddable":true,"href":"https:\/\/portalv1.com.br\/api\/wp\/v2\/tags?post=90620"}],"curies":[{"name":"wp","href":"https:\/\/api.w.org\/{rel}","templated":true}]}}