{"id":90622,"date":"2021-01-27T18:34:31","date_gmt":"2021-01-27T21:34:31","guid":{"rendered":"https:\/\/portalv1.com.br\/?p=90622"},"modified":"2021-01-27T18:34:31","modified_gmt":"2021-01-27T21:34:31","slug":"prefeitura-de-valenca-entra-com-acao-para-desbloquear-dinheiro-da-lei-aldir-blanc","status":"publish","type":"post","link":"https:\/\/portalv1.com.br\/prefeitura-de-valenca-entra-com-acao-para-desbloquear-dinheiro-da-lei-aldir-blanc\/","title":{"rendered":"Prefeitura de Valen\u00e7a entra com a\u00e7\u00e3o para desbloquear dinheiro da Lei Aldir Blanc"},"content":{"rendered":"<figure id=\"attachment_85639\" aria-describedby=\"caption-attachment-85639\" style=\"width: 640px\" class=\"wp-caption aligncenter\"><a href=\"https:\/\/portalv1.com.br\/app\/wp-content\/uploads\/2020\/04\/IMG_9651-Copy.jpg\"><img loading=\"lazy\" decoding=\"async\" class=\"size-full wp-image-85639\" src=\"https:\/\/portalv1.com.br\/app\/wp-content\/uploads\/2020\/04\/IMG_9651-Copy.jpg\" alt=\"\" width=\"640\" height=\"427\" srcset=\"https:\/\/portalv1.com.br\/app\/wp-content\/uploads\/2020\/04\/IMG_9651-Copy.jpg 640w, https:\/\/portalv1.com.br\/app\/wp-content\/uploads\/2020\/04\/IMG_9651-Copy-300x200.jpg 300w\" sizes=\"auto, (max-width: 640px) 100vw, 640px\" \/><\/a><figcaption id=\"caption-attachment-85639\" class=\"wp-caption-text\">PREFEITURA DE VALEN\u00c7A<\/figcaption><\/figure>\n<p>A Prefeitura de Valen\u00e7a, por interm\u00e9dio da Assessoria Jur\u00eddica, aguarda para os pr\u00f3ximos dias o parecer da Justi\u00e7a a respeito de um pedido de desbloqueio dos recursos da Lei Aldir Blanc (Lei 14.017\/20), que garante uma renda emergencial a profissionais do setor cultural durante a pandemia.<\/p>\n<p>De acordo com o advogado Dr. Mauro Rubens, o dinheiro foi bloqueado devido a pend\u00eancias judiciais da gest\u00e3o da ex-prefeita Cei\u00e7a Dias. Ele informou que em julho de 2019, o Minist\u00e9rio P\u00fablico entrou com uma A\u00e7\u00e3o Civil P\u00fablica solicitando que a Prefeitura de Valen\u00e7a normalizasse o transporte escolar na zona rural do munic\u00edpio.<\/p>\n<p>Como a prefeitura n\u00e3o deu a aten\u00e7\u00e3o necess\u00e1ria ao pedido, o Minist\u00e9rio P\u00fablico acionou a Justi\u00e7a pedindo a regulariza\u00e7\u00e3o do transporte e uma multa di\u00e1ria de R$ 10 mil reais em caso de desobedi\u00eancia. Como n\u00e3o houve recurso por parte da prefeitura, a Justi\u00e7a notificou a prefeitura para cumprir a decis\u00e3o e pagar as multas que j\u00e1 somavam R$ 300 mil reais.<\/p>\n<p>Sem respostas, a Justi\u00e7a autorizou o bloqueio de algumas contas da prefeitura, entre elas, a da Lei Aldir Blanc. Dr. Mauro Rubens informou que os recursos hoje bloqueados somam R$ 80.153 reais.<\/p>\n<p>Disse tamb\u00e9m que as despesas do programa que contemplar\u00e1 72 agentes culturais somam R$ 80.111 reais, dinheiro que seria suficiente para pagar os 72 agentes culturais contemplados.<\/p>\n<p>Dr. Mauro Rubens afirmou que o prefeito Marcelo Costa pediu que a assessoria jur\u00eddica entrasse com a a\u00e7\u00e3o pedindo o desbloqueio o mais r\u00e1pido poss\u00edvel, o que foi feito na \u00faltima sexta-feira, 22 de janeiro.<\/p>\n<p>Dr. Mauro Rubens afirmou que ap\u00f3s ser acionada, a Justi\u00e7a pediu um parecer do Minist\u00e9rio P\u00fablico sobre o pedido da prefeitura e nos pr\u00f3ximos dias, ap\u00f3s o envio do parecer, a Justi\u00e7a deve decidir sobre a mat\u00e9ria. \u201cEm nossa conversa, o juiz Dr. Juscelino Norberto se mostrou bem acess\u00edvel ao pleito e estamos esperando a posi\u00e7\u00e3o do MP, que acreditamos ser tamb\u00e9m favor\u00e1vel ao pedido\u201d, disse o advogado.<\/p>\n","protected":false},"excerpt":{"rendered":"<p>A Prefeitura de Valen\u00e7a, por interm\u00e9dio da Assessoria Jur\u00eddica, aguarda para os pr\u00f3ximos dias o parecer da Justi\u00e7a a respeito de um pedido de desbloqueio dos recursos da Lei Aldir&#8230;<\/p>\n","protected":false},"author":1,"featured_media":85639,"comment_status":"open","ping_status":"open","sticky":false,"template":"","format":"standard","meta":{"ngg_post_thumbnail":0,"footnotes":""},"categories":[243],"tags":[],"class_list":["post-90622","post","type-post","status-publish","format-standard","has-post-thumbnail","hentry","category-geral"],"views":1096,"meta_data":{"thumb":"https:\/\/portalv1.com.br\/app\/wp-content\/uploads\/2020\/04\/IMG_9651-Copy.jpg","imagem":{"fullsize":{"url":"https:\/\/portalv1.com.br\/app\/wp-content\/uploads\/2020\/04\/IMG_9651-Copy.jpg","width":640,"height":427},"medium":{"url":"https:\/\/portalv1.com.br\/app\/wp-content\/uploads\/2020\/04\/IMG_9651-Copy-300x200.jpg","width":300,"height":200},"thumbnail":{"url":"https:\/\/portalv1.com.br\/app\/wp-content\/uploads\/2020\/04\/IMG_9651-Copy-100x100.jpg","width":100,"height":100}},"data":{"simple":"27\/01\/2021","date_time":"27\/01\/2021 15:34:31","date":"h\u00e1 5 anos"},"chapeu":"Dinheiro Bloqueado","source":"slide"},"_links":{"self":[{"href":"https:\/\/portalv1.com.br\/api\/wp\/v2\/posts\/90622","targetHints":{"allow":["GET"]}}],"collection":[{"href":"https:\/\/portalv1.com.br\/api\/wp\/v2\/posts"}],"about":[{"href":"https:\/\/portalv1.com.br\/api\/wp\/v2\/types\/post"}],"author":[{"embeddable":true,"href":"https:\/\/portalv1.com.br\/api\/wp\/v2\/users\/1"}],"replies":[{"embeddable":true,"href":"https:\/\/portalv1.com.br\/api\/wp\/v2\/comments?post=90622"}],"version-history":[{"count":0,"href":"https:\/\/portalv1.com.br\/api\/wp\/v2\/posts\/90622\/revisions"}],"wp:featuredmedia":[{"embeddable":true,"href":"https:\/\/portalv1.com.br\/api\/wp\/v2\/media\/85639"}],"wp:attachment":[{"href":"https:\/\/portalv1.com.br\/api\/wp\/v2\/media?parent=90622"}],"wp:term":[{"taxonomy":"category","embeddable":true,"href":"https:\/\/portalv1.com.br\/api\/wp\/v2\/categories?post=90622"},{"taxonomy":"post_tag","embeddable":true,"href":"https:\/\/portalv1.com.br\/api\/wp\/v2\/tags?post=90622"}],"curies":[{"name":"wp","href":"https:\/\/api.w.org\/{rel}","templated":true}]}}