{"id":9064,"date":"2011-06-17T11:17:11","date_gmt":"2011-06-17T14:17:11","guid":{"rendered":"https:\/\/portalv1.com.br\/?p=9064"},"modified":"2011-06-20T15:35:20","modified_gmt":"2011-06-20T18:35:20","slug":"policia-apreende-acusado-de-roubar-feirantes-veja-o-video","status":"publish","type":"post","link":"https:\/\/portalv1.com.br\/policia-apreende-acusado-de-roubar-feirantes-veja-o-video\/","title":{"rendered":"Policia apreende acusado de roubar feirantes. Veja o v\u00eddeo"},"content":{"rendered":"<figure id=\"attachment_9065\" aria-describedby=\"caption-attachment-9065\" style=\"width: 300px\" class=\"wp-caption alignright\"><a href=\"https:\/\/portalv1.com.br\/app\/wp-content\/uploads\/2011\/06\/gilson.jpg\"><img loading=\"lazy\" decoding=\"async\" class=\"size-full wp-image-9065\" title=\"gilson\" src=\"https:\/\/portalv1.com.br\/app\/wp-content\/uploads\/2011\/06\/gilson.jpg\" alt=\"\" width=\"300\" height=\"183\" \/><\/a><figcaption id=\"caption-attachment-9065\" class=\"wp-caption-text\">Gilson da Silva Ara\u00fajo<\/figcaption><\/figure>\n<p>A Policia Militar de Valen\u00e7a do Piaui conseguiu capturar o segundo envolvido no roubou dos feirantes de Elesb\u00e3o Veloso, realizado na ultima segunda feira (13), nas proximidades da localidade Vereda Cumprida. Gilson da Silva Ara\u00fajo, que j\u00e1 tinha passagem pela delegacia de Valen\u00e7a foi capturado em Elesb\u00e3o Veloso, assim como seu comparsa Leandro Mendes Cabral de Oliveira, que tamb\u00e9m est\u00e1 detido na delegacia local.<\/p>\n<p>Com Gilson da Silva foi apreendido um resolver calibre 38, cinco muni\u00e7\u00f5es, um celular, uma moto e R$ 750 reais. R$ 319 reais j\u00e1 haviam sido recuperados com o outro assaltante. No assalto um feirante foi baleado e est\u00e1 internado em Teresina.<\/p>\n<p>O comandante da 2\u00aa CIA de Policia capit\u00e3o Ant\u00f4nio Santos informou que Gilson da Silva foi quem efetuou o disparo contra o feirante. Ele informou ainda que todos os envolvidos, ou seja, os feirantes e os assaltantes s\u00e3o de Elesb\u00e3o Veloso.<\/p>\n<p>Ele contou que como os feirantes andam com pessoas em cima do carro aberto eles sempre evitam passar pelo posto da Policia Rodovi\u00e1ria Federal da BR 316 \u201cSabendo desse percurso, os acusados colocaram pedras no caminho e realizaram o assalto\u201d disse o comandante. Veja o v\u00eddeo gravado com o comandante Ant\u00f4nio Santos.<\/p>\n<p>VEJA O VIDEO<\/p>\n<p>&nbsp;<\/p>\n","protected":false},"excerpt":{"rendered":"<p>A Policia Militar de Valen\u00e7a do Piaui conseguiu capturar o segundo envolvido no roubou dos feirantes de Elesb\u00e3o Veloso, realizado na ultima segunda feira (13), nas proximidades da localidade Vereda&#8230;<\/p>\n","protected":false},"author":1,"featured_media":0,"comment_status":"open","ping_status":"open","sticky":false,"template":"","format":"standard","meta":{"ngg_post_thumbnail":0,"footnotes":""},"categories":[12],"tags":[],"class_list":["post-9064","post","type-post","status-publish","format-standard","hentry","category-valenca-news"],"views":1171,"meta_data":{"thumb":"https:\/\/portalv1.com.br\/app\/wp-content\/uploads\/2011\/06\/gilson.jpg","data":{"simple":"17\/06\/2011","date_time":"17\/06\/2011 08:17:11","date":"h\u00e1 15 anos"},"chapeu":"","source":""},"_links":{"self":[{"href":"https:\/\/portalv1.com.br\/api\/wp\/v2\/posts\/9064","targetHints":{"allow":["GET"]}}],"collection":[{"href":"https:\/\/portalv1.com.br\/api\/wp\/v2\/posts"}],"about":[{"href":"https:\/\/portalv1.com.br\/api\/wp\/v2\/types\/post"}],"author":[{"embeddable":true,"href":"https:\/\/portalv1.com.br\/api\/wp\/v2\/users\/1"}],"replies":[{"embeddable":true,"href":"https:\/\/portalv1.com.br\/api\/wp\/v2\/comments?post=9064"}],"version-history":[{"count":0,"href":"https:\/\/portalv1.com.br\/api\/wp\/v2\/posts\/9064\/revisions"}],"wp:attachment":[{"href":"https:\/\/portalv1.com.br\/api\/wp\/v2\/media?parent=9064"}],"wp:term":[{"taxonomy":"category","embeddable":true,"href":"https:\/\/portalv1.com.br\/api\/wp\/v2\/categories?post=9064"},{"taxonomy":"post_tag","embeddable":true,"href":"https:\/\/portalv1.com.br\/api\/wp\/v2\/tags?post=9064"}],"curies":[{"name":"wp","href":"https:\/\/api.w.org\/{rel}","templated":true}]}}