{"id":90856,"date":"2021-02-02T15:54:35","date_gmt":"2021-02-02T18:54:35","guid":{"rendered":"https:\/\/portalv1.com.br\/?p=90856"},"modified":"2021-02-02T16:01:50","modified_gmt":"2021-02-02T19:01:50","slug":"comarca-de-valenca-do-piaui-passa-por-correicao-ordinaria-video","status":"publish","type":"post","link":"https:\/\/portalv1.com.br\/comarca-de-valenca-do-piaui-passa-por-correicao-ordinaria-video\/","title":{"rendered":"Comarca de Valen\u00e7a do Piaui passa por Correi\u00e7\u00e3o Ordin\u00e1ria. V\u00eddeo"},"content":{"rendered":"<p><a href=\"https:\/\/portalv1.com.br\/app\/wp-content\/uploads\/2021\/02\/IMG_5917-Copy.jpg\"><img loading=\"lazy\" decoding=\"async\" class=\"aligncenter size-large wp-image-90857\" src=\"https:\/\/portalv1.com.br\/app\/wp-content\/uploads\/2021\/02\/IMG_5917-Copy-640x426.jpg\" alt=\"\" width=\"600\" height=\"399\" srcset=\"https:\/\/portalv1.com.br\/app\/wp-content\/uploads\/2021\/02\/IMG_5917-Copy-640x426.jpg 640w, https:\/\/portalv1.com.br\/app\/wp-content\/uploads\/2021\/02\/IMG_5917-Copy-300x200.jpg 300w, https:\/\/portalv1.com.br\/app\/wp-content\/uploads\/2021\/02\/IMG_5917-Copy-768x512.jpg 768w, https:\/\/portalv1.com.br\/app\/wp-content\/uploads\/2021\/02\/IMG_5917-Copy.jpg 800w\" sizes=\"auto, (max-width: 600px) 100vw, 600px\" \/><\/a>O juiz Dr. Juscelino Norberto, titular da Vara \u00danica da Comarca de Valen\u00e7a do Piaui, abriu oficialmente nesta ter\u00e7a-feira (02), a Correi\u00e7\u00e3o Ordin\u00e1ria anual da Comarca, que atende ainda as cidades de Pimenteiras, Novo Oriente e futuramente a cidade de Aroazes que ser\u00e1 agregada.<\/p>\n<p>A sess\u00e3o de instala\u00e7\u00e3o da correi\u00e7\u00e3o aconteceu no Audit\u00f3rio do F\u00f3rum de Valen\u00e7a com a presen\u00e7a de servidores e convidados.<\/p>\n<p><a href=\"https:\/\/portalv1.com.br\/app\/wp-content\/uploads\/2021\/02\/IMG_5897-Copy.jpg\"><img loading=\"lazy\" decoding=\"async\" class=\"aligncenter size-large wp-image-90858\" src=\"https:\/\/portalv1.com.br\/app\/wp-content\/uploads\/2021\/02\/IMG_5897-Copy-640x426.jpg\" alt=\"\" width=\"600\" height=\"399\" srcset=\"https:\/\/portalv1.com.br\/app\/wp-content\/uploads\/2021\/02\/IMG_5897-Copy-640x426.jpg 640w, https:\/\/portalv1.com.br\/app\/wp-content\/uploads\/2021\/02\/IMG_5897-Copy-300x200.jpg 300w, https:\/\/portalv1.com.br\/app\/wp-content\/uploads\/2021\/02\/IMG_5897-Copy-768x512.jpg 768w, https:\/\/portalv1.com.br\/app\/wp-content\/uploads\/2021\/02\/IMG_5897-Copy.jpg 800w\" sizes=\"auto, (max-width: 600px) 100vw, 600px\" \/><\/a>Em sua fala, Dr. Juscelino Norberto, informou que durante a correi\u00e7\u00e3o que ter\u00e1 a dura\u00e7\u00e3o de 22 dias ser\u00e3o examinados a tramita\u00e7\u00e3o dos processos em todas as instancias da Comarca com a finalidade de detectar poss\u00edveis problemas de tramita\u00e7\u00e3o e aprimorar as iniciativas que est\u00e3o dando certo para agilizar os trabalhos.<\/p>\n<p>Nesse per\u00edodo, segundo o magistrado as pessoas interessadas podem contribuir com reclama\u00e7\u00f5es, sugest\u00f5es, elogios ou cr\u00edticas.<\/p>\n<p>\u201cA correi\u00e7\u00e3o como o pr\u00f3prio nome j\u00e1 diz \u00e9 para corrigir falhas ou erros, que aconteceram durante o ano que passou e um dos itens da nossa correi\u00e7\u00e3o \u00e9 exatamente abrir para a sociedade a oportunidade para pedir a corre\u00e7\u00e3o daquilo que ela achou que teve algum problema. Iremos apurar e tentar corrigir\u201d afirmou.<\/p>\n<p><div class=\"content-iframe\" data-content-width=\"600\"><iframe loading=\"lazy\" style=\"border: none; overflow: hidden;\" src=\"https:\/\/www.facebook.com\/plugins\/video.php?height=314&amp;href=https%3A%2F%2Fwww.facebook.com%2FSergioAlvesValenca%2Fvideos%2F3708627319183714%2F&amp;show_text=false&amp;width=560\" width=\"560\" height=\"314\" frameborder=\"0\" scrolling=\"no\" allowfullscreen=\"allowfullscreen\"><\/iframe><\/div>&nbsp;<\/p>\n","protected":false},"excerpt":{"rendered":"<p>O juiz Dr. Juscelino Norberto, titular da Vara \u00danica da Comarca de Valen\u00e7a do Piaui, abriu oficialmente nesta ter\u00e7a-feira (02), a Correi\u00e7\u00e3o Ordin\u00e1ria anual da Comarca, que atende ainda as&#8230;<\/p>\n","protected":false},"author":1,"featured_media":90857,"comment_status":"open","ping_status":"open","sticky":false,"template":"","format":"standard","meta":{"ngg_post_thumbnail":0,"footnotes":""},"categories":[243],"tags":[],"class_list":["post-90856","post","type-post","status-publish","format-standard","has-post-thumbnail","hentry","category-geral"],"views":1085,"meta_data":{"thumb":"https:\/\/portalv1.com.br\/app\/wp-content\/uploads\/2021\/02\/IMG_5917-Copy.jpg","imagem":{"fullsize":{"url":"https:\/\/portalv1.com.br\/app\/wp-content\/uploads\/2021\/02\/IMG_5917-Copy.jpg","width":800,"height":533},"medium":{"url":"https:\/\/portalv1.com.br\/app\/wp-content\/uploads\/2021\/02\/IMG_5917-Copy-300x200.jpg","width":300,"height":200},"large":{"url":"https:\/\/portalv1.com.br\/app\/wp-content\/uploads\/2021\/02\/IMG_5917-Copy-640x426.jpg","width":640,"height":426},"thumbnail":{"url":"https:\/\/portalv1.com.br\/app\/wp-content\/uploads\/2021\/02\/IMG_5917-Copy-100x100.jpg","width":100,"height":100},"medium_large":{"url":"https:\/\/portalv1.com.br\/app\/wp-content\/uploads\/2021\/02\/IMG_5917-Copy-768x512.jpg","width":768,"height":512}},"data":{"simple":"02\/02\/2021","date_time":"02\/02\/2021 12:54:35","date":"h\u00e1 5 anos"},"chapeu":"Vara \u00danica da Comarca de Valen\u00e7a do Piaui","source":"slide"},"_links":{"self":[{"href":"https:\/\/portalv1.com.br\/api\/wp\/v2\/posts\/90856","targetHints":{"allow":["GET"]}}],"collection":[{"href":"https:\/\/portalv1.com.br\/api\/wp\/v2\/posts"}],"about":[{"href":"https:\/\/portalv1.com.br\/api\/wp\/v2\/types\/post"}],"author":[{"embeddable":true,"href":"https:\/\/portalv1.com.br\/api\/wp\/v2\/users\/1"}],"replies":[{"embeddable":true,"href":"https:\/\/portalv1.com.br\/api\/wp\/v2\/comments?post=90856"}],"version-history":[{"count":0,"href":"https:\/\/portalv1.com.br\/api\/wp\/v2\/posts\/90856\/revisions"}],"wp:featuredmedia":[{"embeddable":true,"href":"https:\/\/portalv1.com.br\/api\/wp\/v2\/media\/90857"}],"wp:attachment":[{"href":"https:\/\/portalv1.com.br\/api\/wp\/v2\/media?parent=90856"}],"wp:term":[{"taxonomy":"category","embeddable":true,"href":"https:\/\/portalv1.com.br\/api\/wp\/v2\/categories?post=90856"},{"taxonomy":"post_tag","embeddable":true,"href":"https:\/\/portalv1.com.br\/api\/wp\/v2\/tags?post=90856"}],"curies":[{"name":"wp","href":"https:\/\/api.w.org\/{rel}","templated":true}]}}