{"id":90865,"date":"2021-02-02T22:43:39","date_gmt":"2021-02-03T01:43:39","guid":{"rendered":"https:\/\/portalv1.com.br\/?p=90865"},"modified":"2021-02-02T22:51:02","modified_gmt":"2021-02-03T01:51:02","slug":"marcelo-costa-divulga-calendario-de-pagamento-para-o-ano-de-2021","status":"publish","type":"post","link":"https:\/\/portalv1.com.br\/marcelo-costa-divulga-calendario-de-pagamento-para-o-ano-de-2021\/","title":{"rendered":"Marcelo Costa divulga calend\u00e1rio de pagamento para o ano de 2021"},"content":{"rendered":"<figure id=\"attachment_89654\" aria-describedby=\"caption-attachment-89654\" style=\"width: 600px\" class=\"wp-caption aligncenter\"><a href=\"https:\/\/portalv1.com.br\/app\/wp-content\/uploads\/2020\/12\/marcelo-costa.jpg\"><img loading=\"lazy\" decoding=\"async\" class=\"size-large wp-image-89654\" src=\"https:\/\/portalv1.com.br\/app\/wp-content\/uploads\/2020\/12\/marcelo-costa-640x360.jpg\" alt=\"\" width=\"600\" height=\"338\" srcset=\"https:\/\/portalv1.com.br\/app\/wp-content\/uploads\/2020\/12\/marcelo-costa-640x360.jpg 640w, https:\/\/portalv1.com.br\/app\/wp-content\/uploads\/2020\/12\/marcelo-costa-300x169.jpg 300w, https:\/\/portalv1.com.br\/app\/wp-content\/uploads\/2020\/12\/marcelo-costa-768x432.jpg 768w, https:\/\/portalv1.com.br\/app\/wp-content\/uploads\/2020\/12\/marcelo-costa.jpg 1280w\" sizes=\"auto, (max-width: 600px) 100vw, 600px\" \/><\/a><figcaption id=\"caption-attachment-89654\" class=\"wp-caption-text\">Prefeito eleito de Valen\u00e7a Marcelo Costa<\/figcaption><\/figure>\n<p>O prefeito Marcelo Costa (PP) repassou nessa ter\u00e7a-feira (02), o cronograma de pagamento definido pela prefeitura para todos os servidores e fornecedores municipais durante todo o ano de 2021.<\/p>\n<p>Marcelo Costa informou que mesmo com todas as adversidades encontradas na gest\u00e3o foi poss\u00edvel definir o cronograma e assegurar esse compromisso de valoriza\u00e7\u00e3o junto ao funcionalismo e fornecedores municipais.<\/p>\n<p>De acordo com Marcelo Costa, essa programa\u00e7\u00e3o possibilitar\u00e1 ao servidor um planejamento dos gastos durante todo o ano. \u201cA \u00fanica mudan\u00e7a que pode acontecer nessa tabela \u00e9 pagarmos antes dessas datas. Se tivermos dinheiro poderemos antecipar esses pagamentos\u201d disse Marcelo Costa.<\/p>\n<p><a href=\"https:\/\/portalv1.com.br\/app\/wp-content\/uploads\/2021\/02\/cbc623f3-04ed-4ee2-9be7-76ae75295925.jpg\"><img loading=\"lazy\" decoding=\"async\" class=\"aligncenter size-full wp-image-90866\" src=\"https:\/\/portalv1.com.br\/app\/wp-content\/uploads\/2021\/02\/cbc623f3-04ed-4ee2-9be7-76ae75295925.jpg\" alt=\"\" width=\"576\" height=\"1024\" srcset=\"https:\/\/portalv1.com.br\/app\/wp-content\/uploads\/2021\/02\/cbc623f3-04ed-4ee2-9be7-76ae75295925.jpg 576w, https:\/\/portalv1.com.br\/app\/wp-content\/uploads\/2021\/02\/cbc623f3-04ed-4ee2-9be7-76ae75295925-300x533.jpg 300w\" sizes=\"auto, (max-width: 576px) 100vw, 576px\" \/><\/a><\/p>\n<p>&nbsp;<\/p>\n","protected":false},"excerpt":{"rendered":"<p>O prefeito Marcelo Costa (PP) repassou nessa ter\u00e7a-feira (02), o cronograma de pagamento definido pela prefeitura para todos os servidores e fornecedores municipais durante todo o ano de 2021. Marcelo&#8230;<\/p>\n","protected":false},"author":1,"featured_media":89654,"comment_status":"open","ping_status":"open","sticky":false,"template":"","format":"standard","meta":{"ngg_post_thumbnail":0,"footnotes":""},"categories":[243],"tags":[],"class_list":["post-90865","post","type-post","status-publish","format-standard","has-post-thumbnail","hentry","category-geral"],"views":1512,"meta_data":{"thumb":"https:\/\/portalv1.com.br\/app\/wp-content\/uploads\/2020\/12\/marcelo-costa.jpg","imagem":{"fullsize":{"url":"https:\/\/portalv1.com.br\/app\/wp-content\/uploads\/2020\/12\/marcelo-costa.jpg","width":1280,"height":720},"medium":{"url":"https:\/\/portalv1.com.br\/app\/wp-content\/uploads\/2020\/12\/marcelo-costa-300x169.jpg","width":300,"height":169},"large":{"url":"https:\/\/portalv1.com.br\/app\/wp-content\/uploads\/2020\/12\/marcelo-costa-640x360.jpg","width":640,"height":360},"thumbnail":{"url":"https:\/\/portalv1.com.br\/app\/wp-content\/uploads\/2020\/12\/marcelo-costa-100x100.jpg","width":100,"height":100},"medium_large":{"url":"https:\/\/portalv1.com.br\/app\/wp-content\/uploads\/2020\/12\/marcelo-costa-768x432.jpg","width":768,"height":432}},"data":{"simple":"02\/02\/2021","date_time":"02\/02\/2021 19:43:39","date":"h\u00e1 5 anos"},"chapeu":"Confira a tabela ","source":"slide"},"_links":{"self":[{"href":"https:\/\/portalv1.com.br\/api\/wp\/v2\/posts\/90865","targetHints":{"allow":["GET"]}}],"collection":[{"href":"https:\/\/portalv1.com.br\/api\/wp\/v2\/posts"}],"about":[{"href":"https:\/\/portalv1.com.br\/api\/wp\/v2\/types\/post"}],"author":[{"embeddable":true,"href":"https:\/\/portalv1.com.br\/api\/wp\/v2\/users\/1"}],"replies":[{"embeddable":true,"href":"https:\/\/portalv1.com.br\/api\/wp\/v2\/comments?post=90865"}],"version-history":[{"count":0,"href":"https:\/\/portalv1.com.br\/api\/wp\/v2\/posts\/90865\/revisions"}],"wp:featuredmedia":[{"embeddable":true,"href":"https:\/\/portalv1.com.br\/api\/wp\/v2\/media\/89654"}],"wp:attachment":[{"href":"https:\/\/portalv1.com.br\/api\/wp\/v2\/media?parent=90865"}],"wp:term":[{"taxonomy":"category","embeddable":true,"href":"https:\/\/portalv1.com.br\/api\/wp\/v2\/categories?post=90865"},{"taxonomy":"post_tag","embeddable":true,"href":"https:\/\/portalv1.com.br\/api\/wp\/v2\/tags?post=90865"}],"curies":[{"name":"wp","href":"https:\/\/api.w.org\/{rel}","templated":true}]}}