{"id":9099,"date":"2011-06-20T15:14:43","date_gmt":"2011-06-20T18:14:43","guid":{"rendered":"https:\/\/portalv1.com.br\/?p=9099"},"modified":"2011-06-20T15:14:43","modified_gmt":"2011-06-20T18:14:43","slug":"ministro-diz-que-venda-de-internet-mais-barata-trara-problemas-serios","status":"publish","type":"post","link":"https:\/\/portalv1.com.br\/ministro-diz-que-venda-de-internet-mais-barata-trara-problemas-serios\/","title":{"rendered":"Ministro diz que venda de internet mais barata trar\u00e1 &#8216;problemas s\u00e9rios&#8217;"},"content":{"rendered":"<p><figure id=\"attachment_9100\" aria-describedby=\"caption-attachment-9100\" style=\"width: 280px\" class=\"wp-caption alignright\"><img loading=\"lazy\" decoding=\"async\" src=\"https:\/\/portalv1.com.br\/app\/wp-content\/uploads\/2011\/06\/ministro.jpg\" alt=\"\" width=\"280\" height=\"210\" class=\"size-full wp-image-9100\" \/><figcaption id=\"caption-attachment-9100\" class=\"wp-caption-text\">Ministro das Comunica\u00e7\u00f5es, Paulo Bernardo<\/figcaption><\/figure>O ministro das Comunica\u00e7\u00f5es, Paulo Bernardo, a oferta do servi\u00e7o de banda larga de baixo custo no segundo semestre deve esbarrar na infraestrutura. Segundo o ministro, o governo ter\u00e1 muita dificuldade na \u00e1rea de telecomunica\u00e7\u00f5es com a populariza\u00e7\u00e3o da Internet banda larga.<\/p>\n<p>&#8220;Percebemos que, quando come\u00e7armos a vender a Internet mais barata, vamos ter um problema s\u00e9rio de infraestrutura&#8221;, afirmou o ministro \u00e0 Ag\u00eancia Brasil.<\/p>\n<p>O governo pretende iniciar no segundo semestre do ano um programa para a populariza\u00e7\u00e3o da internet em banda larga, com pre\u00e7os populares (entre R$ 25 e R$ 35 por m\u00eas).<\/p>\n<p>Para enfrentar as limita\u00e7\u00f5es de infraestrutura, de acordo com Bernardo, o governo pretende investir na constru\u00e7\u00e3o de redes de fibras \u00f3pticas e atender ao aumento da demanda.<\/p>\n","protected":false},"excerpt":{"rendered":"<p>O ministro das Comunica\u00e7\u00f5es, Paulo Bernardo, a oferta do servi\u00e7o de banda larga de baixo custo no segundo semestre deve esbarrar na infraestrutura. Segundo o ministro, o governo ter\u00e1 muita&#8230;<\/p>\n","protected":false},"author":10,"featured_media":0,"comment_status":"open","ping_status":"open","sticky":false,"template":"","format":"standard","meta":{"ngg_post_thumbnail":0,"footnotes":""},"categories":[242],"tags":[],"class_list":["post-9099","post","type-post","status-publish","format-standard","hentry","category-tecnologia"],"views":432,"meta_data":{"thumb":"https:\/\/portalv1.com.br\/app\/wp-content\/uploads\/2011\/06\/ministro.jpg","data":{"simple":"20\/06\/2011","date_time":"20\/06\/2011 12:14:43","date":"h\u00e1 15 anos"},"chapeu":"","source":""},"_links":{"self":[{"href":"https:\/\/portalv1.com.br\/api\/wp\/v2\/posts\/9099","targetHints":{"allow":["GET"]}}],"collection":[{"href":"https:\/\/portalv1.com.br\/api\/wp\/v2\/posts"}],"about":[{"href":"https:\/\/portalv1.com.br\/api\/wp\/v2\/types\/post"}],"author":[{"embeddable":true,"href":"https:\/\/portalv1.com.br\/api\/wp\/v2\/users\/10"}],"replies":[{"embeddable":true,"href":"https:\/\/portalv1.com.br\/api\/wp\/v2\/comments?post=9099"}],"version-history":[{"count":0,"href":"https:\/\/portalv1.com.br\/api\/wp\/v2\/posts\/9099\/revisions"}],"wp:attachment":[{"href":"https:\/\/portalv1.com.br\/api\/wp\/v2\/media?parent=9099"}],"wp:term":[{"taxonomy":"category","embeddable":true,"href":"https:\/\/portalv1.com.br\/api\/wp\/v2\/categories?post=9099"},{"taxonomy":"post_tag","embeddable":true,"href":"https:\/\/portalv1.com.br\/api\/wp\/v2\/tags?post=9099"}],"curies":[{"name":"wp","href":"https:\/\/api.w.org\/{rel}","templated":true}]}}