{"id":91283,"date":"2021-02-19T10:24:00","date_gmt":"2021-02-19T13:24:00","guid":{"rendered":"https:\/\/portalv1.com.br\/?p=91283"},"modified":"2021-02-19T10:24:22","modified_gmt":"2021-02-19T13:24:22","slug":"governadora-em-exercicio-lanca-edital-do-fundo-estadual-de-combate-a-pobreza","status":"publish","type":"post","link":"https:\/\/portalv1.com.br\/governadora-em-exercicio-lanca-edital-do-fundo-estadual-de-combate-a-pobreza\/","title":{"rendered":"Governadora em exerc\u00edcio lan\u00e7a edital do Fundo Estadual de Combate \u00e0 Pobreza"},"content":{"rendered":"<p><a href=\"https:\/\/portalv1.com.br\/app\/wp-content\/uploads\/2021\/02\/6e00fa805dfb94acf3e2f4732c345072.jpg\"><img loading=\"lazy\" decoding=\"async\" class=\"aligncenter size-large wp-image-91284\" src=\"https:\/\/portalv1.com.br\/app\/wp-content\/uploads\/2021\/02\/6e00fa805dfb94acf3e2f4732c345072-640x426.jpg\" alt=\"\" width=\"600\" height=\"399\" srcset=\"https:\/\/portalv1.com.br\/app\/wp-content\/uploads\/2021\/02\/6e00fa805dfb94acf3e2f4732c345072-640x426.jpg 640w, https:\/\/portalv1.com.br\/app\/wp-content\/uploads\/2021\/02\/6e00fa805dfb94acf3e2f4732c345072-300x200.jpg 300w, https:\/\/portalv1.com.br\/app\/wp-content\/uploads\/2021\/02\/6e00fa805dfb94acf3e2f4732c345072-768x511.jpg 768w, https:\/\/portalv1.com.br\/app\/wp-content\/uploads\/2021\/02\/6e00fa805dfb94acf3e2f4732c345072.jpg 790w\" sizes=\"auto, (max-width: 600px) 100vw, 600px\" \/><\/a>A governadora em exerc\u00edcio, Regina Sousa, lan\u00e7ou, nesta quinta-feira (18), no Pal\u00e1cio de Karnak, o edital do Fundo Estadual de Combate \u00e0 Pobreza (Fecop), que destinar\u00e1 R$ 5 milh\u00f5es para projetos sociais pelo PRO Social.<\/p>\n<p>As institui\u00e7\u00f5es que atuam nessa \u00e1rea poder\u00e3o apresentar projetos de at\u00e9 R$ 100 mil, que ser\u00e3o analisados e se aprovados, receber\u00e3o o recurso para executarem o projeto, como explicou a chefa do Executivo estadual. \u201cEsse \u00e9 um projeto social que faz parte do PRO Social e vai oportunizar as entidades de participarem do Fundo de Combate \u00e0 Pobreza no estado do Piau\u00ed, apresentando pequenos projetos para ajudar a ter renda, esporte, educa\u00e7\u00e3o, seguran\u00e7a alimentar, enfim, nas \u00e1reas que eles trabalham para melhorar o atendimento e seus espa\u00e7os f\u00edsicos. S\u00e3o R$ 5 milh\u00f5es para projetos de at\u00e9 R$ 100 mil, que ser\u00e3o apresentados e analisados e o resultado \u00e9 divulgado, as entidades recebem o recurso e executam o projeto\u201d, disse Regina Sousa.<\/p>\n<p>O objetivo do Fecop \u00e9 atender as organiza\u00e7\u00f5es sociais sem fins lucrativos para que possam realizar o trabalho junto \u00e0 popula\u00e7\u00e3o piauiense. \u201cA import\u00e2ncia principal desse edital \u00e9 a democratiza\u00e7\u00e3o do acesso aos recursos p\u00fablicos do Fundo de Combate \u00e0 Pobreza com o objetivo de atender as diversas organiza\u00e7\u00f5es sociais para que realizem trabalho nas mais diversas \u00e1reas, seja na seguran\u00e7a alimentar, educa\u00e7\u00e3o, cultura e tantas outras. \u00c9 uma oportunidade de estar sendo auxiliado financeiramente pelo Governo do Estado para melhorar a vida das pessoas que mais precisam\u201d, ressaltou Z\u00e9 Santana, secret\u00e1rio de Estado da Assist\u00eancia Social (Sasc).<\/p>\n<p>Raimundo Jo\u00e3o, coordenador da Obra Kolping, uma rede formada por mais de 60 associa\u00e7\u00f5es que atuam em todo o estado do Piau\u00ed, disse est\u00e1 feliz com o edital e que apresentar\u00e1 v\u00e1rios projetos. \u201cEsse edital vai promover inclus\u00e3o social para muitas pessoas no estado do Piau\u00ed, vai ajudar as associa\u00e7\u00f5es e cooperativas, pois a nossa maior dificuldade \u00e9 atender as fam\u00edlias que passam por dificuldades. Ent\u00e3o, estamos felizes vamos apresentar v\u00e1rios projetos para fortalecer a inclus\u00e3o social no Piau\u00ed\u201d, afirmou.<\/p>\n<p>Fonte: cidadeverde<\/p>\n","protected":false},"excerpt":{"rendered":"<p>A governadora em exerc\u00edcio, Regina Sousa, lan\u00e7ou, nesta quinta-feira (18), no Pal\u00e1cio de Karnak, o edital do Fundo Estadual de Combate \u00e0 Pobreza (Fecop), que destinar\u00e1 R$ 5 milh\u00f5es para&#8230;<\/p>\n","protected":false},"author":1,"featured_media":91284,"comment_status":"open","ping_status":"open","sticky":false,"template":"","format":"standard","meta":{"ngg_post_thumbnail":0,"footnotes":""},"categories":[243],"tags":[],"class_list":["post-91283","post","type-post","status-publish","format-standard","has-post-thumbnail","hentry","category-geral"],"views":302,"meta_data":{"thumb":"https:\/\/portalv1.com.br\/app\/wp-content\/uploads\/2021\/02\/6e00fa805dfb94acf3e2f4732c345072.jpg","imagem":{"fullsize":{"url":"https:\/\/portalv1.com.br\/app\/wp-content\/uploads\/2021\/02\/6e00fa805dfb94acf3e2f4732c345072.jpg","width":790,"height":526},"medium":{"url":"https:\/\/portalv1.com.br\/app\/wp-content\/uploads\/2021\/02\/6e00fa805dfb94acf3e2f4732c345072-300x200.jpg","width":300,"height":200},"large":{"url":"https:\/\/portalv1.com.br\/app\/wp-content\/uploads\/2021\/02\/6e00fa805dfb94acf3e2f4732c345072-640x426.jpg","width":640,"height":426},"thumbnail":{"url":"https:\/\/portalv1.com.br\/app\/wp-content\/uploads\/2021\/02\/6e00fa805dfb94acf3e2f4732c345072-100x100.jpg","width":100,"height":100},"medium_large":{"url":"https:\/\/portalv1.com.br\/app\/wp-content\/uploads\/2021\/02\/6e00fa805dfb94acf3e2f4732c345072-768x511.jpg","width":768,"height":511}},"data":{"simple":"19\/02\/2021","date_time":"19\/02\/2021 07:24:00","date":"h\u00e1 5 anos"},"chapeu":"Saiba detalhes ","source":"slide"},"_links":{"self":[{"href":"https:\/\/portalv1.com.br\/api\/wp\/v2\/posts\/91283","targetHints":{"allow":["GET"]}}],"collection":[{"href":"https:\/\/portalv1.com.br\/api\/wp\/v2\/posts"}],"about":[{"href":"https:\/\/portalv1.com.br\/api\/wp\/v2\/types\/post"}],"author":[{"embeddable":true,"href":"https:\/\/portalv1.com.br\/api\/wp\/v2\/users\/1"}],"replies":[{"embeddable":true,"href":"https:\/\/portalv1.com.br\/api\/wp\/v2\/comments?post=91283"}],"version-history":[{"count":0,"href":"https:\/\/portalv1.com.br\/api\/wp\/v2\/posts\/91283\/revisions"}],"wp:featuredmedia":[{"embeddable":true,"href":"https:\/\/portalv1.com.br\/api\/wp\/v2\/media\/91284"}],"wp:attachment":[{"href":"https:\/\/portalv1.com.br\/api\/wp\/v2\/media?parent=91283"}],"wp:term":[{"taxonomy":"category","embeddable":true,"href":"https:\/\/portalv1.com.br\/api\/wp\/v2\/categories?post=91283"},{"taxonomy":"post_tag","embeddable":true,"href":"https:\/\/portalv1.com.br\/api\/wp\/v2\/tags?post=91283"}],"curies":[{"name":"wp","href":"https:\/\/api.w.org\/{rel}","templated":true}]}}