{"id":91332,"date":"2021-02-22T10:53:14","date_gmt":"2021-02-22T13:53:14","guid":{"rendered":"https:\/\/portalv1.com.br\/?p=91332"},"modified":"2021-02-22T10:53:14","modified_gmt":"2021-02-22T13:53:14","slug":"diretora-do-ceti-maria-antonieta-avalia-avancos-do-colegio","status":"publish","type":"post","link":"https:\/\/portalv1.com.br\/diretora-do-ceti-maria-antonieta-avalia-avancos-do-colegio\/","title":{"rendered":"Diretora do Ceti Maria Antonieta avalia avan\u00e7os do col\u00e9gio"},"content":{"rendered":"<figure id=\"attachment_91333\" aria-describedby=\"caption-attachment-91333\" style=\"width: 640px\" class=\"wp-caption aligncenter\"><a href=\"https:\/\/portalv1.com.br\/app\/wp-content\/uploads\/2021\/02\/eliszangela.jpg\"><img loading=\"lazy\" decoding=\"async\" class=\"size-full wp-image-91333\" src=\"https:\/\/portalv1.com.br\/app\/wp-content\/uploads\/2021\/02\/eliszangela.jpg\" alt=\"\" width=\"640\" height=\"427\" srcset=\"https:\/\/portalv1.com.br\/app\/wp-content\/uploads\/2021\/02\/eliszangela.jpg 640w, https:\/\/portalv1.com.br\/app\/wp-content\/uploads\/2021\/02\/eliszangela-300x200.jpg 300w\" sizes=\"auto, (max-width: 640px) 100vw, 640px\" \/><\/a><figcaption id=\"caption-attachment-91333\" class=\"wp-caption-text\">Diretora Elis\u00e2ngela Melo<\/figcaption><\/figure>\n<p>Nesta segunda-feira (22), a diretora Elis\u00e2ngela Melo, do Ceti Maria Antonieta, fez uma avalia\u00e7\u00e3o de sua gest\u00e3o a frente da unidade escolar de tempo integral em Valen\u00e7a.<\/p>\n<p>Ela avaliou os avan\u00e7os e destacou o apoio da equipe, pe\u00e7as fundamentais, segundo a mesma, para o bom desempenho do col\u00e9gio no IDEB, Saeb, Saepi, Enem, Olimp\u00edadas de Matem\u00e1tica, Olimp\u00edadas de F\u00edsica, dentre outras.<\/p>\n<p>Ela informou que em 2017 assumiu o col\u00e9gio com 256 discentes e hoje s\u00e3o 515. \u201cDestacamos ainda o crescimento consider\u00e1vel no ensino m\u00e9dio, em 2017 eram 11 turmas, sendo 08 de Ensino Fundamental e 03 de Ensino M\u00e9dio, hoje s\u00e3o 15 turmas, 8 Ensino Fundamental e 7 Ensino M\u00e9dio\u201d, disse.<\/p>\n<p>Elis\u00e2ngela Melo destacou que mesmo em tempo de Pandemia, o Ceti Maria Antonieta teve um aumento significativo nas matr\u00edculas e a educa\u00e7\u00e3o n\u00e3o parou.<\/p>\n<p>\u201cPelo contr\u00e1rio, se reinventou e n\u00e3o deixou ningu\u00e9m para tr\u00e1s. Hoje estamos com 100% dos alunos com aulas online ou material impresso para os que n\u00e3o tem acesso \u00e0 internet\u201d, disse Elis\u00e2ngela Melo, que agradeceu a equipe.<\/p>\n<p>\u201cProcuramos sempre oferecer uma educa\u00e7\u00e3o de qualidade, mesmo em tempo de pandemia e a prova est\u00e1 a\u00ed com todos os resultados alcan\u00e7ados nos \u00faltimos anos. Todo esse sucesso devemos a Equipe de trabalho, aos pais, alunos, GRE e Seduc. Agrade\u00e7o a todos os envolvidos pela parceria em nome da Educa\u00e7\u00e3o e do Ceti Maria Antonieta\u201d, pontuou.<\/p>\n","protected":false},"excerpt":{"rendered":"<p>Nesta segunda-feira (22), a diretora Elis\u00e2ngela Melo, do Ceti Maria Antonieta, fez uma avalia\u00e7\u00e3o de sua gest\u00e3o a frente da unidade escolar de tempo integral em Valen\u00e7a. Ela avaliou os&#8230;<\/p>\n","protected":false},"author":1,"featured_media":91333,"comment_status":"open","ping_status":"open","sticky":false,"template":"","format":"standard","meta":{"ngg_post_thumbnail":0,"footnotes":""},"categories":[243],"tags":[],"class_list":["post-91332","post","type-post","status-publish","format-standard","has-post-thumbnail","hentry","category-geral"],"views":2179,"meta_data":{"thumb":"https:\/\/portalv1.com.br\/app\/wp-content\/uploads\/2021\/02\/eliszangela.jpg","imagem":{"fullsize":{"url":"https:\/\/portalv1.com.br\/app\/wp-content\/uploads\/2021\/02\/eliszangela.jpg","width":640,"height":427},"medium":{"url":"https:\/\/portalv1.com.br\/app\/wp-content\/uploads\/2021\/02\/eliszangela-300x200.jpg","width":300,"height":200},"thumbnail":{"url":"https:\/\/portalv1.com.br\/app\/wp-content\/uploads\/2021\/02\/eliszangela-100x100.jpg","width":100,"height":100}},"data":{"simple":"22\/02\/2021","date_time":"22\/02\/2021 07:53:14","date":"h\u00e1 5 anos"},"chapeu":"Novas conquistas ","source":"slide"},"_links":{"self":[{"href":"https:\/\/portalv1.com.br\/api\/wp\/v2\/posts\/91332","targetHints":{"allow":["GET"]}}],"collection":[{"href":"https:\/\/portalv1.com.br\/api\/wp\/v2\/posts"}],"about":[{"href":"https:\/\/portalv1.com.br\/api\/wp\/v2\/types\/post"}],"author":[{"embeddable":true,"href":"https:\/\/portalv1.com.br\/api\/wp\/v2\/users\/1"}],"replies":[{"embeddable":true,"href":"https:\/\/portalv1.com.br\/api\/wp\/v2\/comments?post=91332"}],"version-history":[{"count":0,"href":"https:\/\/portalv1.com.br\/api\/wp\/v2\/posts\/91332\/revisions"}],"wp:featuredmedia":[{"embeddable":true,"href":"https:\/\/portalv1.com.br\/api\/wp\/v2\/media\/91333"}],"wp:attachment":[{"href":"https:\/\/portalv1.com.br\/api\/wp\/v2\/media?parent=91332"}],"wp:term":[{"taxonomy":"category","embeddable":true,"href":"https:\/\/portalv1.com.br\/api\/wp\/v2\/categories?post=91332"},{"taxonomy":"post_tag","embeddable":true,"href":"https:\/\/portalv1.com.br\/api\/wp\/v2\/tags?post=91332"}],"curies":[{"name":"wp","href":"https:\/\/api.w.org\/{rel}","templated":true}]}}