{"id":9148,"date":"2011-06-24T22:42:51","date_gmt":"2011-06-25T01:42:51","guid":{"rendered":"https:\/\/portalv1.com.br\/?p=9148"},"modified":"2011-06-26T23:45:23","modified_gmt":"2011-06-27T02:45:23","slug":"veja-a-programacao-da-3%c2%aa-vaquejada-de-valenca-do-piaui","status":"publish","type":"post","link":"https:\/\/portalv1.com.br\/veja-a-programacao-da-3%c2%aa-vaquejada-de-valenca-do-piaui\/","title":{"rendered":"Veja a programa\u00e7\u00e3o da 3\u00aa Vaquejada de Valen\u00e7a do Piaui"},"content":{"rendered":"<p><a href=\"https:\/\/portalv1.com.br\/app\/wp-content\/uploads\/2011\/06\/Vaquejada3.jpg\"><img loading=\"lazy\" decoding=\"async\" class=\"alignright size-full wp-image-9149\" title=\"Vaquejada3\" src=\"https:\/\/portalv1.com.br\/app\/wp-content\/uploads\/2011\/06\/Vaquejada3.jpg\" alt=\"\" width=\"300\" height=\"183\" \/><\/a>A organiza\u00e7\u00e3o do Parque M\u00e3e Iris confirmou para os dias 02, 03 e 04 de setembro a realiza\u00e7\u00e3o da 3\u00aa Grande Vaquejada de Valen\u00e7a do Piaui. Esse ano a premia\u00e7\u00e3o ser\u00e1 de R$ 25 mil reais, sendo R$ 7.200 para os amadores, R$12.800 para os profissionais e uma moto zero no valor de R$ 5.000 mil reais. Na vaquejada de Valen\u00e7a acontecer\u00e1 ainda a Etapa Final do XVII Circuito de Vaquejada Amador do Vale do Sambito.<\/p>\n<p>Outra novidade do parque para esse ano \u00e9 que as pessoas que forem assistir o evento ter\u00e3o a sua disposi\u00e7\u00e3o arquibancadas ao longo da pista para um maior conforto. A equipe de irriga\u00e7\u00e3o tamb\u00e9m j\u00e1 est\u00e1 contratada com a finalidade de manter o parque com o m\u00ednimo de poeira poss\u00edvel.<\/p>\n<p>Neto Vaqueiro propriet\u00e1rio do parque que \u00e9 tamb\u00e9m coordenador regional do Emater disse que o Parque M\u00e3e Iris ser\u00e1 aberto um m\u00eas antes da vaquejada j\u00e1 com uma boa estrutura para receber o publico. Na pr\u00f3xima semana a organiza\u00e7\u00e3o anunciar\u00e1 as bandas musicais, que animar\u00e3o a nossa vaquejada. A organiza\u00e7\u00e3o passou a responsabilidade para uma empresa especializada com dois pedidos espec\u00edficos, que sejam bandas de primeira linhagem e que os pre\u00e7os sejam os menores poss\u00edveis.<\/p>\n<p><div class=\"ngg-galleryoverview\" data-widget=\"Galeria\" data-props='{&quot;galeria&quot;:{&quot;gallery_id&quot;:553,&quot;total&quot;:1,&quot;max_page&quot;:1,&quot;page&quot;:1,&quot;images&quot;:[{&quot;pid&quot;:9741,&quot;imageURL&quot;:&quot;https:\\\/\\\/portalv1.com.br\\\/app\\\/wp-content\\\/gallery\\\/vaquejadavale\\\/vaquejada.jpg?t=1703951265&quot;,&quot;thumbnailURL&quot;:&quot;https:\\\/\\\/portalv1.com.br\\\/app\\\/wp-content\\\/gallery\\\/vaquejadavale\\\/thumbs\\\/thumbs_vaquejada.jpg?t=1703951265&quot;,&quot;description&quot;:&quot; &quot;,&quot;alttext&quot;:&quot;vaquejada&quot;,&quot;style&quot;:&quot;&quot;}]}}'><\/div>.<\/p>\n","protected":false},"excerpt":{"rendered":"<p>A organiza\u00e7\u00e3o do Parque M\u00e3e Iris confirmou para os dias 02, 03 e 04 de setembro a realiza\u00e7\u00e3o da 3\u00aa Grande Vaquejada de Valen\u00e7a do Piaui. Esse ano a premia\u00e7\u00e3o&#8230;<\/p>\n","protected":false},"author":1,"featured_media":0,"comment_status":"open","ping_status":"open","sticky":false,"template":"","format":"standard","meta":{"ngg_post_thumbnail":0,"footnotes":""},"categories":[245],"tags":[],"class_list":["post-9148","post","type-post","status-publish","format-standard","hentry","category-entretenimento"],"views":3778,"meta_data":{"thumb":"https:\/\/portalv1.com.br\/app\/wp-content\/uploads\/2011\/06\/Vaquejada3.jpg","data":{"simple":"24\/06\/2011","date_time":"24\/06\/2011 19:42:51","date":"h\u00e1 15 anos"},"chapeu":"","source":""},"_links":{"self":[{"href":"https:\/\/portalv1.com.br\/api\/wp\/v2\/posts\/9148","targetHints":{"allow":["GET"]}}],"collection":[{"href":"https:\/\/portalv1.com.br\/api\/wp\/v2\/posts"}],"about":[{"href":"https:\/\/portalv1.com.br\/api\/wp\/v2\/types\/post"}],"author":[{"embeddable":true,"href":"https:\/\/portalv1.com.br\/api\/wp\/v2\/users\/1"}],"replies":[{"embeddable":true,"href":"https:\/\/portalv1.com.br\/api\/wp\/v2\/comments?post=9148"}],"version-history":[{"count":0,"href":"https:\/\/portalv1.com.br\/api\/wp\/v2\/posts\/9148\/revisions"}],"wp:attachment":[{"href":"https:\/\/portalv1.com.br\/api\/wp\/v2\/media?parent=9148"}],"wp:term":[{"taxonomy":"category","embeddable":true,"href":"https:\/\/portalv1.com.br\/api\/wp\/v2\/categories?post=9148"},{"taxonomy":"post_tag","embeddable":true,"href":"https:\/\/portalv1.com.br\/api\/wp\/v2\/tags?post=9148"}],"curies":[{"name":"wp","href":"https:\/\/api.w.org\/{rel}","templated":true}]}}