{"id":9154,"date":"2011-06-24T23:06:52","date_gmt":"2011-06-25T02:06:52","guid":{"rendered":"https:\/\/portalv1.com.br\/?p=9154"},"modified":"2011-06-24T23:06:52","modified_gmt":"2011-06-25T02:06:52","slug":"firmino-filho-reclama-na-assembleia-sobre-vinda-do-detran-a-valenca","status":"publish","type":"post","link":"https:\/\/portalv1.com.br\/firmino-filho-reclama-na-assembleia-sobre-vinda-do-detran-a-valenca\/","title":{"rendered":"Firmino Filho reclama na Assembl\u00e9ia sobre vinda do Detran a Valen\u00e7a"},"content":{"rendered":"<figure id=\"attachment_9155\" aria-describedby=\"caption-attachment-9155\" style=\"width: 300px\" class=\"wp-caption alignright\"><a href=\"https:\/\/portalv1.com.br\/app\/wp-content\/uploads\/2011\/06\/firmino.jpg\"><img loading=\"lazy\" decoding=\"async\" class=\"size-full wp-image-9155\" title=\"firmino\" src=\"https:\/\/portalv1.com.br\/app\/wp-content\/uploads\/2011\/06\/firmino.jpg\" alt=\"\" width=\"300\" height=\"183\" \/><\/a><figcaption id=\"caption-attachment-9155\" class=\"wp-caption-text\">deputado Firmino Filho <\/figcaption><\/figure>\n<p>O deputado Firmino Filho (PSDB) vai levar ao conhecimento da comiss\u00e3o formada na Assembl\u00e9ia Legislativa do Piau\u00ed para tratar sobre a regulariza\u00e7\u00e3o de ve\u00edculos junto ao Detran-PI (Departamento Estadual de Tr\u00e2nsito do Piau\u00ed) uma s\u00e9rie de den\u00fancias que recebeu nesta sexta-feira (24), em visita aos munic\u00edpios de Valen\u00e7a e Pimenteiras, na regi\u00e3o centro\/Sul do Estado. V\u00e1rios motoqueiros denunciaram ao parlamentar que est\u00e3o sendo perseguidos pelas autoridades de tr\u00e2nsito por irregularidades nas documenta\u00e7\u00f5es dos seus ve\u00edculos.<\/p>\n<p>Os motoqueiros, que n\u00e3o quiseram se identificar, informaram ao parlamentar de oposi\u00e7\u00e3o que seus ve\u00edculos est\u00e3o sendo apreendidos porque est\u00e3o com documenta\u00e7\u00e3o atrasada e que eles n\u00e3o quitam suas obriga\u00e7\u00f5es por causa das altas taxas cobradas pelo governo.<\/p>\n<p>\u201cNa maioria dos casos, trata-se de trabalhadores que fazem do uso da motocicleta a sua forma de ganhar a vida e alimentar as suas fam\u00edlias. Eles alegam que n\u00e3o est\u00e3o na clandestinidade por op\u00e7\u00e3o; mas por falta de condi\u00e7\u00f5es. Alguns deles n\u00e3o possuem nem mesmo habilita\u00e7\u00e3o em virtude do alto custo cobrado pelo Detran para fornecer o documento\u201d, explica Firmino Filho.<\/p>\n<p>Ele argumenta que n\u00e3o \u00e9 a favor da clandestinidade; mas quer que o governo encontre alternativas para solucionar o problema, como a redu\u00e7\u00e3o no pre\u00e7o das taxas cobradas pelo Detran e o parcelamento para que as pessoas possam se regularizar.<\/p>\n<p>\u201cS\u00e3o pessoas pobres e o governo precisa encontrar uma alternativa para eles. A Assembl\u00e9ia Legislativa, como representante do povo, tem o dever e a obriga\u00e7\u00e3o de interceder junto ao governo no sentido de solucionar esse problema. \u00c9 para isto que estamos apelando\u201d, ponderou o tucano.<\/p>\n<p>Em Valen\u00e7a, profissionais tamb\u00e9m reclamaram que mais de 80 pessoas est\u00e3o sendo impedidas pela Prefeitura de trabalhar. As motos s\u00e3o apreendidas e seus propriet\u00e1rios ficam impedidos de poder desempenhar suas atividades.<\/p>\n<p>Na Noite de quinta-feira, acompanhado de lideran\u00e7as pol\u00edticas da regi\u00e3o como o empres\u00e1rio PJ Dantas, a enfermeira Edna Nogueira, Vin\u00edcius Du\u00f3 e Jeov\u00e1 Machado, este \u00faltimo de Valen\u00e7a, Firmino Filho participou dos festejos ao padroeiro S\u00e3o Jo\u00e3o Batista, na cidade de Pimenteiras e tamb\u00e9m visitou o parque de vaquejada Pantanal que ser\u00e1 palco, neste final de semana de grande movimenta\u00e7\u00e3o esportiva.<\/p>\n<p>\u201c\u00c9 sempre uma satisfa\u00e7\u00e3o viajar pelo nosso querido Piau\u00ed, vendo seus problemas, conversando com sua gente e conhecendo suas potencialidades. Em Pimenteiras, tivemos tamb\u00e9m uma oportunidade de agradecer \u00e0quelas pessoas que nos honraram com seus votos na elei\u00e7\u00e3o passada para deputado, em especial ao JP e \u00e0 doutora Edna, com cujo apoio pudemos contar e somos gratos\u201d, analisou o deputado do PSDB.<\/p>\n","protected":false},"excerpt":{"rendered":"<p>O deputado Firmino Filho (PSDB) vai levar ao conhecimento da comiss\u00e3o formada na Assembl\u00e9ia Legislativa do Piau\u00ed para tratar sobre a regulariza\u00e7\u00e3o de ve\u00edculos junto ao Detran-PI (Departamento Estadual de&#8230;<\/p>\n","protected":false},"author":1,"featured_media":0,"comment_status":"open","ping_status":"open","sticky":false,"template":"","format":"standard","meta":{"ngg_post_thumbnail":0,"footnotes":""},"categories":[243],"tags":[],"class_list":["post-9154","post","type-post","status-publish","format-standard","hentry","category-geral"],"views":825,"meta_data":{"thumb":"https:\/\/portalv1.com.br\/app\/wp-content\/uploads\/2011\/06\/firmino.jpg","data":{"simple":"24\/06\/2011","date_time":"24\/06\/2011 20:06:52","date":"h\u00e1 15 anos"},"chapeu":"","source":""},"_links":{"self":[{"href":"https:\/\/portalv1.com.br\/api\/wp\/v2\/posts\/9154","targetHints":{"allow":["GET"]}}],"collection":[{"href":"https:\/\/portalv1.com.br\/api\/wp\/v2\/posts"}],"about":[{"href":"https:\/\/portalv1.com.br\/api\/wp\/v2\/types\/post"}],"author":[{"embeddable":true,"href":"https:\/\/portalv1.com.br\/api\/wp\/v2\/users\/1"}],"replies":[{"embeddable":true,"href":"https:\/\/portalv1.com.br\/api\/wp\/v2\/comments?post=9154"}],"version-history":[{"count":0,"href":"https:\/\/portalv1.com.br\/api\/wp\/v2\/posts\/9154\/revisions"}],"wp:attachment":[{"href":"https:\/\/portalv1.com.br\/api\/wp\/v2\/media?parent=9154"}],"wp:term":[{"taxonomy":"category","embeddable":true,"href":"https:\/\/portalv1.com.br\/api\/wp\/v2\/categories?post=9154"},{"taxonomy":"post_tag","embeddable":true,"href":"https:\/\/portalv1.com.br\/api\/wp\/v2\/tags?post=9154"}],"curies":[{"name":"wp","href":"https:\/\/api.w.org\/{rel}","templated":true}]}}