{"id":9159,"date":"2011-06-25T22:29:28","date_gmt":"2011-06-26T01:29:28","guid":{"rendered":"https:\/\/portalv1.com.br\/?p=9159"},"modified":"2011-06-28T08:33:33","modified_gmt":"2011-06-28T11:33:33","slug":"justica-federal-determina-reabertura-da-radio-horizonte-fm","status":"publish","type":"post","link":"https:\/\/portalv1.com.br\/justica-federal-determina-reabertura-da-radio-horizonte-fm\/","title":{"rendered":"Justi\u00e7a Federal determina reabertura da Radio Horizonte FM"},"content":{"rendered":"<figure id=\"attachment_9160\" aria-describedby=\"caption-attachment-9160\" style=\"width: 300px\" class=\"wp-caption alignright\"><a href=\"https:\/\/portalv1.com.br\/app\/wp-content\/uploads\/2011\/06\/901.jpg\"><img loading=\"lazy\" decoding=\"async\" class=\"size-full wp-image-9160\" title=\"90,1\" src=\"https:\/\/portalv1.com.br\/app\/wp-content\/uploads\/2011\/06\/901.jpg\" alt=\"\" width=\"300\" height=\"183\" \/><\/a><figcaption id=\"caption-attachment-9160\" class=\"wp-caption-text\">Rubens Alencar presidente da Funda\u00e7\u00e3o Raul Alencar<\/figcaption><\/figure>\n<p>Depois da reabertura nessa semana da Valen\u00e7a FM (106,3) agora \u00e9 a vez da Horizonte FM (90,1) ligada a Funda\u00e7\u00e3o Raul Alencar reabrir suas portas em Valen\u00e7a do Piaui. O presidente da Funda\u00e7\u00e3o Raul Alencar, empres\u00e1rio Rubens Alencar conseguiu da Justi\u00e7a Federal uma liminar para a reabertura da emissora, bem como a devolu\u00e7\u00e3o por parte da Anatel de todos os equipamentos levados da emissora durante seu fechamento.<\/p>\n<p>No despacho assinado pelo juiz federal Itagiba Catta Preta Neto ele determina que a emissora permane\u00e7a aberta at\u00e9 que os \u00f3rg\u00e3os competentes defiram o pedido da concess\u00e3o da emissora, que tramita h\u00e1 quase cinco anos. Ele tamb\u00e9m assegurou que os equipamentos levados pela ANATEL sejam devolvidos a emissora imediatamente, assim como proibiu que a emissora seja novamente lacrada ou tenha seus equipamentos apreendidos.<\/p>\n<p>Com o retorno da Horizonte FM, a cidade de Valen\u00e7a passa a contar com tr\u00eas emissoras no ar, com expectativa para o segundo semestre do retorno da Radio Confedera\u00e7\u00e3o Valenciana cujo andamento dos trabalhos est\u00e3o bem adiantados.<\/p>\n<p>Em conversa com o portalv1, o empres\u00e1rio Rubens Alencar lamentou a atitude de agentes pol\u00edticos e de radialistas que de forma vil esnobaram o fechamento da emissora. Rubens Alencar informou que o mais importante nesse retorno da 90 FM \u00e9 poder oferecer as pessoas o direito sagrado de se expressar, direito esse que vinha sendo censurado em nossa cidade pelo \u00fanico fato de boa parte da popula\u00e7\u00e3o n\u00e3o comungar com os interesses dos detentores municipais.<\/p>\n<p>Ele afirmou ainda que na pr\u00f3xima semana ir\u00e1 a Teresina receber os equipamentos da Horizonte FM e assinar na sede da Caixa Econ\u00f4mica a ordem para construir a nova sede da Caixa Econ\u00f4mica em Valen\u00e7a do Piaui que ir\u00e1 funcionar ao lado do Posto Valadares IV, na Rua C\u00edcero Portela.<\/p>\n","protected":false},"excerpt":{"rendered":"<p>Depois da reabertura nessa semana da Valen\u00e7a FM (106,3) agora \u00e9 a vez da Horizonte FM (90,1) ligada a Funda\u00e7\u00e3o Raul Alencar reabrir suas portas em Valen\u00e7a do Piaui. O&#8230;<\/p>\n","protected":false},"author":1,"featured_media":0,"comment_status":"open","ping_status":"open","sticky":false,"template":"","format":"standard","meta":{"ngg_post_thumbnail":0,"footnotes":""},"categories":[12],"tags":[],"class_list":["post-9159","post","type-post","status-publish","format-standard","hentry","category-valenca-news"],"views":907,"meta_data":{"thumb":"https:\/\/portalv1.com.br\/app\/wp-content\/uploads\/2011\/06\/901.jpg","data":{"simple":"25\/06\/2011","date_time":"25\/06\/2011 19:29:28","date":"h\u00e1 15 anos"},"chapeu":"","source":""},"_links":{"self":[{"href":"https:\/\/portalv1.com.br\/api\/wp\/v2\/posts\/9159","targetHints":{"allow":["GET"]}}],"collection":[{"href":"https:\/\/portalv1.com.br\/api\/wp\/v2\/posts"}],"about":[{"href":"https:\/\/portalv1.com.br\/api\/wp\/v2\/types\/post"}],"author":[{"embeddable":true,"href":"https:\/\/portalv1.com.br\/api\/wp\/v2\/users\/1"}],"replies":[{"embeddable":true,"href":"https:\/\/portalv1.com.br\/api\/wp\/v2\/comments?post=9159"}],"version-history":[{"count":0,"href":"https:\/\/portalv1.com.br\/api\/wp\/v2\/posts\/9159\/revisions"}],"wp:attachment":[{"href":"https:\/\/portalv1.com.br\/api\/wp\/v2\/media?parent=9159"}],"wp:term":[{"taxonomy":"category","embeddable":true,"href":"https:\/\/portalv1.com.br\/api\/wp\/v2\/categories?post=9159"},{"taxonomy":"post_tag","embeddable":true,"href":"https:\/\/portalv1.com.br\/api\/wp\/v2\/tags?post=9159"}],"curies":[{"name":"wp","href":"https:\/\/api.w.org\/{rel}","templated":true}]}}