{"id":91736,"date":"2021-03-16T11:40:20","date_gmt":"2021-03-16T14:40:20","guid":{"rendered":"https:\/\/portalv1.com.br\/?p=91736"},"modified":"2021-03-16T11:40:20","modified_gmt":"2021-03-16T14:40:20","slug":"igreja-catolica-cancela-celebracao-do-triduo-de-sao-jose-do-bairro-morada-nova","status":"publish","type":"post","link":"https:\/\/portalv1.com.br\/igreja-catolica-cancela-celebracao-do-triduo-de-sao-jose-do-bairro-morada-nova\/","title":{"rendered":"Igreja Cat\u00f3lica cancela celebra\u00e7\u00e3o do Tr\u00edduo de S\u00e3o Jos\u00e9 do bairro Morada Nova"},"content":{"rendered":"<p>A Igreja Matriz de Nossa Senhora do \u00d3 e Concei\u00e7\u00e3o expediu um comunicado nesta ter\u00e7a-feira (16), cancelando o \u201cTr\u00edduo de S\u00e3o Jos\u00e9\u201d do bairro Morada Nova que iniciaria nesse ter\u00e7a-feira (16) at\u00e9 sexta-feira (19).<\/p>\n<p>No comunicado, o padre Wanderley Morais informa que o cancelamento se deu por determina\u00e7\u00e3o da Arquidiocese de Teresina em obedi\u00eancia ao Decreto do Governo do Estado.<a href=\"https:\/\/portalv1.com.br\/app\/wp-content\/uploads\/2021\/03\/021ca02f-980d-4774-a89e-a1d9583c12f8.jpg\"><img loading=\"lazy\" decoding=\"async\" class=\"aligncenter size-large wp-image-91737\" src=\"https:\/\/portalv1.com.br\/app\/wp-content\/uploads\/2021\/03\/021ca02f-980d-4774-a89e-a1d9583c12f8-640x640.jpg\" alt=\"\" width=\"600\" height=\"600\" srcset=\"https:\/\/portalv1.com.br\/app\/wp-content\/uploads\/2021\/03\/021ca02f-980d-4774-a89e-a1d9583c12f8-640x640.jpg 640w, https:\/\/portalv1.com.br\/app\/wp-content\/uploads\/2021\/03\/021ca02f-980d-4774-a89e-a1d9583c12f8-300x300.jpg 300w, https:\/\/portalv1.com.br\/app\/wp-content\/uploads\/2021\/03\/021ca02f-980d-4774-a89e-a1d9583c12f8-100x100.jpg 100w, https:\/\/portalv1.com.br\/app\/wp-content\/uploads\/2021\/03\/021ca02f-980d-4774-a89e-a1d9583c12f8-768x768.jpg 768w, https:\/\/portalv1.com.br\/app\/wp-content\/uploads\/2021\/03\/021ca02f-980d-4774-a89e-a1d9583c12f8.jpg 1080w\" sizes=\"auto, (max-width: 600px) 100vw, 600px\" \/><\/a><\/p>\n<p>Tamb\u00e9m nessa ter\u00e7a-feira foi divulgado um v\u00eddeo do arcebispo de Teresina, Dom Jacinto Brito, destacando o cancelamento das celebra\u00e7\u00f5es nesse fim de semana e pedindo as autoridades que revejam a parte da Igreja, que segundo Dom Jacinto adotou um protocolo seguro para as celebra\u00e7\u00f5es religiosas.<\/p>\n<p>Vale ressaltar, que no Decreto 15\/2021 publicado pela Prefeitura de Valen\u00e7a nesta segunda-feira (15), as atividades religiosas podem acontecer em todo o munic\u00edpio, desde que obede\u00e7am a limita\u00e7\u00e3o m\u00e1xima de 30% da capacidade dos templos e Igrejas.&nbsp;<\/p>\n<p><div class=\"content-iframe\" data-content-width=\"600\"><iframe loading=\"lazy\" style=\"border: none; overflow: hidden;\" src=\"https:\/\/www.facebook.com\/plugins\/video.php?height=308&amp;href=https%3A%2F%2Fwww.facebook.com%2FSergioAlvesValenca%2Fvideos%2F3822934251086353%2F&amp;show_text=false&amp;width=560\" width=\"560\" height=\"308\" frameborder=\"0\" scrolling=\"no\" allowfullscreen=\"allowfullscreen\"><\/iframe><\/div>&nbsp;<\/p>\n","protected":false},"excerpt":{"rendered":"<p>A Igreja Matriz de Nossa Senhora do \u00d3 e Concei\u00e7\u00e3o expediu um comunicado nesta ter\u00e7a-feira (16), cancelando o \u201cTr\u00edduo de S\u00e3o Jos\u00e9\u201d do bairro Morada Nova que iniciaria nesse ter\u00e7a-feira&#8230;<\/p>\n","protected":false},"author":1,"featured_media":91737,"comment_status":"open","ping_status":"open","sticky":false,"template":"","format":"standard","meta":{"ngg_post_thumbnail":0,"footnotes":""},"categories":[243],"tags":[],"class_list":["post-91736","post","type-post","status-publish","format-standard","has-post-thumbnail","hentry","category-geral"],"views":457,"meta_data":{"thumb":"https:\/\/portalv1.com.br\/app\/wp-content\/uploads\/2021\/03\/021ca02f-980d-4774-a89e-a1d9583c12f8.jpg","imagem":{"fullsize":{"url":"https:\/\/portalv1.com.br\/app\/wp-content\/uploads\/2021\/03\/021ca02f-980d-4774-a89e-a1d9583c12f8.jpg","width":1080,"height":1080},"medium":{"url":"https:\/\/portalv1.com.br\/app\/wp-content\/uploads\/2021\/03\/021ca02f-980d-4774-a89e-a1d9583c12f8-300x300.jpg","width":300,"height":300},"large":{"url":"https:\/\/portalv1.com.br\/app\/wp-content\/uploads\/2021\/03\/021ca02f-980d-4774-a89e-a1d9583c12f8-640x640.jpg","width":640,"height":640},"thumbnail":{"url":"https:\/\/portalv1.com.br\/app\/wp-content\/uploads\/2021\/03\/021ca02f-980d-4774-a89e-a1d9583c12f8-100x100.jpg","width":100,"height":100},"medium_large":{"url":"https:\/\/portalv1.com.br\/app\/wp-content\/uploads\/2021\/03\/021ca02f-980d-4774-a89e-a1d9583c12f8-768x768.jpg","width":768,"height":768}},"data":{"simple":"16\/03\/2021","date_time":"16\/03\/2021 08:40:20","date":"h\u00e1 5 anos"},"chapeu":"Decreto Estadual ","source":"slide"},"_links":{"self":[{"href":"https:\/\/portalv1.com.br\/api\/wp\/v2\/posts\/91736","targetHints":{"allow":["GET"]}}],"collection":[{"href":"https:\/\/portalv1.com.br\/api\/wp\/v2\/posts"}],"about":[{"href":"https:\/\/portalv1.com.br\/api\/wp\/v2\/types\/post"}],"author":[{"embeddable":true,"href":"https:\/\/portalv1.com.br\/api\/wp\/v2\/users\/1"}],"replies":[{"embeddable":true,"href":"https:\/\/portalv1.com.br\/api\/wp\/v2\/comments?post=91736"}],"version-history":[{"count":0,"href":"https:\/\/portalv1.com.br\/api\/wp\/v2\/posts\/91736\/revisions"}],"wp:featuredmedia":[{"embeddable":true,"href":"https:\/\/portalv1.com.br\/api\/wp\/v2\/media\/91737"}],"wp:attachment":[{"href":"https:\/\/portalv1.com.br\/api\/wp\/v2\/media?parent=91736"}],"wp:term":[{"taxonomy":"category","embeddable":true,"href":"https:\/\/portalv1.com.br\/api\/wp\/v2\/categories?post=91736"},{"taxonomy":"post_tag","embeddable":true,"href":"https:\/\/portalv1.com.br\/api\/wp\/v2\/tags?post=91736"}],"curies":[{"name":"wp","href":"https:\/\/api.w.org\/{rel}","templated":true}]}}