{"id":91760,"date":"2021-03-17T22:20:30","date_gmt":"2021-03-18T01:20:30","guid":{"rendered":"https:\/\/portalv1.com.br\/?p=91760"},"modified":"2021-03-17T22:20:30","modified_gmt":"2021-03-18T01:20:30","slug":"cruz-castro-recebe-alta-medica-apos-cirurgia-e-dias-internado","status":"publish","type":"post","link":"https:\/\/portalv1.com.br\/cruz-castro-recebe-alta-medica-apos-cirurgia-e-dias-internado\/","title":{"rendered":"Cruz Castro recebe alta m\u00e9dica, ap\u00f3s cirurgia e dias internado"},"content":{"rendered":"<figure id=\"attachment_87657\" aria-describedby=\"caption-attachment-87657\" style=\"width: 640px\" class=\"wp-caption aligncenter\"><a href=\"https:\/\/portalv1.com.br\/app\/wp-content\/uploads\/2020\/08\/CRUZ-CASTRO-Copy.jpg\"><img loading=\"lazy\" decoding=\"async\" class=\"size-full wp-image-87657\" src=\"https:\/\/portalv1.com.br\/app\/wp-content\/uploads\/2020\/08\/CRUZ-CASTRO-Copy.jpg\" alt=\"\" width=\"640\" height=\"360\" srcset=\"https:\/\/portalv1.com.br\/app\/wp-content\/uploads\/2020\/08\/CRUZ-CASTRO-Copy.jpg 640w, https:\/\/portalv1.com.br\/app\/wp-content\/uploads\/2020\/08\/CRUZ-CASTRO-Copy-300x169.jpg 300w\" sizes=\"auto, (max-width: 640px) 100vw, 640px\" \/><\/a><figcaption id=\"caption-attachment-87657\" class=\"wp-caption-text\">Cruz Castro (centro)<\/figcaption><\/figure>\n<p>Depois de mais uma batalha, o tesoureiro do Sindicato Estadual dos Agentes Comunit\u00e1rios de Sa\u00fade e Combate as Endemias do Piau\u00ed e suplente de vereador em Valen\u00e7a, Cruz Castro foi liberado pelos m\u00e9dicos para retornar suas atividades.<\/p>\n<p>Cruz Castro sofreu um princ\u00edpio de infarto em seu sitio em fevereiro foi internado na Unidade de Terapia Intensiva (UTI) em Teresina, depois foi transferido para o quarto do hospital para se preparar para uma cirurgia de ponte de safena. Passou pela cirurgia ficou alguns dias na UTI foi para o quarto, seu estado de sa\u00fade piorou voltou para UTI e devidamente estabilizado recebeu a permiss\u00e3o para se recuperar em casa.<\/p>\n<p>Nesta quarta-feira (17), ele fez o retorno medico e recebeu a autoriza\u00e7\u00e3o para retomar suas atividades com as devidas modera\u00e7\u00f5es, segundo o seu filho, Vilian Castro.<\/p>\n","protected":false},"excerpt":{"rendered":"<p>Depois de mais uma batalha, o tesoureiro do Sindicato Estadual dos Agentes Comunit\u00e1rios de Sa\u00fade e Combate as Endemias do Piau\u00ed e suplente de vereador em Valen\u00e7a, Cruz Castro foi&#8230;<\/p>\n","protected":false},"author":1,"featured_media":87657,"comment_status":"open","ping_status":"open","sticky":false,"template":"","format":"standard","meta":{"ngg_post_thumbnail":0,"footnotes":""},"categories":[243],"tags":[],"class_list":["post-91760","post","type-post","status-publish","format-standard","has-post-thumbnail","hentry","category-geral"],"views":161,"meta_data":{"thumb":"https:\/\/portalv1.com.br\/app\/wp-content\/uploads\/2020\/08\/CRUZ-CASTRO-Copy.jpg","imagem":{"fullsize":{"url":"https:\/\/portalv1.com.br\/app\/wp-content\/uploads\/2020\/08\/CRUZ-CASTRO-Copy.jpg","width":640,"height":360},"medium":{"url":"https:\/\/portalv1.com.br\/app\/wp-content\/uploads\/2020\/08\/CRUZ-CASTRO-Copy-300x169.jpg","width":300,"height":169},"thumbnail":{"url":"https:\/\/portalv1.com.br\/app\/wp-content\/uploads\/2020\/08\/CRUZ-CASTRO-Copy-100x100.jpg","width":100,"height":100}},"data":{"simple":"17\/03\/2021","date_time":"17\/03\/2021 19:20:30","date":"h\u00e1 5 anos"},"chapeu":"Boa Nova ","source":"m_destacada"},"_links":{"self":[{"href":"https:\/\/portalv1.com.br\/api\/wp\/v2\/posts\/91760","targetHints":{"allow":["GET"]}}],"collection":[{"href":"https:\/\/portalv1.com.br\/api\/wp\/v2\/posts"}],"about":[{"href":"https:\/\/portalv1.com.br\/api\/wp\/v2\/types\/post"}],"author":[{"embeddable":true,"href":"https:\/\/portalv1.com.br\/api\/wp\/v2\/users\/1"}],"replies":[{"embeddable":true,"href":"https:\/\/portalv1.com.br\/api\/wp\/v2\/comments?post=91760"}],"version-history":[{"count":0,"href":"https:\/\/portalv1.com.br\/api\/wp\/v2\/posts\/91760\/revisions"}],"wp:featuredmedia":[{"embeddable":true,"href":"https:\/\/portalv1.com.br\/api\/wp\/v2\/media\/87657"}],"wp:attachment":[{"href":"https:\/\/portalv1.com.br\/api\/wp\/v2\/media?parent=91760"}],"wp:term":[{"taxonomy":"category","embeddable":true,"href":"https:\/\/portalv1.com.br\/api\/wp\/v2\/categories?post=91760"},{"taxonomy":"post_tag","embeddable":true,"href":"https:\/\/portalv1.com.br\/api\/wp\/v2\/tags?post=91760"}],"curies":[{"name":"wp","href":"https:\/\/api.w.org\/{rel}","templated":true}]}}