{"id":92022,"date":"2021-03-28T11:16:41","date_gmt":"2021-03-28T14:16:41","guid":{"rendered":"https:\/\/portalv1.com.br\/?p=92022"},"modified":"2021-03-28T23:10:39","modified_gmt":"2021-03-29T02:10:39","slug":"auxilio-emergencial-comecara-a-ser-pago-no-dia-16-de-abril","status":"publish","type":"post","link":"https:\/\/portalv1.com.br\/auxilio-emergencial-comecara-a-ser-pago-no-dia-16-de-abril\/","title":{"rendered":"Aux\u00edlio emergencial come\u00e7ar\u00e1 a ser pago no dia 16 de abril"},"content":{"rendered":"<p>O governo confirmou na sexta-feira, 26, que os benefici\u00e1rios do Bolsa Fam\u00edlia come\u00e7am a receber a nova rodada do aux\u00edlio emergencial em 16 de abril, seguindo o calend\u00e1rio pr\u00f3prio do programa. A previs\u00e3o consta em portaria publicada em edi\u00e7\u00e3o extra do Di\u00e1rio Oficial da Uni\u00e3o (DOU).<\/p>\n<p>Os demais p\u00fablicos, que s\u00e3o os integrantes do Cadastro \u00danico de programas sociais que n\u00e3o recebem o Bolsa e os cadastrados pelo site ou aplicativo da Caixa, ter\u00e3o calend\u00e1rio espec\u00edfico. Segundo apurou o Estad\u00e3o\/Broadcast, a inten\u00e7\u00e3o \u00e9 que o calend\u00e1rio desses grupos preveja o in\u00edcio dos pagamentos para antes de 16 de abril.<\/p>\n<p>O governo publicou tamb\u00e9m o decreto que regulamenta o pagamento da nova rodada do aux\u00edlio emergencial a vulner\u00e1veis. Al\u00e9m de reiterar os crit\u00e9rios de concess\u00e3o do benef\u00edcio, o ato refor\u00e7a a proibi\u00e7\u00e3o \u00e0 realiza\u00e7\u00e3o de novos pedidos do benef\u00edcio por quem estava empregado at\u00e9 julho de 2020, quando o cadastro foi encerrado, mas foi demitido recentemente. Apenas os eleg\u00edveis em dezembro de 2020 receber\u00e3o a ajuda.<\/p>\n<p>&#8220;Os trabalhadores n\u00e3o eleg\u00edveis para o recebimento no m\u00eas de dezembro de 2020 n\u00e3o poder\u00e3o solicitar, por qualquer meio, o aux\u00edlio emergencial 2021&#8221;, diz o decreto, tamb\u00e9m publicado em edi\u00e7\u00e3o extra do DOU.<\/p>\n<p>Na nova rodada, apenas uma pessoa por fam\u00edlia poder\u00e1 receber o aux\u00edlio, que tem valores de R$ 150 para fam\u00edlias de uma s\u00f3 pessoa, R$ 250 para fam\u00edlias com mais de um integrante e R$ 375 para m\u00e3es que s\u00e3o as \u00fanicas provedoras do lar, pagos em quatro parcelas mensais.<\/p>\n<p><strong>Alcance<\/strong><\/p>\n<p>O aux\u00edlio beneficia trabalhadores informais, microempreendedores individuais e desempregados (que n\u00e3o estejam recebendo o seguro-desemprego) com renda familiar de at\u00e9 tr\u00eas sal\u00e1rios m\u00ednimos, ou de at\u00e9 meio sal\u00e1rio m\u00ednimo por pessoa. Os benefici\u00e1rios do Bolsa Fam\u00edlia s\u00f3 receber\u00e3o o aux\u00edlio caso ele seja mais vantajoso do que o valor pago no programa regular.<\/p>\n<p>At\u00e9 o ano passado, duas fam\u00edlias poderiam receber o benef\u00edcio ao mesmo tempo. Agora, como apenas uma pessoa na fam\u00edlia ser\u00e1 contemplada, o decreto estabelece regras de prioriza\u00e7\u00e3o, caso mais de um seja eleg\u00edvel por ter recebido a ajuda at\u00e9 dezembro de 2020.<\/p>\n<p>Segundo o decreto, ter\u00e1 prioridade a mulher provedora de fam\u00edlia monoparental. Na aus\u00eancia desse tipo de benefici\u00e1rio, receber\u00e1 o aux\u00edlio o integrante mais velho da fam\u00edlia (conforme a data de nascimento). Se houver empate, o benef\u00edcio ser\u00e1 dado preferencialmente \u00e0 mulher. Se ainda assim restar indefini\u00e7\u00e3o, o desempate ser\u00e1 feito pela ordem alfab\u00e9tica do nome.<\/p>\n<p>O decreto ainda padronizou os prazos que os benefici\u00e1rios ter\u00e3o para sacar os valores, que ser\u00e3o depositados em contas banc\u00e1rias ou na conta de poupan\u00e7a digital criada pela Caixa para acelerar os pagamentos do aux\u00edlio. Antes, os benefici\u00e1rios do Bolsa Fam\u00edlia tinham at\u00e9 nove meses para movimentar o dinheiro, enquanto os demais, 90 dias. Agora, o prazo ser\u00e1 de quatro meses, ou os recursos voltar\u00e3o para o governo.<\/p>\n<p>Na regulamenta\u00e7\u00e3o da portaria, o governo tamb\u00e9m lista todas as bases de dados que ser\u00e3o consultadas para aferir se o benefici\u00e1rio tem direito ou n\u00e3o ao aux\u00edlio. As informa\u00e7\u00f5es s\u00e3o do jornal O Estado de S. Paulo.<\/p>\n<p><strong>Fonte: Estad\u00e3o Conte\u00fado<\/strong><\/p>\n","protected":false},"excerpt":{"rendered":"<p>O governo confirmou na sexta-feira, 26, que os benefici\u00e1rios do Bolsa Fam\u00edlia come\u00e7am a receber a nova rodada do aux\u00edlio emergencial em 16 de abril, seguindo o calend\u00e1rio pr\u00f3prio do&#8230;<\/p>\n","protected":false},"author":1,"featured_media":87661,"comment_status":"open","ping_status":"open","sticky":false,"template":"","format":"standard","meta":{"ngg_post_thumbnail":0,"footnotes":""},"categories":[243],"tags":[],"class_list":["post-92022","post","type-post","status-publish","format-standard","has-post-thumbnail","hentry","category-geral"],"views":391,"meta_data":{"thumb":"https:\/\/portalv1.com.br\/app\/wp-content\/uploads\/2020\/09\/auxilio.jpg","imagem":{"fullsize":{"url":"https:\/\/portalv1.com.br\/app\/wp-content\/uploads\/2020\/09\/auxilio.jpg","width":790,"height":526},"medium":{"url":"https:\/\/portalv1.com.br\/app\/wp-content\/uploads\/2020\/09\/auxilio-300x200.jpg","width":300,"height":200},"large":{"url":"https:\/\/portalv1.com.br\/app\/wp-content\/uploads\/2020\/09\/auxilio-640x426.jpg","width":640,"height":426},"thumbnail":{"url":"https:\/\/portalv1.com.br\/app\/wp-content\/uploads\/2020\/09\/auxilio-100x100.jpg","width":100,"height":100},"medium_large":{"url":"https:\/\/portalv1.com.br\/app\/wp-content\/uploads\/2020\/09\/auxilio-768x511.jpg","width":768,"height":511}},"data":{"simple":"28\/03\/2021","date_time":"28\/03\/2021 08:16:41","date":"h\u00e1 5 anos"},"chapeu":"Saiba Detalhes ","source":"retirar"},"_links":{"self":[{"href":"https:\/\/portalv1.com.br\/api\/wp\/v2\/posts\/92022","targetHints":{"allow":["GET"]}}],"collection":[{"href":"https:\/\/portalv1.com.br\/api\/wp\/v2\/posts"}],"about":[{"href":"https:\/\/portalv1.com.br\/api\/wp\/v2\/types\/post"}],"author":[{"embeddable":true,"href":"https:\/\/portalv1.com.br\/api\/wp\/v2\/users\/1"}],"replies":[{"embeddable":true,"href":"https:\/\/portalv1.com.br\/api\/wp\/v2\/comments?post=92022"}],"version-history":[{"count":0,"href":"https:\/\/portalv1.com.br\/api\/wp\/v2\/posts\/92022\/revisions"}],"wp:featuredmedia":[{"embeddable":true,"href":"https:\/\/portalv1.com.br\/api\/wp\/v2\/media\/87661"}],"wp:attachment":[{"href":"https:\/\/portalv1.com.br\/api\/wp\/v2\/media?parent=92022"}],"wp:term":[{"taxonomy":"category","embeddable":true,"href":"https:\/\/portalv1.com.br\/api\/wp\/v2\/categories?post=92022"},{"taxonomy":"post_tag","embeddable":true,"href":"https:\/\/portalv1.com.br\/api\/wp\/v2\/tags?post=92022"}],"curies":[{"name":"wp","href":"https:\/\/api.w.org\/{rel}","templated":true}]}}