{"id":92061,"date":"2021-03-29T18:50:47","date_gmt":"2021-03-29T21:50:47","guid":{"rendered":"https:\/\/portalv1.com.br\/?p=92061"},"modified":"2021-03-29T18:51:44","modified_gmt":"2021-03-29T21:51:44","slug":"diretora-do-hospital-regional-relata-dificuldades-com-aumento-de-casos-de-covid-em-valenca","status":"publish","type":"post","link":"https:\/\/portalv1.com.br\/diretora-do-hospital-regional-relata-dificuldades-com-aumento-de-casos-de-covid-em-valenca\/","title":{"rendered":"Diretora do Hospital Regional relata dificuldades com aumento de casos de covid em Valen\u00e7a"},"content":{"rendered":"<figure id=\"attachment_92062\" aria-describedby=\"caption-attachment-92062\" style=\"width: 600px\" class=\"wp-caption aligncenter\"><a href=\"https:\/\/portalv1.com.br\/app\/wp-content\/uploads\/2021\/03\/luclilia.jpg\"><img loading=\"lazy\" decoding=\"async\" class=\"size-large wp-image-92062\" src=\"https:\/\/portalv1.com.br\/app\/wp-content\/uploads\/2021\/03\/luclilia-640x360.jpg\" alt=\"\" width=\"600\" height=\"338\" srcset=\"https:\/\/portalv1.com.br\/app\/wp-content\/uploads\/2021\/03\/luclilia-640x360.jpg 640w, https:\/\/portalv1.com.br\/app\/wp-content\/uploads\/2021\/03\/luclilia-300x169.jpg 300w, https:\/\/portalv1.com.br\/app\/wp-content\/uploads\/2021\/03\/luclilia-768x432.jpg 768w, https:\/\/portalv1.com.br\/app\/wp-content\/uploads\/2021\/03\/luclilia.jpg 1280w\" sizes=\"auto, (max-width: 600px) 100vw, 600px\" \/><\/a><figcaption id=\"caption-attachment-92062\" class=\"wp-caption-text\">diretora do Hospital Regional Eust\u00e1quio Portela Lucilia Marreiros<\/figcaption><\/figure>\n<p>A diretora do Hospital Regional Eust\u00e1quio Portela, enfermeira Lucilia Marreiros, fez um apelo aos valencianos nesta segunda-feira (29) para que colaborem com as medidas de enfrentamento \u00e0 Covid-19, antes que o quadro se torne ainda mais grave. Ela relatou as dificuldades que o Centro Covid do Hospital vem enfrentando com o aumento dos casos e com a escassez de oxig\u00eanio e medicamentos.<\/p>\n<p>Na semana passada, o centro covid, que tem capacidade para 09 pessoas, teve que colocar mais 03 leitos extras devido ao aumento de casos graves e a falta de UTIs nos hospitais do estado.<\/p>\n<p>Outro problema, segundo Lucilia Marreiros, \u00e9 com o oxig\u00eanio, que teve um aumento significativo.<\/p>\n<p>\u201cO consumo de oxig\u00eanio \u00e9 imenso, para voc\u00ea ter uma ideia o carro da White Martins est\u00e1 vindo praticamente dia sim e dia n\u00e3o, eles estiveram aqui na sexta-feira e nos abasteceram com mais de 45 cilindros e hoje eu tive que mandar um carro para Teresina para buscar oxig\u00eanio porque o carro s\u00f3 chega amanh\u00e3 e eu n\u00e3o tenho como esperar\u201d, disse.<\/p>\n<p>Outro problema \u00e9 com a medica\u00e7\u00e3o para a intuba\u00e7\u00e3o e sedativos para manter o paciente intubado. A diretora informou que devido \u00e0 falta de leitos de UTI, o centro est\u00e1 com um paciente intubado.<\/p>\n<p>\u201cN\u00f3s n\u00e3o pod\u00edamos ficar sem fazer esse procedimento, gra\u00e7as a Deus nossos profissionais executam esse servi\u00e7o e n\u00f3s temos o aparelho para manter assim, mas n\u00e3o \u00e9 para ficar em nosso centro, \u00e9 uma emerg\u00eancia\u201d, disse.<\/p>\n<p>Lucilia Marreiros apelou para o bom senso das pessoas. \u201cN\u00e3o adianta o governador e o prefeito estabelecerem as medidas se a popula\u00e7\u00e3o n\u00e3o entender que nesse momento o importante \u00e9 a vida. N\u00f3s presenciamos uma pessoa morrer na sexta, presenciamos outra ontem e a gente est\u00e1 vendo que isso era uma coisa distante da gente e est\u00e1 a cada dia mais pr\u00f3ximo da gente\u201d, pediu.<\/p>\n<p><div class=\"content-iframe\" data-content-width=\"600\"><iframe loading=\"lazy\" style=\"border: none; overflow: hidden;\" src=\"https:\/\/www.facebook.com\/plugins\/video.php?height=314&amp;href=https%3A%2F%2Fwww.facebook.com%2FSergioAlvesValenca%2Fvideos%2F3862952330417878%2F&amp;show_text=false&amp;width=560\" width=\"560\" height=\"314\" frameborder=\"0\" scrolling=\"no\" allowfullscreen=\"allowfullscreen\"><\/iframe><\/div>&nbsp;<\/p>\n","protected":false},"excerpt":{"rendered":"<p>A diretora do Hospital Regional Eust\u00e1quio Portela, enfermeira Lucilia Marreiros, fez um apelo aos valencianos nesta segunda-feira (29) para que colaborem com as medidas de enfrentamento \u00e0 Covid-19, antes que&#8230;<\/p>\n","protected":false},"author":1,"featured_media":92062,"comment_status":"open","ping_status":"open","sticky":false,"template":"","format":"standard","meta":{"ngg_post_thumbnail":0,"footnotes":""},"categories":[243],"tags":[],"class_list":["post-92061","post","type-post","status-publish","format-standard","has-post-thumbnail","hentry","category-geral"],"views":856,"meta_data":{"thumb":"https:\/\/portalv1.com.br\/app\/wp-content\/uploads\/2021\/03\/luclilia.jpg","imagem":{"fullsize":{"url":"https:\/\/portalv1.com.br\/app\/wp-content\/uploads\/2021\/03\/luclilia.jpg","width":1280,"height":720},"medium":{"url":"https:\/\/portalv1.com.br\/app\/wp-content\/uploads\/2021\/03\/luclilia-300x169.jpg","width":300,"height":169},"large":{"url":"https:\/\/portalv1.com.br\/app\/wp-content\/uploads\/2021\/03\/luclilia-640x360.jpg","width":640,"height":360},"thumbnail":{"url":"https:\/\/portalv1.com.br\/app\/wp-content\/uploads\/2021\/03\/luclilia-100x100.jpg","width":100,"height":100},"medium_large":{"url":"https:\/\/portalv1.com.br\/app\/wp-content\/uploads\/2021\/03\/luclilia-768x432.jpg","width":768,"height":432}},"data":{"simple":"29\/03\/2021","date_time":"29\/03\/2021 15:50:47","date":"h\u00e1 5 anos"},"chapeu":"Assista a entrevista ","source":"slide"},"_links":{"self":[{"href":"https:\/\/portalv1.com.br\/api\/wp\/v2\/posts\/92061","targetHints":{"allow":["GET"]}}],"collection":[{"href":"https:\/\/portalv1.com.br\/api\/wp\/v2\/posts"}],"about":[{"href":"https:\/\/portalv1.com.br\/api\/wp\/v2\/types\/post"}],"author":[{"embeddable":true,"href":"https:\/\/portalv1.com.br\/api\/wp\/v2\/users\/1"}],"replies":[{"embeddable":true,"href":"https:\/\/portalv1.com.br\/api\/wp\/v2\/comments?post=92061"}],"version-history":[{"count":0,"href":"https:\/\/portalv1.com.br\/api\/wp\/v2\/posts\/92061\/revisions"}],"wp:featuredmedia":[{"embeddable":true,"href":"https:\/\/portalv1.com.br\/api\/wp\/v2\/media\/92062"}],"wp:attachment":[{"href":"https:\/\/portalv1.com.br\/api\/wp\/v2\/media?parent=92061"}],"wp:term":[{"taxonomy":"category","embeddable":true,"href":"https:\/\/portalv1.com.br\/api\/wp\/v2\/categories?post=92061"},{"taxonomy":"post_tag","embeddable":true,"href":"https:\/\/portalv1.com.br\/api\/wp\/v2\/tags?post=92061"}],"curies":[{"name":"wp","href":"https:\/\/api.w.org\/{rel}","templated":true}]}}