{"id":9208,"date":"2011-06-29T23:04:14","date_gmt":"2011-06-30T02:04:14","guid":{"rendered":"https:\/\/portalv1.com.br\/?p=9208"},"modified":"2011-07-01T19:07:35","modified_gmt":"2011-07-01T22:07:35","slug":"dia-1807-tem-forro-sacode-em-novo-oriente-veja-toda-a-programacao","status":"publish","type":"post","link":"https:\/\/portalv1.com.br\/dia-1807-tem-forro-sacode-em-novo-oriente-veja-toda-a-programacao\/","title":{"rendered":"Dia 19\/07 tem Forro Sacode em Novo Oriente. Veja toda a Programa\u00e7\u00e3o"},"content":{"rendered":"<figure id=\"attachment_9209\" aria-describedby=\"caption-attachment-9209\" style=\"width: 300px\" class=\"wp-caption alignright\"><a href=\"https:\/\/portalv1.com.br\/app\/wp-content\/uploads\/2011\/06\/socode.jpg\"><img loading=\"lazy\" decoding=\"async\" class=\"size-full wp-image-9209\" title=\"socode\" src=\"https:\/\/portalv1.com.br\/app\/wp-content\/uploads\/2011\/06\/socode.jpg\" alt=\"\" width=\"300\" height=\"183\" \/><\/a><figcaption id=\"caption-attachment-9209\" class=\"wp-caption-text\">Forr\u00f3 Sacode dia 19 de julho<\/figcaption><\/figure>\n<p>O Forr\u00f3 Sacode, Uma das melhores bandas de forr\u00f3 do pa\u00eds estar\u00e1 realizando uma \u00fanica apresenta\u00e7\u00e3o no pr\u00f3ximo dia 19 de julho, durante o Festejo de S\u00e3o Vicente de Paula em Novo Oriente. A banda liderada pelo vocalista Tony Guerra se apresentar\u00e1 no Dengos\u00e3o Casa de Shows. A promo\u00e7\u00e3o da festa \u00e9 dos amigos Cezar Produ\u00e7\u00f5es e M\u00e1rcia Oliveira.<\/p>\n<p>Ainda sobre o Festejo de Novo Oriente, dia 17 tem Colo de Menina tamb\u00e9m no Dengos\u00e3o Casa de Shows e no dia 18 \u00e9 a vez do Arreio de Ouro e Buscap\u00e9 no Oriente Palace.<\/p>\n<p>&nbsp;<\/p>\n","protected":false},"excerpt":{"rendered":"<p>O Forr\u00f3 Sacode, Uma das melhores bandas de forr\u00f3 do pa\u00eds estar\u00e1 realizando uma \u00fanica apresenta\u00e7\u00e3o no pr\u00f3ximo dia 19 de julho, durante o Festejo de S\u00e3o Vicente de Paula&#8230;<\/p>\n","protected":false},"author":1,"featured_media":0,"comment_status":"open","ping_status":"open","sticky":false,"template":"","format":"standard","meta":{"ngg_post_thumbnail":0,"footnotes":""},"categories":[12],"tags":[],"class_list":["post-9208","post","type-post","status-publish","format-standard","hentry","category-valenca-news"],"views":962,"meta_data":{"thumb":"https:\/\/portalv1.com.br\/app\/wp-content\/uploads\/2011\/06\/socode.jpg","data":{"simple":"29\/06\/2011","date_time":"29\/06\/2011 20:04:14","date":"h\u00e1 15 anos"},"chapeu":"","source":""},"_links":{"self":[{"href":"https:\/\/portalv1.com.br\/api\/wp\/v2\/posts\/9208","targetHints":{"allow":["GET"]}}],"collection":[{"href":"https:\/\/portalv1.com.br\/api\/wp\/v2\/posts"}],"about":[{"href":"https:\/\/portalv1.com.br\/api\/wp\/v2\/types\/post"}],"author":[{"embeddable":true,"href":"https:\/\/portalv1.com.br\/api\/wp\/v2\/users\/1"}],"replies":[{"embeddable":true,"href":"https:\/\/portalv1.com.br\/api\/wp\/v2\/comments?post=9208"}],"version-history":[{"count":0,"href":"https:\/\/portalv1.com.br\/api\/wp\/v2\/posts\/9208\/revisions"}],"wp:attachment":[{"href":"https:\/\/portalv1.com.br\/api\/wp\/v2\/media?parent=9208"}],"wp:term":[{"taxonomy":"category","embeddable":true,"href":"https:\/\/portalv1.com.br\/api\/wp\/v2\/categories?post=9208"},{"taxonomy":"post_tag","embeddable":true,"href":"https:\/\/portalv1.com.br\/api\/wp\/v2\/tags?post=9208"}],"curies":[{"name":"wp","href":"https:\/\/api.w.org\/{rel}","templated":true}]}}