{"id":92464,"date":"2021-04-13T10:38:07","date_gmt":"2021-04-13T13:38:07","guid":{"rendered":"https:\/\/portalv1.com.br\/?p=92464"},"modified":"2021-04-13T10:38:07","modified_gmt":"2021-04-13T13:38:07","slug":"justica-determina-bloqueio-de-bens-da-ex-prefeita-ceica-dias-e-dois-ex-secretarios","status":"publish","type":"post","link":"https:\/\/portalv1.com.br\/justica-determina-bloqueio-de-bens-da-ex-prefeita-ceica-dias-e-dois-ex-secretarios\/","title":{"rendered":"Justi\u00e7a determina bloqueio de bens da ex-prefeita Cei\u00e7a Dias e dois ex-secret\u00e1rios"},"content":{"rendered":"<figure id=\"attachment_90356\" aria-describedby=\"caption-attachment-90356\" style=\"width: 640px\" class=\"wp-caption aligncenter\"><a href=\"https:\/\/portalv1.com.br\/app\/wp-content\/uploads\/2021\/01\/DSC_5871-Copy.jpg\"><img loading=\"lazy\" decoding=\"async\" class=\"size-full wp-image-90356\" src=\"https:\/\/portalv1.com.br\/app\/wp-content\/uploads\/2021\/01\/DSC_5871-Copy.jpg\" alt=\"\" width=\"640\" height=\"427\" srcset=\"https:\/\/portalv1.com.br\/app\/wp-content\/uploads\/2021\/01\/DSC_5871-Copy.jpg 640w, https:\/\/portalv1.com.br\/app\/wp-content\/uploads\/2021\/01\/DSC_5871-Copy-300x200.jpg 300w\" sizes=\"auto, (max-width: 640px) 100vw, 640px\" \/><\/a><figcaption id=\"caption-attachment-90356\" class=\"wp-caption-text\">Ex-prefeita Cei\u00e7a Dias<\/figcaption><\/figure>\n<p>O juiz Dr. Juscelino Norberto da Silva Neto, da 1\u00aa Vara da Comarca de Valen\u00e7a do Piau\u00ed, determinou a indisponibilidade dos bens da ex-prefeita de Valen\u00e7a do Piau\u00ed, Cei\u00e7a Dias, e dos ex-secret\u00e1rios Franselio Puty e Andreiany Cunha, em uma a\u00e7\u00e3o de improbidade administrativa movida pela gest\u00e3o atual do munic\u00edpio, que acusa os ex-gestores de uso indevido de recursos do Fundo de Manuten\u00e7\u00e3o e Desenvolvimento da Educa\u00e7\u00e3o B\u00e1sica e de Valoriza\u00e7\u00e3o dos Profissionais da Educa\u00e7\u00e3o (Fundeb) em 2020.<\/p>\n<p>O magistrado decretou a indisponibilidade dos bens dos acusados no valor correspondente \u00e0 quantia desviada, que foi de R$1.237.237,07 (um milh\u00e3o, duzentos e trinta e sete mil, duzentos e trinta e sete reais e sete centavos). A decis\u00e3o \u00e9 dessa segunda-feira, 12 de abril.&nbsp;<a href=\"https:\/\/portalv1.com.br\/app\/wp-content\/uploads\/2021\/04\/Decisao-Liminar-Municipio-de-Valenca-do-Piaui-1.pdf\">ACESSE AQUI A DECIS\u00c3O AQUI<\/a><\/p>\n<p>Na a\u00e7\u00e3o proposta pela gest\u00e3o atual do munic\u00edpio \u00e9 informado que o dinheiro do FUNDEB foi transferido para uma conta de livre movimenta\u00e7\u00e3o desviando sua finalidade, que era o pagamento dos servidores da educa\u00e7\u00e3o no m\u00eas de dezembro.&nbsp;<\/p>\n<p>Disseram ainda que a ex-prefeita, juntamente com os ex-secret\u00e1rios, descumpriram uma determina\u00e7\u00e3o do TCE-PI em priorizar o pagamento dos servidores.<\/p>\n<p>\u201cDiante de uma determina\u00e7\u00e3o do TCE-PI em priorizar o pagamento dos servidores, optou, em deliberadamente descumprir e deixar todo o funcionalismo municipal sem receber sal\u00e1rio e 13\u00ba, o que \u00e9 uma conduta reprov\u00e1vel e inaceit\u00e1vel para um gestor que tenha a m\u00ednima responsabilidade pela coisa p\u00fablica, gerando inclusive demandas judiciais de natureza salarial contra o Munic\u00edpio\u201d, disse o magistrado que decidiu:<\/p>\n<p>\u201dDiante do exposto, com arrimo no artigo 300 do CPC, DEFIRO A TUTELAR LIMINAR requerida pelo Munic\u00edpio de Valen\u00e7a do Piau\u00ed para determinar a INDISPONIBILIDADE DOS BENS DOS REQUERIDOS, no valor correspondente \u00e0 quantia a ser ressarcida ao Fundo de Manuten\u00e7\u00e3o e Desenvolvimento da Educa\u00e7\u00e3o B\u00e1sica e de Valoriza\u00e7\u00e3o dos Profissionais da Educa\u00e7\u00e3o \u2013 FUNDEB, recebidas pelo Munic\u00edpio de Valen\u00e7a do Piau\u00ed\/PI em dezembro de 2020, no montante de R$1.237.237,07 (um milh\u00e3o, duzentos e trinta e sete mil, duzentos e trinta e sete reais e sete centavos)\u201d.&nbsp;<\/p>\n<p>O advogado da prefeitura de Valen\u00e7a, Dr. Luiz Francivando, esteve na reda\u00e7\u00e3o do portal nessa ter\u00e7a-feira e em entrevista falou sobre a decis\u00e3o da Justi\u00e7a. O portal tentou contato com os citados pela Justi\u00e7a, mas n\u00e3o conseguiu localiz\u00e1-los. O espa\u00e7o continua aberto. Assista a entrevista do advogado.&nbsp;<\/p>\n<p><div class=\"content-iframe\" data-content-width=\"600\"><iframe loading=\"lazy\" style=\"border: none; overflow: hidden;\" src=\"https:\/\/www.facebook.com\/plugins\/video.php?height=314&amp;href=https%3A%2F%2Fwww.facebook.com%2FSergioAlvesValenca%2Fvideos%2F3906198206093290%2F&amp;show_text=false&amp;width=560\" width=\"560\" height=\"314\" frameborder=\"0\" scrolling=\"no\" allowfullscreen=\"allowfullscreen\"><\/iframe><\/div>&nbsp;<\/p>\n","protected":false},"excerpt":{"rendered":"<p>O juiz Dr. Juscelino Norberto da Silva Neto, da 1\u00aa Vara da Comarca de Valen\u00e7a do Piau\u00ed, determinou a indisponibilidade dos bens da ex-prefeita de Valen\u00e7a do Piau\u00ed, Cei\u00e7a Dias,&#8230;<\/p>\n","protected":false},"author":1,"featured_media":90356,"comment_status":"open","ping_status":"open","sticky":false,"template":"","format":"standard","meta":{"ngg_post_thumbnail":0,"footnotes":""},"categories":[243],"tags":[],"class_list":["post-92464","post","type-post","status-publish","format-standard","has-post-thumbnail","hentry","category-geral"],"views":4545,"meta_data":{"thumb":"https:\/\/portalv1.com.br\/app\/wp-content\/uploads\/2021\/01\/DSC_5871-Copy.jpg","imagem":{"fullsize":{"url":"https:\/\/portalv1.com.br\/app\/wp-content\/uploads\/2021\/01\/DSC_5871-Copy.jpg","width":640,"height":427},"medium":{"url":"https:\/\/portalv1.com.br\/app\/wp-content\/uploads\/2021\/01\/DSC_5871-Copy-300x200.jpg","width":300,"height":200},"thumbnail":{"url":"https:\/\/portalv1.com.br\/app\/wp-content\/uploads\/2021\/01\/DSC_5871-Copy-100x100.jpg","width":100,"height":100}},"data":{"simple":"13\/04\/2021","date_time":"13\/04\/2021 07:38:07","date":"h\u00e1 5 anos"},"chapeu":"Veja decis\u00e3o ","source":"slide"},"_links":{"self":[{"href":"https:\/\/portalv1.com.br\/api\/wp\/v2\/posts\/92464","targetHints":{"allow":["GET"]}}],"collection":[{"href":"https:\/\/portalv1.com.br\/api\/wp\/v2\/posts"}],"about":[{"href":"https:\/\/portalv1.com.br\/api\/wp\/v2\/types\/post"}],"author":[{"embeddable":true,"href":"https:\/\/portalv1.com.br\/api\/wp\/v2\/users\/1"}],"replies":[{"embeddable":true,"href":"https:\/\/portalv1.com.br\/api\/wp\/v2\/comments?post=92464"}],"version-history":[{"count":0,"href":"https:\/\/portalv1.com.br\/api\/wp\/v2\/posts\/92464\/revisions"}],"wp:featuredmedia":[{"embeddable":true,"href":"https:\/\/portalv1.com.br\/api\/wp\/v2\/media\/90356"}],"wp:attachment":[{"href":"https:\/\/portalv1.com.br\/api\/wp\/v2\/media?parent=92464"}],"wp:term":[{"taxonomy":"category","embeddable":true,"href":"https:\/\/portalv1.com.br\/api\/wp\/v2\/categories?post=92464"},{"taxonomy":"post_tag","embeddable":true,"href":"https:\/\/portalv1.com.br\/api\/wp\/v2\/tags?post=92464"}],"curies":[{"name":"wp","href":"https:\/\/api.w.org\/{rel}","templated":true}]}}