{"id":927,"date":"2009-07-31T08:27:08","date_gmt":"2009-07-31T11:27:08","guid":{"rendered":"https:\/\/portalv1.com.br\/?p=927"},"modified":"2014-06-15T23:26:38","modified_gmt":"2014-06-16T02:26:38","slug":"camara-volta-nesta-segunda-feira","status":"publish","type":"post","link":"https:\/\/portalv1.com.br\/camara-volta-nesta-segunda-feira\/","title":{"rendered":"C\u00e2mara volta nesta segunda-feira."},"content":{"rendered":"<p class=\"MsoNormal\" style=\"0cm 0cm 10pt\"><span style=\"Arial\"><span style=\"Calibri\"><img loading=\"lazy\" decoding=\"async\" src=\"fotos\/pedroestrada.jpg\" alt=\"\" width=\"300\" height=\"225\" \/><\/span><\/span><\/p>\n<p class=\"MsoNormal\" style=\"0cm 0cm 10pt\"><span style=\"Arial\"><span style=\"Calibri\">Os nove Vereadores valencianos (Gilmar Barbosa, Joaquim Filho, Ielva Mel\u00e3o, Pedro Ribalta, Tico Adriano, Cei\u00e7a Dias, Valdefran Vieira, Lindomar Am\u00e2ncio e Eliseu Fran\u00e7a) retornam do recesso parlamentar, nesta segunda-feira 03 de agosto. Depois de um primeiro semestre produtivo, os parlamentares retornar\u00e3o ao plen\u00e1rio nesta segunda para fechar esse primeiro ano da atual legislatura. Entre os in\u00fameros projetos e requerimentos, aprovados no primeiro per\u00edodo est\u00e3o o que mudou o dia das sess\u00f5es ordin\u00e1rias do poder. O projeto de autoria da Vereadora Cei\u00e7a Dias e, subscrito pelos Vereadores Lindomar Am\u00e2ncio e Eliseu Fran\u00e7a, mudou de sexta para segunda-feira o dia das sess\u00f5es ordin\u00e1rias da casa. Outro projeto, aprovado por unanimidade, regulamentou a convoca\u00e7\u00e3o dos Vereadores para outros \u00f3rg\u00e3os. <\/span><\/span><\/p>\n<p class=\"MsoNormal\" style=\"0cm 0cm 10pt\"><span style=\"Arial\"><span style=\"Calibri\"><img loading=\"lazy\" decoding=\"async\" src=\"fotos\/caixadagua.jpg\" alt=\"\" width=\"300\" height=\"225\" \/><\/span><\/span><\/p>\n<p class=\"MsoNormal\" style=\"0cm 0cm 10pt\"><span style=\"Arial\"><span style=\"Calibri\">Os Vereadores que forem convidados a assumir cargos em outras reparti\u00e7\u00f5es ter\u00e3o seus subs\u00eddios pagos pelo \u00f3rg\u00e3o solicitante. O Presidente Gilmar Barbosa disse ao alencarnet, que durante o recesso, tudo transcorreu dentro da normalidade, \u201capesar de estamos em recesso, a casa continuou funcionando, inclusive com a presen\u00e7a quase que di\u00e1ria dos Vereadores\u201d, afirmou. De fato, os Vereadores continuaram freq\u00fcentando o poder e n\u00e3o pararam no recesso parlamentar, um exemplo claro foi dado pelo Segundo Secret\u00e1rio da casa, Vereador Pedro Ribalta, que a exemplo do primeiro semestre, continuou visitando as comunidades. O vereador esteve recentemente visitando as localidades Campos, Iningas e Sanhar\u00f3, alvo de v\u00e1rios requerimentos de sua autoria, \u201caqui aprovamos requerimentos para melhorar o transporte escolar, regularizar as aulas e para melhorar as estradas que, por sinal est\u00e3o do mesmo jeito\u201d, disse. <\/span><\/span><\/p>\n<p class=\"MsoNormal\" style=\"0cm 0cm 10pt\"><span style=\"Arial\"><span style=\"Calibri\"><img loading=\"lazy\" decoding=\"async\" src=\"fotos\/passagemmolhada.jpg\" alt=\"\" width=\"300\" height=\"225\" \/><\/span><\/span><\/p>\n<p class=\"MsoNormal\" style=\"0cm 0cm 10pt\"><span style=\"Arial\"><span style=\"Calibri\">Na oportunidade, o Vereador tamb\u00e9m visitou uma passagem molhada, constru\u00edda na administra\u00e7\u00e3o do ex-prefeito Jarbas Matias (na \u00e9poca da constru\u00e7\u00e3o os Vereadores Greg\u00f3rio Veloso e Evandro Nogueira disseram que a passagem molhada n\u00e3o resistiria como de fato n\u00e3o resistiu a primeira grande chuva). A atitude do Vereador em averiguar in loco, se deu depois que a Vereadora Cei\u00e7a Dias apresentou um requerimento, solicitando a coloca\u00e7\u00e3o de uma tampa na caixa-d\u2019\u00e1gua da localidade Fazenda Velha. A mesma solicita\u00e7\u00e3o j\u00e1 havia sido feita pela Vereadora Ielva Mel\u00e3o e segundo esta a Prefeitura j\u00e1 havia informado \u00e0 C\u00e2mara que o servi\u00e7o j\u00e1 teria sido feito. A Vereadora prometeu durante a discuss\u00e3o do requerimento, que iria visitar todas as obras pedidas pela c\u00e2mara e informada de sua conclus\u00e3o pela prefeitura municipal. As sess\u00f5es s\u00e3o abertas ao p\u00fablico e come\u00e7am \u00e0s 20h.<span style=\"yes\">\u00a0 <\/span><\/span><\/span><\/p>\n","protected":false},"excerpt":{"rendered":"<p>Os nove Vereadores valencianos (Gilmar Barbosa, Joaquim Filho, Ielva Mel\u00e3o, Pedro Ribalta, Tico Adriano, Cei\u00e7a Dias, Valdefran Vieira, Lindomar Am\u00e2ncio e Eliseu Fran\u00e7a) retornam do recesso parlamentar, nesta segunda-feira 03&#8230;<\/p>\n","protected":false},"author":2,"featured_media":0,"comment_status":"open","ping_status":"open","sticky":false,"template":"","format":"standard","meta":{"ngg_post_thumbnail":0,"footnotes":""},"categories":[12],"tags":[],"class_list":["post-927","post","type-post","status-publish","format-standard","hentry","category-valenca-news"],"views":238,"meta_data":{"thumb":null,"imagem":null,"data":{"simple":"31\/07\/2009","date_time":"31\/07\/2009 05:27:08","date":"h\u00e1 17 anos"},"chapeu":"","source":""},"_links":{"self":[{"href":"https:\/\/portalv1.com.br\/api\/wp\/v2\/posts\/927","targetHints":{"allow":["GET"]}}],"collection":[{"href":"https:\/\/portalv1.com.br\/api\/wp\/v2\/posts"}],"about":[{"href":"https:\/\/portalv1.com.br\/api\/wp\/v2\/types\/post"}],"author":[{"embeddable":true,"href":"https:\/\/portalv1.com.br\/api\/wp\/v2\/users\/2"}],"replies":[{"embeddable":true,"href":"https:\/\/portalv1.com.br\/api\/wp\/v2\/comments?post=927"}],"version-history":[{"count":0,"href":"https:\/\/portalv1.com.br\/api\/wp\/v2\/posts\/927\/revisions"}],"wp:attachment":[{"href":"https:\/\/portalv1.com.br\/api\/wp\/v2\/media?parent=927"}],"wp:term":[{"taxonomy":"category","embeddable":true,"href":"https:\/\/portalv1.com.br\/api\/wp\/v2\/categories?post=927"},{"taxonomy":"post_tag","embeddable":true,"href":"https:\/\/portalv1.com.br\/api\/wp\/v2\/tags?post=927"}],"curies":[{"name":"wp","href":"https:\/\/api.w.org\/{rel}","templated":true}]}}