{"id":931,"date":"2009-08-01T09:46:59","date_gmt":"2009-08-01T12:46:59","guid":{"rendered":"https:\/\/portalv1.com.br\/?p=931"},"modified":"2009-08-01T09:46:59","modified_gmt":"2009-08-01T12:46:59","slug":"com-licenca","status":"publish","type":"post","link":"https:\/\/portalv1.com.br\/com-licenca\/","title":{"rendered":"COM LICEN\u00c7A!"},"content":{"rendered":"<p class=\"MsoNormal\" style=\"0cm 0cm 0pt;\"><span style=\"small;\"><span style=\"Verdana;\">\u00c9 voz corrente em Valen\u00e7a, Teresina ou em qualquer localidade no Estado &#8211; o setor de distribui\u00e7\u00e3o de energia (CEPISA) \u00e9 sempre criticado pela falta de acolhimento \u00e0s muitas reclama\u00e7\u00f5es que a sociedade critica e quase sempre as providencias n\u00e3o s\u00e3o tomadas no momento certo. <\/span><span style=\"Swiss721BT-Medium;\">No dia 24 de julho passado a cidade de Valen\u00e7a ficou sem energia el\u00e9trica por conta de um acidente com a ignifica\u00e7\u00e3o de um dos transformadores da <strong>Sub Esta\u00e7\u00e3o 34,5<\/strong> que serve Valen\u00e7a, Lagoa do Sitio e Pimenteiras. O fogo que consumiu o gerador de energia podia ser visto de qualquer local da cidade. N\u00e3o havia raios, era manh\u00e3, menor consumo de energia, um momento que n\u00e3o se habitua a acontecer estes tipos de ocorr\u00eancias. De fato, ficamos sem energia e sem perspectivas de ver resolvido aquela situa\u00e7\u00e3o em pouco tempo.<span style=\"yes;\">\u00a0 <\/span>Pelo estrago que assisti, vendo de perto as pessoas da CEPISA tentando trabalhar, n\u00e3o poderia imaginar que<span style=\"yes;\">\u00a0 <\/span>tudo aquilo literalmente queimado e conhecedor das demoras nestas substitui\u00e7\u00f5es, n\u00e3o tivesse outro pensamento, sen\u00e3o o de passar um final de semana na lamparina. Pois bem, no inicio da tarde daquele mesmo dia, \u00e1s 13 horas e sem maiores recursos materiais, a energia foi restabelecida em Valen\u00e7a, e antes de 05 da manh\u00e3 do dia 25, as demais cidades foram atendidas. O fato \u00e9 que a CEPISA mandou na tarde daquele mesmo dia um novo equipamento, toda equipe trabalhou a noite inteira para restabelecer o sistema. Na verdade poucos conhecem a press\u00e3o que sofre as pessoas que trabalham nestas empresas de distribui\u00e7\u00e3o de energia, <\/span><span style=\"CharterBT-Roman;\">poucos sabem a raiz do gerenciamento destes tipos de servi\u00e7o. Valeu CEPISA!<\/span><\/span><span style=\"Verdana;\"><\/span><\/p>\n","protected":false},"excerpt":{"rendered":"<p>\u00c9 voz corrente em Valen\u00e7a, Teresina ou em qualquer localidade no Estado &#8211; o setor de distribui\u00e7\u00e3o de energia (CEPISA) \u00e9 sempre criticado pela falta de acolhimento \u00e0s muitas reclama\u00e7\u00f5es&#8230;<\/p>\n","protected":false},"author":1,"featured_media":0,"comment_status":"open","ping_status":"open","sticky":false,"template":"","format":"standard","meta":{"ngg_post_thumbnail":0,"footnotes":""},"categories":[],"tags":[],"class_list":["post-931","post","type-post","status-publish","format-standard","hentry"],"views":221,"meta_data":{"thumb":null,"imagem":null,"data":{"simple":"01\/08\/2009","date_time":"01\/08\/2009 06:46:59","date":"h\u00e1 17 anos"},"chapeu":"","source":""},"_links":{"self":[{"href":"https:\/\/portalv1.com.br\/api\/wp\/v2\/posts\/931","targetHints":{"allow":["GET"]}}],"collection":[{"href":"https:\/\/portalv1.com.br\/api\/wp\/v2\/posts"}],"about":[{"href":"https:\/\/portalv1.com.br\/api\/wp\/v2\/types\/post"}],"author":[{"embeddable":true,"href":"https:\/\/portalv1.com.br\/api\/wp\/v2\/users\/1"}],"replies":[{"embeddable":true,"href":"https:\/\/portalv1.com.br\/api\/wp\/v2\/comments?post=931"}],"version-history":[{"count":0,"href":"https:\/\/portalv1.com.br\/api\/wp\/v2\/posts\/931\/revisions"}],"wp:attachment":[{"href":"https:\/\/portalv1.com.br\/api\/wp\/v2\/media?parent=931"}],"wp:term":[{"taxonomy":"category","embeddable":true,"href":"https:\/\/portalv1.com.br\/api\/wp\/v2\/categories?post=931"},{"taxonomy":"post_tag","embeddable":true,"href":"https:\/\/portalv1.com.br\/api\/wp\/v2\/tags?post=931"}],"curies":[{"name":"wp","href":"https:\/\/api.w.org\/{rel}","templated":true}]}}