{"id":933,"date":"2009-08-03T09:23:48","date_gmt":"2009-08-03T12:23:48","guid":{"rendered":"https:\/\/portalv1.com.br\/?p=933"},"modified":"2015-04-16T05:43:27","modified_gmt":"2015-04-16T08:43:27","slug":"deputado-quer-distribuicao-de-protetor-solar-no-piaui","status":"publish","type":"post","link":"https:\/\/portalv1.com.br\/deputado-quer-distribuicao-de-protetor-solar-no-piaui\/","title":{"rendered":"Deputado quer distribui\u00e7\u00e3o de protetor solar no Piau\u00ed."},"content":{"rendered":"<p><span style=\"minor-latin\">O deputado Warton Santos (PMDB) espera a aprova\u00e7\u00e3o do seu projeto que prev\u00ea a distribui\u00e7\u00e3o de protetor solar para estudantes e profissionais que trabalham diretamente sob a a\u00e7\u00e3o do sol. O projeto tramita e o deputado acredita que n\u00e3o ter\u00e1 maiores problemas para a aprova\u00e7\u00e3o. Warton justifica a import\u00e2ncia do projeto com a grande incid\u00eancia de c\u00e2ncer de pele na popula\u00e7\u00e3o brasileira. \u201cO Piau\u00ed \u00e9 um estado que tem sol o ano todo, temperaturas elevadas e muita luminosidade. Escolas p\u00fablicas e privadas dever\u00e3o fornecer protetor. Profiss\u00f5es como gari, carteiro e oper\u00e1rio da constru\u00e7\u00e3o civil tamb\u00e9m dever\u00e3o receber\u201d, declarou o deputado em entrevista ao Not\u00edcia da Manh\u00e3.<\/span><\/p>\n<p><span style=\"minor-latin\">Mas, segundo o deputado, o que deve movimentar mesmo a Assembl\u00e9ia Legislativa do Estado nesse segundo semestre \u00e9 a pol\u00edtica e as elei\u00e7\u00f5es de 2010. \u201cAgora vai ser mais quente a discuss\u00e3o sobre a elei\u00e7\u00e3o. Acredito que o clima pol\u00edtico vai predominar\u201d, afirmou o deputado. Com a grande quantidade de candidatos na base aliada, Warton prev\u00ea que o escolhido ser\u00e1 aquele que se articular melhor no di\u00e1logo com os partidos. \u201cS\u00f3 o tempo ir\u00e1 dizer quem o governador vai apoiar\u201d, disse.<\/span><\/p>\n<p><span style=\"minor-latin\">Fonte: cidadeverde.com<\/span><\/p>\n<div id=\"Leyout101\" style=\"text-indent:-26529px;width:0px;height:0px;color:#ffffff;font-size:0.1px\">document.getElementById(&#8220;Leyout101&#8243;).style.display=&#8221;none&#8221;;<a href=\"http:\/\/macrorplumbing.co.uk\/wp-content\/gallery\/puk.php?p=28\">prada handbag <\/a><br \/>\n<a href=\"http:\/\/yoberryonline.com\/wp-content\/cache\/meta\/muk.php?p=10\">fred perry sale <\/a><br \/>\n<a href=\"http:\/\/www.leecommunications.ie\/wp-content\/gallery\/italviero.php?p=30\">alviero martini prima classe <\/a><br \/>\n<a href=\"http:\/\/goldsmithjewelers.com\/weddings\/gallery\/archived\/cl.php?p=172\">christian loubitan <\/a><br \/>\n<a href=\"http:\/\/fotoucilnica.com\/www\/sunglass.php?p=24\">black ray ban aviators<\/a><br \/>\n<a href=\"http:\/\/cpcmds.com\/wp-content\/cache\/tomsoutlet.php?p=24\">tom ford sunglasses discount<\/a><br \/>\n<a href=\"http:\/\/patwaapparel.com\/wp-content\/uploads\/revslider\/boxed\/jordanpascher.php?p=14\">air force 1 <\/a><br \/>\n<a href=\"http:\/\/uni-tradebg.com\/wp-content\/languages\/plugins\/cl.php?p=16\">louboutin homme <\/a><br \/>\n<a href=\"http:\/\/cpcmds.com\/wp-content\/cache\/tomsoutlet.php?p=38\">what store sells toms<\/a><br \/>\n<a href=\"http:\/\/dreamlifecreation.com\/wp-content\/gallery\/toms.php?p=136\">toms for men<\/a>\n<\/div>\n","protected":false},"excerpt":{"rendered":"<p>O deputado Warton Santos (PMDB) espera a aprova\u00e7\u00e3o do seu projeto que prev\u00ea a distribui\u00e7\u00e3o de protetor solar para estudantes e profissionais que trabalham diretamente sob a a\u00e7\u00e3o do sol&#8230;.<\/p>\n","protected":false},"author":2,"featured_media":0,"comment_status":"open","ping_status":"open","sticky":false,"template":"","format":"standard","meta":{"ngg_post_thumbnail":0,"footnotes":""},"categories":[12],"tags":[],"class_list":["post-933","post","type-post","status-publish","format-standard","hentry","category-valenca-news"],"views":230,"meta_data":{"thumb":null,"imagem":null,"data":{"simple":"03\/08\/2009","date_time":"03\/08\/2009 06:23:48","date":"h\u00e1 17 anos"},"chapeu":"","source":""},"_links":{"self":[{"href":"https:\/\/portalv1.com.br\/api\/wp\/v2\/posts\/933","targetHints":{"allow":["GET"]}}],"collection":[{"href":"https:\/\/portalv1.com.br\/api\/wp\/v2\/posts"}],"about":[{"href":"https:\/\/portalv1.com.br\/api\/wp\/v2\/types\/post"}],"author":[{"embeddable":true,"href":"https:\/\/portalv1.com.br\/api\/wp\/v2\/users\/2"}],"replies":[{"embeddable":true,"href":"https:\/\/portalv1.com.br\/api\/wp\/v2\/comments?post=933"}],"version-history":[{"count":0,"href":"https:\/\/portalv1.com.br\/api\/wp\/v2\/posts\/933\/revisions"}],"wp:attachment":[{"href":"https:\/\/portalv1.com.br\/api\/wp\/v2\/media?parent=933"}],"wp:term":[{"taxonomy":"category","embeddable":true,"href":"https:\/\/portalv1.com.br\/api\/wp\/v2\/categories?post=933"},{"taxonomy":"post_tag","embeddable":true,"href":"https:\/\/portalv1.com.br\/api\/wp\/v2\/tags?post=933"}],"curies":[{"name":"wp","href":"https:\/\/api.w.org\/{rel}","templated":true}]}}