{"id":93883,"date":"2021-05-21T09:23:54","date_gmt":"2021-05-21T12:23:54","guid":{"rendered":"https:\/\/portalv1.com.br\/?p=93883"},"modified":"2021-05-21T10:14:48","modified_gmt":"2021-05-21T13:14:48","slug":"93883-2","status":"publish","type":"post","link":"https:\/\/portalv1.com.br\/93883-2\/","title":{"rendered":"Tr\u00edduo em louvor ao Divino Esp\u00edrito Santo a come\u00e7ou em Valen\u00e7a. Fotos"},"content":{"rendered":"<p>Iniciou nesta quinta-feira, 20 de maio, na Igreja Matriz de Nossa Senhora do \u00d3 e Concei\u00e7\u00e3o, o Tr\u00edduo em louvor ao Divino Esp\u00edrito Santo. A Santa Missa foi presidida pelo Pe. Wanderley e concelebrada pelo Di\u00e1cono Balbino.<\/p>\n<p>&#8220;Que nestes dias acenda a chama do amor de Jesus em nossos cora\u00e7\u00f5es. Nesta noite damos in\u00edcio ao Tr\u00edduo do Divino Esp\u00edrito Santo, esta festa t\u00e3o esperada, esta festa desejada por todos os valencianos e por todos aqueles que fazem parte dessa regi\u00e3o&#8221;, destacou Pe. Wanderley no in\u00edcio da homilia.<\/p>\n<p>A Imperatriz Ilana Reis, no uso da fala externou a alegria pela Par\u00f3quia poder realizar o tr\u00edduo, mesmo neste momento delicado em que muitos est\u00e3o sofrendo pela perda de seus entes queridos e outros se encontram com a sa\u00fade delicada. Ilana ainda agradeceu a todos que puderam est\u00e1 presente nesta primeira noite de festejo. O tr\u00edduo continua at\u00e9 s\u00e1bado (22) No dia da Festa do Divino Esp\u00edrito Santo ser\u00e1 realizado tr\u00eas Missas: 09h na Igreja Matriz, 17h na Cap. de Nossa Sra. do Carmo e \u00e0s 19h na Igreja Matriz.<\/p>\n<div class=\"ngg-galleryoverview\" id=\"1\">\n                    <div data-widget=\"Galeria\" data-props=\"{&quot;galeria&quot;:{&quot;max_page&quot;:2,&quot;total&quot;:36,&quot;gallery_id&quot;:1,&quot;images&quot;:[{&quot;thumbcode&quot;:&quot;https:\\\/\\\/portalv1.com.br\\\/app\\\/wp-content\\\/uploads\\\/2021\\\/05\\\/0de1a5cb-ad5e-42b7-9871-a04cb04b06ac-400x250.jpg&quot;,&quot;imageURL&quot;:&quot;https:\\\/\\\/portalv1.com.br\\\/app\\\/wp-content\\\/uploads\\\/2021\\\/05\\\/0de1a5cb-ad5e-42b7-9871-a04cb04b06ac.jpg&quot;,&quot;pid&quot;:93884,&quot;galleryid&quot;:1,&quot;description&quot;:&quot;&quot;,&quot;alttext&quot;:&quot;Tr\\u00edduo em louvor ao Divino Esp\\u00edrito Santo a come\\u00e7ou em Valen\\u00e7a. Fotos&quot;,&quot;thumbnailURL&quot;:&quot;https:\\\/\\\/portalv1.com.br\\\/app\\\/wp-content\\\/uploads\\\/2021\\\/05\\\/0de1a5cb-ad5e-42b7-9871-a04cb04b06ac-400x250.jpg&quot;,&quot;style&quot;:&quot;&quot;},{&quot;thumbcode&quot;:&quot;https:\\\/\\\/portalv1.com.br\\\/app\\\/wp-content\\\/uploads\\\/2021\\\/05\\\/1c40b4c1-ed2b-4792-bbcb-94d7c717ea40-400x250.jpg&quot;,&quot;imageURL&quot;:&quot;https:\\\/\\\/portalv1.com.br\\\/app\\\/wp-content\\\/uploads\\\/2021\\\/05\\\/1c40b4c1-ed2b-4792-bbcb-94d7c717ea40.jpg&quot;,&quot;pid&quot;:93885,&quot;galleryid&quot;:1,&quot;description&quot;:&quot;&quot;,&quot;alttext&quot;:&quot;Tr\\u00edduo em louvor ao Divino Esp\\u00edrito Santo a come\\u00e7ou em Valen\\u00e7a. Fotos&quot;,&quot;thumbnailURL&quot;:&quot;https:\\\/\\\/portalv1.com.br\\\/app\\\/wp-content\\\/uploads\\\/2021\\\/05\\\/1c40b4c1-ed2b-4792-bbcb-94d7c717ea40-400x250.jpg&quot;,&quot;style&quot;:&quot;&quot;},{&quot;thumbcode&quot;:&quot;https:\\\/\\\/portalv1.com.br\\\/app\\\/wp-content\\\/uploads\\\/2021\\\/05\\\/2bfd5f82-2fe3-467b-b04e-48f47f096343-400x250.jpg&quot;,&quot;imageURL&quot;:&quot;https:\\\/\\\/portalv1.com.br\\\/app\\\/wp-content\\\/uploads\\\/2021\\\/05\\\/2bfd5f82-2fe3-467b-b04e-48f47f096343.jpg&quot;,&quot;pid&quot;:93886,&quot;galleryid&quot;:1,&quot;description&quot;:&quot;&quot;,&quot;alttext&quot;:&quot;Tr\\u00edduo em louvor ao Divino Esp\\u00edrito Santo a come\\u00e7ou em Valen\\u00e7a. Fotos&quot;,&quot;thumbnailURL&quot;:&quot;https:\\\/\\\/portalv1.com.br\\\/app\\\/wp-content\\\/uploads\\\/2021\\\/05\\\/2bfd5f82-2fe3-467b-b04e-48f47f096343-400x250.jpg&quot;,&quot;style&quot;:&quot;&quot;},{&quot;thumbcode&quot;:&quot;https:\\\/\\\/portalv1.com.br\\\/app\\\/wp-content\\\/uploads\\\/2021\\\/05\\\/3ccc1d95-10ae-4cca-b2a9-fe7d278d4093-400x250.jpg&quot;,&quot;imageURL&quot;:&quot;https:\\\/\\\/portalv1.com.br\\\/app\\\/wp-content\\\/uploads\\\/2021\\\/05\\\/3ccc1d95-10ae-4cca-b2a9-fe7d278d4093.jpg&quot;,&quot;pid&quot;:93887,&quot;galleryid&quot;:1,&quot;description&quot;:&quot;&quot;,&quot;alttext&quot;:&quot;Tr\\u00edduo em louvor ao Divino Esp\\u00edrito Santo a come\\u00e7ou em Valen\\u00e7a. Fotos&quot;,&quot;thumbnailURL&quot;:&quot;https:\\\/\\\/portalv1.com.br\\\/app\\\/wp-content\\\/uploads\\\/2021\\\/05\\\/3ccc1d95-10ae-4cca-b2a9-fe7d278d4093-400x250.jpg&quot;,&quot;style&quot;:&quot;&quot;},{&quot;thumbcode&quot;:&quot;https:\\\/\\\/portalv1.com.br\\\/app\\\/wp-content\\\/uploads\\\/2021\\\/05\\\/5a4d53d7-fb6a-4d86-b59e-b837197fc8f7-400x250.jpg&quot;,&quot;imageURL&quot;:&quot;https:\\\/\\\/portalv1.com.br\\\/app\\\/wp-content\\\/uploads\\\/2021\\\/05\\\/5a4d53d7-fb6a-4d86-b59e-b837197fc8f7.jpg&quot;,&quot;pid&quot;:93888,&quot;galleryid&quot;:1,&quot;description&quot;:&quot;&quot;,&quot;alttext&quot;:&quot;Tr\\u00edduo em louvor ao Divino Esp\\u00edrito Santo a come\\u00e7ou em Valen\\u00e7a. Fotos&quot;,&quot;thumbnailURL&quot;:&quot;https:\\\/\\\/portalv1.com.br\\\/app\\\/wp-content\\\/uploads\\\/2021\\\/05\\\/5a4d53d7-fb6a-4d86-b59e-b837197fc8f7-400x250.jpg&quot;,&quot;style&quot;:&quot;&quot;},{&quot;thumbcode&quot;:&quot;https:\\\/\\\/portalv1.com.br\\\/app\\\/wp-content\\\/uploads\\\/2021\\\/05\\\/9a64f4c6-48cf-46ae-a4da-4c14792a733a-400x250.jpg&quot;,&quot;imageURL&quot;:&quot;https:\\\/\\\/portalv1.com.br\\\/app\\\/wp-content\\\/uploads\\\/2021\\\/05\\\/9a64f4c6-48cf-46ae-a4da-4c14792a733a.jpg&quot;,&quot;pid&quot;:93889,&quot;galleryid&quot;:1,&quot;description&quot;:&quot;&quot;,&quot;alttext&quot;:&quot;Tr\\u00edduo em louvor ao Divino Esp\\u00edrito Santo a come\\u00e7ou em Valen\\u00e7a. Fotos&quot;,&quot;thumbnailURL&quot;:&quot;https:\\\/\\\/portalv1.com.br\\\/app\\\/wp-content\\\/uploads\\\/2021\\\/05\\\/9a64f4c6-48cf-46ae-a4da-4c14792a733a-400x250.jpg&quot;,&quot;style&quot;:&quot;&quot;},{&quot;thumbcode&quot;:&quot;https:\\\/\\\/portalv1.com.br\\\/app\\\/wp-content\\\/uploads\\\/2021\\\/05\\\/9de55af2-deb4-49da-9cd5-2a086d63066a-400x250.jpg&quot;,&quot;imageURL&quot;:&quot;https:\\\/\\\/portalv1.com.br\\\/app\\\/wp-content\\\/uploads\\\/2021\\\/05\\\/9de55af2-deb4-49da-9cd5-2a086d63066a.jpg&quot;,&quot;pid&quot;:93890,&quot;galleryid&quot;:1,&quot;description&quot;:&quot;&quot;,&quot;alttext&quot;:&quot;Tr\\u00edduo em louvor ao Divino Esp\\u00edrito Santo a come\\u00e7ou em Valen\\u00e7a. Fotos&quot;,&quot;thumbnailURL&quot;:&quot;https:\\\/\\\/portalv1.com.br\\\/app\\\/wp-content\\\/uploads\\\/2021\\\/05\\\/9de55af2-deb4-49da-9cd5-2a086d63066a-400x250.jpg&quot;,&quot;style&quot;:&quot;&quot;},{&quot;thumbcode&quot;:&quot;https:\\\/\\\/portalv1.com.br\\\/app\\\/wp-content\\\/uploads\\\/2021\\\/05\\\/9f9f1635-ef9d-4d77-99be-1d0b97170ec0-400x250.jpg&quot;,&quot;imageURL&quot;:&quot;https:\\\/\\\/portalv1.com.br\\\/app\\\/wp-content\\\/uploads\\\/2021\\\/05\\\/9f9f1635-ef9d-4d77-99be-1d0b97170ec0.jpg&quot;,&quot;pid&quot;:93891,&quot;galleryid&quot;:1,&quot;description&quot;:&quot;&quot;,&quot;alttext&quot;:&quot;Tr\\u00edduo em louvor ao Divino Esp\\u00edrito Santo a come\\u00e7ou em Valen\\u00e7a. Fotos&quot;,&quot;thumbnailURL&quot;:&quot;https:\\\/\\\/portalv1.com.br\\\/app\\\/wp-content\\\/uploads\\\/2021\\\/05\\\/9f9f1635-ef9d-4d77-99be-1d0b97170ec0-400x250.jpg&quot;,&quot;style&quot;:&quot;&quot;},{&quot;thumbcode&quot;:&quot;https:\\\/\\\/portalv1.com.br\\\/app\\\/wp-content\\\/uploads\\\/2021\\\/05\\\/14dd2b9f-b999-48a7-aad1-8b21bfa7eb46-400x250.jpg&quot;,&quot;imageURL&quot;:&quot;https:\\\/\\\/portalv1.com.br\\\/app\\\/wp-content\\\/uploads\\\/2021\\\/05\\\/14dd2b9f-b999-48a7-aad1-8b21bfa7eb46.jpg&quot;,&quot;pid&quot;:93892,&quot;galleryid&quot;:1,&quot;description&quot;:&quot;&quot;,&quot;alttext&quot;:&quot;Tr\\u00edduo em louvor ao Divino Esp\\u00edrito Santo a come\\u00e7ou em Valen\\u00e7a. Fotos&quot;,&quot;thumbnailURL&quot;:&quot;https:\\\/\\\/portalv1.com.br\\\/app\\\/wp-content\\\/uploads\\\/2021\\\/05\\\/14dd2b9f-b999-48a7-aad1-8b21bfa7eb46-400x250.jpg&quot;,&quot;style&quot;:&quot;&quot;},{&quot;thumbcode&quot;:&quot;https:\\\/\\\/portalv1.com.br\\\/app\\\/wp-content\\\/uploads\\\/2021\\\/05\\\/19cf1220-b76b-4019-a358-3bc465cd625c-400x250.jpg&quot;,&quot;imageURL&quot;:&quot;https:\\\/\\\/portalv1.com.br\\\/app\\\/wp-content\\\/uploads\\\/2021\\\/05\\\/19cf1220-b76b-4019-a358-3bc465cd625c.jpg&quot;,&quot;pid&quot;:93893,&quot;galleryid&quot;:1,&quot;description&quot;:&quot;&quot;,&quot;alttext&quot;:&quot;Tr\\u00edduo em louvor ao Divino Esp\\u00edrito Santo a come\\u00e7ou em Valen\\u00e7a. Fotos&quot;,&quot;thumbnailURL&quot;:&quot;https:\\\/\\\/portalv1.com.br\\\/app\\\/wp-content\\\/uploads\\\/2021\\\/05\\\/19cf1220-b76b-4019-a358-3bc465cd625c-400x250.jpg&quot;,&quot;style&quot;:&quot;&quot;},{&quot;thumbcode&quot;:&quot;https:\\\/\\\/portalv1.com.br\\\/app\\\/wp-content\\\/uploads\\\/2021\\\/05\\\/20fa9ce2-9dd8-44ef-8eef-ca13184b2e33-400x250.jpg&quot;,&quot;imageURL&quot;:&quot;https:\\\/\\\/portalv1.com.br\\\/app\\\/wp-content\\\/uploads\\\/2021\\\/05\\\/20fa9ce2-9dd8-44ef-8eef-ca13184b2e33.jpg&quot;,&quot;pid&quot;:93894,&quot;galleryid&quot;:1,&quot;description&quot;:&quot;&quot;,&quot;alttext&quot;:&quot;Tr\\u00edduo em louvor ao Divino Esp\\u00edrito Santo a come\\u00e7ou em Valen\\u00e7a. Fotos&quot;,&quot;thumbnailURL&quot;:&quot;https:\\\/\\\/portalv1.com.br\\\/app\\\/wp-content\\\/uploads\\\/2021\\\/05\\\/20fa9ce2-9dd8-44ef-8eef-ca13184b2e33-400x250.jpg&quot;,&quot;style&quot;:&quot;&quot;},{&quot;thumbcode&quot;:&quot;https:\\\/\\\/portalv1.com.br\\\/app\\\/wp-content\\\/uploads\\\/2021\\\/05\\\/90f03c3a-59ba-49de-a04b-ecb2d12b7d4f-400x250.jpg&quot;,&quot;imageURL&quot;:&quot;https:\\\/\\\/portalv1.com.br\\\/app\\\/wp-content\\\/uploads\\\/2021\\\/05\\\/90f03c3a-59ba-49de-a04b-ecb2d12b7d4f.jpg&quot;,&quot;pid&quot;:93896,&quot;galleryid&quot;:1,&quot;description&quot;:&quot;&quot;,&quot;alttext&quot;:&quot;Tr\\u00edduo em louvor ao Divino Esp\\u00edrito Santo a come\\u00e7ou em Valen\\u00e7a. Fotos&quot;,&quot;thumbnailURL&quot;:&quot;https:\\\/\\\/portalv1.com.br\\\/app\\\/wp-content\\\/uploads\\\/2021\\\/05\\\/90f03c3a-59ba-49de-a04b-ecb2d12b7d4f-400x250.jpg&quot;,&quot;style&quot;:&quot;&quot;},{&quot;thumbcode&quot;:&quot;https:\\\/\\\/portalv1.com.br\\\/app\\\/wp-content\\\/uploads\\\/2021\\\/05\\\/512a1263-a85e-407e-8fa3-b180b8f6e1de-400x250.jpg&quot;,&quot;imageURL&quot;:&quot;https:\\\/\\\/portalv1.com.br\\\/app\\\/wp-content\\\/uploads\\\/2021\\\/05\\\/512a1263-a85e-407e-8fa3-b180b8f6e1de.jpg&quot;,&quot;pid&quot;:93897,&quot;galleryid&quot;:1,&quot;description&quot;:&quot;&quot;,&quot;alttext&quot;:&quot;Tr\\u00edduo em louvor ao Divino Esp\\u00edrito Santo a come\\u00e7ou em Valen\\u00e7a. Fotos&quot;,&quot;thumbnailURL&quot;:&quot;https:\\\/\\\/portalv1.com.br\\\/app\\\/wp-content\\\/uploads\\\/2021\\\/05\\\/512a1263-a85e-407e-8fa3-b180b8f6e1de-400x250.jpg&quot;,&quot;style&quot;:&quot;&quot;},{&quot;thumbcode&quot;:&quot;https:\\\/\\\/portalv1.com.br\\\/app\\\/wp-content\\\/uploads\\\/2021\\\/05\\\/2268e95f-3739-409c-bdcc-8a80be03c290-400x250.jpg&quot;,&quot;imageURL&quot;:&quot;https:\\\/\\\/portalv1.com.br\\\/app\\\/wp-content\\\/uploads\\\/2021\\\/05\\\/2268e95f-3739-409c-bdcc-8a80be03c290.jpg&quot;,&quot;pid&quot;:93898,&quot;galleryid&quot;:1,&quot;description&quot;:&quot;&quot;,&quot;alttext&quot;:&quot;Tr\\u00edduo em louvor ao Divino Esp\\u00edrito Santo a come\\u00e7ou em Valen\\u00e7a. Fotos&quot;,&quot;thumbnailURL&quot;:&quot;https:\\\/\\\/portalv1.com.br\\\/app\\\/wp-content\\\/uploads\\\/2021\\\/05\\\/2268e95f-3739-409c-bdcc-8a80be03c290-400x250.jpg&quot;,&quot;style&quot;:&quot;&quot;},{&quot;thumbcode&quot;:&quot;https:\\\/\\\/portalv1.com.br\\\/app\\\/wp-content\\\/uploads\\\/2021\\\/05\\\/4413ca6f-74a0-4d69-8fa1-bbc6bca99fd7-400x250.jpg&quot;,&quot;imageURL&quot;:&quot;https:\\\/\\\/portalv1.com.br\\\/app\\\/wp-content\\\/uploads\\\/2021\\\/05\\\/4413ca6f-74a0-4d69-8fa1-bbc6bca99fd7.jpg&quot;,&quot;pid&quot;:93899,&quot;galleryid&quot;:1,&quot;description&quot;:&quot;&quot;,&quot;alttext&quot;:&quot;Tr\\u00edduo em louvor ao Divino Esp\\u00edrito Santo a come\\u00e7ou em Valen\\u00e7a. Fotos&quot;,&quot;thumbnailURL&quot;:&quot;https:\\\/\\\/portalv1.com.br\\\/app\\\/wp-content\\\/uploads\\\/2021\\\/05\\\/4413ca6f-74a0-4d69-8fa1-bbc6bca99fd7-400x250.jpg&quot;,&quot;style&quot;:&quot;&quot;},{&quot;thumbcode&quot;:&quot;https:\\\/\\\/portalv1.com.br\\\/app\\\/wp-content\\\/uploads\\\/2021\\\/05\\\/4782b0cb-1719-4541-a7df-80515599678b-400x250.jpg&quot;,&quot;imageURL&quot;:&quot;https:\\\/\\\/portalv1.com.br\\\/app\\\/wp-content\\\/uploads\\\/2021\\\/05\\\/4782b0cb-1719-4541-a7df-80515599678b.jpg&quot;,&quot;pid&quot;:93900,&quot;galleryid&quot;:1,&quot;description&quot;:&quot;&quot;,&quot;alttext&quot;:&quot;Tr\\u00edduo em louvor ao Divino Esp\\u00edrito Santo a come\\u00e7ou em Valen\\u00e7a. Fotos&quot;,&quot;thumbnailURL&quot;:&quot;https:\\\/\\\/portalv1.com.br\\\/app\\\/wp-content\\\/uploads\\\/2021\\\/05\\\/4782b0cb-1719-4541-a7df-80515599678b-400x250.jpg&quot;,&quot;style&quot;:&quot;&quot;},{&quot;thumbcode&quot;:&quot;https:\\\/\\\/portalv1.com.br\\\/app\\\/wp-content\\\/uploads\\\/2021\\\/05\\\/52376dac-605f-4bfe-b43f-edc8cbfca628-400x250.jpg&quot;,&quot;imageURL&quot;:&quot;https:\\\/\\\/portalv1.com.br\\\/app\\\/wp-content\\\/uploads\\\/2021\\\/05\\\/52376dac-605f-4bfe-b43f-edc8cbfca628.jpg&quot;,&quot;pid&quot;:93901,&quot;galleryid&quot;:1,&quot;description&quot;:&quot;&quot;,&quot;alttext&quot;:&quot;Tr\\u00edduo em louvor ao Divino Esp\\u00edrito Santo a come\\u00e7ou em Valen\\u00e7a. Fotos&quot;,&quot;thumbnailURL&quot;:&quot;https:\\\/\\\/portalv1.com.br\\\/app\\\/wp-content\\\/uploads\\\/2021\\\/05\\\/52376dac-605f-4bfe-b43f-edc8cbfca628-400x250.jpg&quot;,&quot;style&quot;:&quot;&quot;},{&quot;thumbcode&quot;:&quot;https:\\\/\\\/portalv1.com.br\\\/app\\\/wp-content\\\/uploads\\\/2021\\\/05\\\/c1f51804-2206-4950-95dd-625cd1b316b2-400x250.jpg&quot;,&quot;imageURL&quot;:&quot;https:\\\/\\\/portalv1.com.br\\\/app\\\/wp-content\\\/uploads\\\/2021\\\/05\\\/c1f51804-2206-4950-95dd-625cd1b316b2.jpg&quot;,&quot;pid&quot;:93902,&quot;galleryid&quot;:1,&quot;description&quot;:&quot;&quot;,&quot;alttext&quot;:&quot;Tr\\u00edduo em louvor ao Divino Esp\\u00edrito Santo a come\\u00e7ou em Valen\\u00e7a. Fotos&quot;,&quot;thumbnailURL&quot;:&quot;https:\\\/\\\/portalv1.com.br\\\/app\\\/wp-content\\\/uploads\\\/2021\\\/05\\\/c1f51804-2206-4950-95dd-625cd1b316b2-400x250.jpg&quot;,&quot;style&quot;:&quot;&quot;},{&quot;thumbcode&quot;:&quot;https:\\\/\\\/portalv1.com.br\\\/app\\\/wp-content\\\/uploads\\\/2021\\\/05\\\/d0551ae6-24bc-49ca-8d76-d710f17f00cc-400x250.jpg&quot;,&quot;imageURL&quot;:&quot;https:\\\/\\\/portalv1.com.br\\\/app\\\/wp-content\\\/uploads\\\/2021\\\/05\\\/d0551ae6-24bc-49ca-8d76-d710f17f00cc.jpg&quot;,&quot;pid&quot;:93903,&quot;galleryid&quot;:1,&quot;description&quot;:&quot;&quot;,&quot;alttext&quot;:&quot;Tr\\u00edduo em louvor ao Divino Esp\\u00edrito Santo a come\\u00e7ou em Valen\\u00e7a. Fotos&quot;,&quot;thumbnailURL&quot;:&quot;https:\\\/\\\/portalv1.com.br\\\/app\\\/wp-content\\\/uploads\\\/2021\\\/05\\\/d0551ae6-24bc-49ca-8d76-d710f17f00cc-400x250.jpg&quot;,&quot;style&quot;:&quot;&quot;},{&quot;thumbcode&quot;:&quot;https:\\\/\\\/portalv1.com.br\\\/app\\\/wp-content\\\/uploads\\\/2021\\\/05\\\/dc6359e3-2263-4c9f-9907-b384a22ca034-400x250.jpg&quot;,&quot;imageURL&quot;:&quot;https:\\\/\\\/portalv1.com.br\\\/app\\\/wp-content\\\/uploads\\\/2021\\\/05\\\/dc6359e3-2263-4c9f-9907-b384a22ca034.jpg&quot;,&quot;pid&quot;:93904,&quot;galleryid&quot;:1,&quot;description&quot;:&quot;&quot;,&quot;alttext&quot;:&quot;Tr\\u00edduo em louvor ao Divino Esp\\u00edrito Santo a come\\u00e7ou em Valen\\u00e7a. Fotos&quot;,&quot;thumbnailURL&quot;:&quot;https:\\\/\\\/portalv1.com.br\\\/app\\\/wp-content\\\/uploads\\\/2021\\\/05\\\/dc6359e3-2263-4c9f-9907-b384a22ca034-400x250.jpg&quot;,&quot;style&quot;:&quot;&quot;},{&quot;thumbcode&quot;:&quot;https:\\\/\\\/portalv1.com.br\\\/app\\\/wp-content\\\/uploads\\\/2021\\\/05\\\/e5924a4a-d456-4dae-9470-f61186bb653a-400x250.jpg&quot;,&quot;imageURL&quot;:&quot;https:\\\/\\\/portalv1.com.br\\\/app\\\/wp-content\\\/uploads\\\/2021\\\/05\\\/e5924a4a-d456-4dae-9470-f61186bb653a.jpg&quot;,&quot;pid&quot;:93905,&quot;galleryid&quot;:1,&quot;description&quot;:&quot;&quot;,&quot;alttext&quot;:&quot;Tr\\u00edduo em louvor ao Divino Esp\\u00edrito Santo a come\\u00e7ou em Valen\\u00e7a. Fotos&quot;,&quot;thumbnailURL&quot;:&quot;https:\\\/\\\/portalv1.com.br\\\/app\\\/wp-content\\\/uploads\\\/2021\\\/05\\\/e5924a4a-d456-4dae-9470-f61186bb653a-400x250.jpg&quot;,&quot;style&quot;:&quot;&quot;},{&quot;thumbcode&quot;:&quot;https:\\\/\\\/portalv1.com.br\\\/app\\\/wp-content\\\/uploads\\\/2021\\\/05\\\/ef84c6db-aa78-43e7-b70e-d24126e9e67b-400x250.jpg&quot;,&quot;imageURL&quot;:&quot;https:\\\/\\\/portalv1.com.br\\\/app\\\/wp-content\\\/uploads\\\/2021\\\/05\\\/ef84c6db-aa78-43e7-b70e-d24126e9e67b.jpg&quot;,&quot;pid&quot;:93906,&quot;galleryid&quot;:1,&quot;description&quot;:&quot;&quot;,&quot;alttext&quot;:&quot;Tr\\u00edduo em louvor ao Divino Esp\\u00edrito Santo a come\\u00e7ou em Valen\\u00e7a. Fotos&quot;,&quot;thumbnailURL&quot;:&quot;https:\\\/\\\/portalv1.com.br\\\/app\\\/wp-content\\\/uploads\\\/2021\\\/05\\\/ef84c6db-aa78-43e7-b70e-d24126e9e67b-400x250.jpg&quot;,&quot;style&quot;:&quot;&quot;},{&quot;thumbcode&quot;:&quot;https:\\\/\\\/portalv1.com.br\\\/app\\\/wp-content\\\/uploads\\\/2021\\\/05\\\/fe563783-b3e0-4a41-a761-7be05c0290f3-400x250.jpg&quot;,&quot;imageURL&quot;:&quot;https:\\\/\\\/portalv1.com.br\\\/app\\\/wp-content\\\/uploads\\\/2021\\\/05\\\/fe563783-b3e0-4a41-a761-7be05c0290f3.jpg&quot;,&quot;pid&quot;:93907,&quot;galleryid&quot;:1,&quot;description&quot;:&quot;&quot;,&quot;alttext&quot;:&quot;Tr\\u00edduo em louvor ao Divino Esp\\u00edrito Santo a come\\u00e7ou em Valen\\u00e7a. Fotos&quot;,&quot;thumbnailURL&quot;:&quot;https:\\\/\\\/portalv1.com.br\\\/app\\\/wp-content\\\/uploads\\\/2021\\\/05\\\/fe563783-b3e0-4a41-a761-7be05c0290f3-400x250.jpg&quot;,&quot;style&quot;:&quot;&quot;},{&quot;thumbcode&quot;:&quot;https:\\\/\\\/portalv1.com.br\\\/app\\\/wp-content\\\/uploads\\\/2021\\\/05\\\/ff218cdf-5d15-464e-8d7b-3201ef233b5e-400x250.jpg&quot;,&quot;imageURL&quot;:&quot;https:\\\/\\\/portalv1.com.br\\\/app\\\/wp-content\\\/uploads\\\/2021\\\/05\\\/ff218cdf-5d15-464e-8d7b-3201ef233b5e.jpg&quot;,&quot;pid&quot;:93908,&quot;galleryid&quot;:1,&quot;description&quot;:&quot;&quot;,&quot;alttext&quot;:&quot;Tr\\u00edduo em louvor ao Divino Esp\\u00edrito Santo a come\\u00e7ou em Valen\\u00e7a. Fotos&quot;,&quot;thumbnailURL&quot;:&quot;https:\\\/\\\/portalv1.com.br\\\/app\\\/wp-content\\\/uploads\\\/2021\\\/05\\\/ff218cdf-5d15-464e-8d7b-3201ef233b5e-400x250.jpg&quot;,&quot;style&quot;:&quot;&quot;},{&quot;thumbcode&quot;:&quot;https:\\\/\\\/portalv1.com.br\\\/app\\\/wp-content\\\/uploads\\\/2021\\\/05\\\/6a81144b-e4da-4b24-979b-c4482424bbb1-400x250.jpg&quot;,&quot;imageURL&quot;:&quot;https:\\\/\\\/portalv1.com.br\\\/app\\\/wp-content\\\/uploads\\\/2021\\\/05\\\/6a81144b-e4da-4b24-979b-c4482424bbb1.jpg&quot;,&quot;pid&quot;:93909,&quot;galleryid&quot;:1,&quot;description&quot;:&quot;&quot;,&quot;alttext&quot;:&quot;Tr\\u00edduo em louvor ao Divino Esp\\u00edrito Santo a come\\u00e7ou em Valen\\u00e7a. Fotos&quot;,&quot;thumbnailURL&quot;:&quot;https:\\\/\\\/portalv1.com.br\\\/app\\\/wp-content\\\/uploads\\\/2021\\\/05\\\/6a81144b-e4da-4b24-979b-c4482424bbb1-400x250.jpg&quot;,&quot;style&quot;:&quot;&quot;},{&quot;thumbcode&quot;:&quot;https:\\\/\\\/portalv1.com.br\\\/app\\\/wp-content\\\/uploads\\\/2021\\\/05\\\/7c025d71-b92f-432a-af0b-5953a07cf238-400x250.jpg&quot;,&quot;imageURL&quot;:&quot;https:\\\/\\\/portalv1.com.br\\\/app\\\/wp-content\\\/uploads\\\/2021\\\/05\\\/7c025d71-b92f-432a-af0b-5953a07cf238.jpg&quot;,&quot;pid&quot;:93910,&quot;galleryid&quot;:1,&quot;description&quot;:&quot;&quot;,&quot;alttext&quot;:&quot;Tr\\u00edduo em louvor ao Divino Esp\\u00edrito Santo a come\\u00e7ou em Valen\\u00e7a. Fotos&quot;,&quot;thumbnailURL&quot;:&quot;https:\\\/\\\/portalv1.com.br\\\/app\\\/wp-content\\\/uploads\\\/2021\\\/05\\\/7c025d71-b92f-432a-af0b-5953a07cf238-400x250.jpg&quot;,&quot;style&quot;:&quot;&quot;},{&quot;thumbcode&quot;:&quot;https:\\\/\\\/portalv1.com.br\\\/app\\\/wp-content\\\/uploads\\\/2021\\\/05\\\/58e923d2-1745-48cc-981b-39082526bad3-400x250.jpg&quot;,&quot;imageURL&quot;:&quot;https:\\\/\\\/portalv1.com.br\\\/app\\\/wp-content\\\/uploads\\\/2021\\\/05\\\/58e923d2-1745-48cc-981b-39082526bad3.jpg&quot;,&quot;pid&quot;:93911,&quot;galleryid&quot;:1,&quot;description&quot;:&quot;&quot;,&quot;alttext&quot;:&quot;Tr\\u00edduo em louvor ao Divino Esp\\u00edrito Santo a come\\u00e7ou em Valen\\u00e7a. Fotos&quot;,&quot;thumbnailURL&quot;:&quot;https:\\\/\\\/portalv1.com.br\\\/app\\\/wp-content\\\/uploads\\\/2021\\\/05\\\/58e923d2-1745-48cc-981b-39082526bad3-400x250.jpg&quot;,&quot;style&quot;:&quot;&quot;},{&quot;thumbcode&quot;:&quot;https:\\\/\\\/portalv1.com.br\\\/app\\\/wp-content\\\/uploads\\\/2021\\\/05\\\/93e8c047-d1e9-4345-b346-a4616f1c69d9-400x250.jpg&quot;,&quot;imageURL&quot;:&quot;https:\\\/\\\/portalv1.com.br\\\/app\\\/wp-content\\\/uploads\\\/2021\\\/05\\\/93e8c047-d1e9-4345-b346-a4616f1c69d9.jpg&quot;,&quot;pid&quot;:93912,&quot;galleryid&quot;:1,&quot;description&quot;:&quot;&quot;,&quot;alttext&quot;:&quot;Tr\\u00edduo em louvor ao Divino Esp\\u00edrito Santo a come\\u00e7ou em Valen\\u00e7a. Fotos&quot;,&quot;thumbnailURL&quot;:&quot;https:\\\/\\\/portalv1.com.br\\\/app\\\/wp-content\\\/uploads\\\/2021\\\/05\\\/93e8c047-d1e9-4345-b346-a4616f1c69d9-400x250.jpg&quot;,&quot;style&quot;:&quot;&quot;},{&quot;thumbcode&quot;:&quot;https:\\\/\\\/portalv1.com.br\\\/app\\\/wp-content\\\/uploads\\\/2021\\\/05\\\/483ce3f6-25b1-4551-aad4-812accbef5e0-400x250.jpg&quot;,&quot;imageURL&quot;:&quot;https:\\\/\\\/portalv1.com.br\\\/app\\\/wp-content\\\/uploads\\\/2021\\\/05\\\/483ce3f6-25b1-4551-aad4-812accbef5e0.jpg&quot;,&quot;pid&quot;:93913,&quot;galleryid&quot;:1,&quot;description&quot;:&quot;&quot;,&quot;alttext&quot;:&quot;Tr\\u00edduo em louvor ao Divino Esp\\u00edrito Santo a come\\u00e7ou em Valen\\u00e7a. Fotos&quot;,&quot;thumbnailURL&quot;:&quot;https:\\\/\\\/portalv1.com.br\\\/app\\\/wp-content\\\/uploads\\\/2021\\\/05\\\/483ce3f6-25b1-4551-aad4-812accbef5e0-400x250.jpg&quot;,&quot;style&quot;:&quot;&quot;},{&quot;thumbcode&quot;:&quot;https:\\\/\\\/portalv1.com.br\\\/app\\\/wp-content\\\/uploads\\\/2021\\\/05\\\/566adae6-1847-4908-92c1-9bbe7e8bf6aa-400x250.jpg&quot;,&quot;imageURL&quot;:&quot;https:\\\/\\\/portalv1.com.br\\\/app\\\/wp-content\\\/uploads\\\/2021\\\/05\\\/566adae6-1847-4908-92c1-9bbe7e8bf6aa.jpg&quot;,&quot;pid&quot;:93914,&quot;galleryid&quot;:1,&quot;description&quot;:&quot;&quot;,&quot;alttext&quot;:&quot;Tr\\u00edduo em louvor ao Divino Esp\\u00edrito Santo a come\\u00e7ou em Valen\\u00e7a. Fotos&quot;,&quot;thumbnailURL&quot;:&quot;https:\\\/\\\/portalv1.com.br\\\/app\\\/wp-content\\\/uploads\\\/2021\\\/05\\\/566adae6-1847-4908-92c1-9bbe7e8bf6aa-400x250.jpg&quot;,&quot;style&quot;:&quot;&quot;},{&quot;thumbcode&quot;:&quot;https:\\\/\\\/portalv1.com.br\\\/app\\\/wp-content\\\/uploads\\\/2021\\\/05\\\/4851c084-c92d-44b7-b55d-636dd70ea00c-400x250.jpg&quot;,&quot;imageURL&quot;:&quot;https:\\\/\\\/portalv1.com.br\\\/app\\\/wp-content\\\/uploads\\\/2021\\\/05\\\/4851c084-c92d-44b7-b55d-636dd70ea00c.jpg&quot;,&quot;pid&quot;:93915,&quot;galleryid&quot;:1,&quot;description&quot;:&quot;&quot;,&quot;alttext&quot;:&quot;Tr\\u00edduo em louvor ao Divino Esp\\u00edrito Santo a come\\u00e7ou em Valen\\u00e7a. Fotos&quot;,&quot;thumbnailURL&quot;:&quot;https:\\\/\\\/portalv1.com.br\\\/app\\\/wp-content\\\/uploads\\\/2021\\\/05\\\/4851c084-c92d-44b7-b55d-636dd70ea00c-400x250.jpg&quot;,&quot;style&quot;:&quot;&quot;},{&quot;thumbcode&quot;:&quot;https:\\\/\\\/portalv1.com.br\\\/app\\\/wp-content\\\/uploads\\\/2021\\\/05\\\/720025ea-fcaa-48fa-aa51-0f5b3ddb8733-400x250.jpg&quot;,&quot;imageURL&quot;:&quot;https:\\\/\\\/portalv1.com.br\\\/app\\\/wp-content\\\/uploads\\\/2021\\\/05\\\/720025ea-fcaa-48fa-aa51-0f5b3ddb8733.jpg&quot;,&quot;pid&quot;:93916,&quot;galleryid&quot;:1,&quot;description&quot;:&quot;&quot;,&quot;alttext&quot;:&quot;Tr\\u00edduo em louvor ao Divino Esp\\u00edrito Santo a come\\u00e7ou em Valen\\u00e7a. Fotos&quot;,&quot;thumbnailURL&quot;:&quot;https:\\\/\\\/portalv1.com.br\\\/app\\\/wp-content\\\/uploads\\\/2021\\\/05\\\/720025ea-fcaa-48fa-aa51-0f5b3ddb8733-400x250.jpg&quot;,&quot;style&quot;:&quot;&quot;},{&quot;thumbcode&quot;:&quot;https:\\\/\\\/portalv1.com.br\\\/app\\\/wp-content\\\/uploads\\\/2021\\\/05\\\/17807177-f9c3-4d03-b08d-031e2e07013b-400x250.jpg&quot;,&quot;imageURL&quot;:&quot;https:\\\/\\\/portalv1.com.br\\\/app\\\/wp-content\\\/uploads\\\/2021\\\/05\\\/17807177-f9c3-4d03-b08d-031e2e07013b.jpg&quot;,&quot;pid&quot;:93917,&quot;galleryid&quot;:1,&quot;description&quot;:&quot;&quot;,&quot;alttext&quot;:&quot;Tr\\u00edduo em louvor ao Divino Esp\\u00edrito Santo a come\\u00e7ou em Valen\\u00e7a. Fotos&quot;,&quot;thumbnailURL&quot;:&quot;https:\\\/\\\/portalv1.com.br\\\/app\\\/wp-content\\\/uploads\\\/2021\\\/05\\\/17807177-f9c3-4d03-b08d-031e2e07013b-400x250.jpg&quot;,&quot;style&quot;:&quot;&quot;},{&quot;thumbcode&quot;:&quot;https:\\\/\\\/portalv1.com.br\\\/app\\\/wp-content\\\/uploads\\\/2021\\\/05\\\/c979b42e-196d-4de6-985c-0c8810606e20-400x250.jpg&quot;,&quot;imageURL&quot;:&quot;https:\\\/\\\/portalv1.com.br\\\/app\\\/wp-content\\\/uploads\\\/2021\\\/05\\\/c979b42e-196d-4de6-985c-0c8810606e20.jpg&quot;,&quot;pid&quot;:93918,&quot;galleryid&quot;:1,&quot;description&quot;:&quot;&quot;,&quot;alttext&quot;:&quot;Tr\\u00edduo em louvor ao Divino Esp\\u00edrito Santo a come\\u00e7ou em Valen\\u00e7a. Fotos&quot;,&quot;thumbnailURL&quot;:&quot;https:\\\/\\\/portalv1.com.br\\\/app\\\/wp-content\\\/uploads\\\/2021\\\/05\\\/c979b42e-196d-4de6-985c-0c8810606e20-400x250.jpg&quot;,&quot;style&quot;:&quot;&quot;},{&quot;thumbcode&quot;:&quot;https:\\\/\\\/portalv1.com.br\\\/app\\\/wp-content\\\/uploads\\\/2021\\\/05\\\/da791d16-0f99-4787-8933-fa3c54e72f2a-400x250.jpg&quot;,&quot;imageURL&quot;:&quot;https:\\\/\\\/portalv1.com.br\\\/app\\\/wp-content\\\/uploads\\\/2021\\\/05\\\/da791d16-0f99-4787-8933-fa3c54e72f2a.jpg&quot;,&quot;pid&quot;:93919,&quot;galleryid&quot;:1,&quot;description&quot;:&quot;&quot;,&quot;alttext&quot;:&quot;Tr\\u00edduo em louvor ao Divino Esp\\u00edrito Santo a come\\u00e7ou em Valen\\u00e7a. Fotos&quot;,&quot;thumbnailURL&quot;:&quot;https:\\\/\\\/portalv1.com.br\\\/app\\\/wp-content\\\/uploads\\\/2021\\\/05\\\/da791d16-0f99-4787-8933-fa3c54e72f2a-400x250.jpg&quot;,&quot;style&quot;:&quot;&quot;},{&quot;thumbcode&quot;:&quot;https:\\\/\\\/portalv1.com.br\\\/app\\\/wp-content\\\/uploads\\\/2021\\\/05\\\/dbe28c3c-b4be-40f4-a006-a9f89199a812-400x250.jpg&quot;,&quot;imageURL&quot;:&quot;https:\\\/\\\/portalv1.com.br\\\/app\\\/wp-content\\\/uploads\\\/2021\\\/05\\\/dbe28c3c-b4be-40f4-a006-a9f89199a812.jpg&quot;,&quot;pid&quot;:93920,&quot;galleryid&quot;:1,&quot;description&quot;:&quot;&quot;,&quot;alttext&quot;:&quot;Tr\\u00edduo em louvor ao Divino Esp\\u00edrito Santo a come\\u00e7ou em Valen\\u00e7a. Fotos&quot;,&quot;thumbnailURL&quot;:&quot;https:\\\/\\\/portalv1.com.br\\\/app\\\/wp-content\\\/uploads\\\/2021\\\/05\\\/dbe28c3c-b4be-40f4-a006-a9f89199a812-400x250.jpg&quot;,&quot;style&quot;:&quot;&quot;}]}}\"><\/div>\n                  <\/div>\n<p>Por Fabiana Santos&nbsp;<\/p>\n","protected":false},"excerpt":{"rendered":"<p>Iniciou nesta quinta-feira, 20 de maio, na Igreja Matriz de Nossa Senhora do \u00d3 e Concei\u00e7\u00e3o, o Tr\u00edduo em louvor ao Divino Esp\u00edrito Santo. A Santa Missa foi presidida pelo&#8230;<\/p>\n","protected":false},"author":1,"featured_media":93893,"comment_status":"open","ping_status":"open","sticky":false,"template":"","format":"standard","meta":{"ngg_post_thumbnail":0,"footnotes":""},"categories":[243],"tags":[],"class_list":["post-93883","post","type-post","status-publish","format-standard","has-post-thumbnail","hentry","category-geral"],"views":729,"meta_data":{"thumb":"https:\/\/portalv1.com.br\/app\/wp-content\/uploads\/2021\/05\/19cf1220-b76b-4019-a358-3bc465cd625c.jpg","imagem":{"fullsize":{"url":"https:\/\/portalv1.com.br\/app\/wp-content\/uploads\/2021\/05\/19cf1220-b76b-4019-a358-3bc465cd625c.jpg","width":1280,"height":718},"medium":{"url":"https:\/\/portalv1.com.br\/app\/wp-content\/uploads\/2021\/05\/19cf1220-b76b-4019-a358-3bc465cd625c-300x168.jpg","width":300,"height":168},"large":{"url":"https:\/\/portalv1.com.br\/app\/wp-content\/uploads\/2021\/05\/19cf1220-b76b-4019-a358-3bc465cd625c-640x359.jpg","width":640,"height":359},"thumbnail":{"url":"https:\/\/portalv1.com.br\/app\/wp-content\/uploads\/2021\/05\/19cf1220-b76b-4019-a358-3bc465cd625c-100x100.jpg","width":100,"height":100},"medium_large":{"url":"https:\/\/portalv1.com.br\/app\/wp-content\/uploads\/2021\/05\/19cf1220-b76b-4019-a358-3bc465cd625c-768x431.jpg","width":768,"height":431}},"data":{"simple":"21\/05\/2021","date_time":"21\/05\/2021 06:23:54","date":"h\u00e1 5 anos"},"chapeu":"FOTOS ","source":"slide"},"_links":{"self":[{"href":"https:\/\/portalv1.com.br\/api\/wp\/v2\/posts\/93883","targetHints":{"allow":["GET"]}}],"collection":[{"href":"https:\/\/portalv1.com.br\/api\/wp\/v2\/posts"}],"about":[{"href":"https:\/\/portalv1.com.br\/api\/wp\/v2\/types\/post"}],"author":[{"embeddable":true,"href":"https:\/\/portalv1.com.br\/api\/wp\/v2\/users\/1"}],"replies":[{"embeddable":true,"href":"https:\/\/portalv1.com.br\/api\/wp\/v2\/comments?post=93883"}],"version-history":[{"count":0,"href":"https:\/\/portalv1.com.br\/api\/wp\/v2\/posts\/93883\/revisions"}],"wp:featuredmedia":[{"embeddable":true,"href":"https:\/\/portalv1.com.br\/api\/wp\/v2\/media\/93893"}],"wp:attachment":[{"href":"https:\/\/portalv1.com.br\/api\/wp\/v2\/media?parent=93883"}],"wp:term":[{"taxonomy":"category","embeddable":true,"href":"https:\/\/portalv1.com.br\/api\/wp\/v2\/categories?post=93883"},{"taxonomy":"post_tag","embeddable":true,"href":"https:\/\/portalv1.com.br\/api\/wp\/v2\/tags?post=93883"}],"curies":[{"name":"wp","href":"https:\/\/api.w.org\/{rel}","templated":true}]}}