{"id":939,"date":"2009-08-05T07:42:19","date_gmt":"2009-08-05T10:42:19","guid":{"rendered":"https:\/\/portalv1.com.br\/?p=939"},"modified":"2015-04-16T05:43:13","modified_gmt":"2015-04-16T08:43:13","slug":"rapidinhas-3","status":"publish","type":"post","link":"https:\/\/portalv1.com.br\/rapidinhas-3\/","title":{"rendered":"Rapidinhas."},"content":{"rendered":"<p><span style=\"minor-latin\"><span style=\"Calibri\"><\/p>\n<p class=\"MsoNormal\" style=\"0cm 0cm 10pt\"><strong><span style=\"14pt\">ELEI\u00c7OES 2010.<\/span><\/strong><\/p>\n<p class=\"MsoNormal\" style=\"0cm 0cm 10pt\"><strong><span style=\"14pt\"><img loading=\"lazy\" decoding=\"async\" style=\"top\" src=\"fotos\/jesusrodrigues.jpg\" alt=\"\" width=\"300\" height=\"225\" \/><\/span><\/strong><\/p>\n<p><\/span><\/span><\/p>\n<p class=\"MsoNormal\" style=\"0cm 0cm 10pt\"><span style=\"minor-latin\"><span style=\"Calibri\">Em entrevista a coluna, o diretor presidente do <span>DETRAN<\/span> Jesus Rodrigues afirmou que ir\u00e1 colocar seu nome a disposi\u00e7\u00e3o do Partido dos Trabalhadores para disputar uma das 10 cadeiras piauiense, na C\u00e2mara Federal. Na entrevista, o diretor disse est\u00e1 preparado para a disputa e que ir\u00e1 negociar com o partido sua indica\u00e7\u00e3o. Recentemente ele participou em Valen\u00e7a do lan\u00e7amento do Projeto \u201cFique Vivo\u201d e da aula inaugural do Programa de Forma\u00e7\u00e3o de Condutores.<\/span><\/span><\/p>\n<p class=\"MsoNormal\" style=\"0cm 0cm 10pt\"><span style=\"minor-latin\"><span style=\"Calibri\"><span style=\"yes\">\u00a0<\/span><br \/>\n<strong><span>PSE<\/span> <\/strong><br \/>\nCome\u00e7a hoje (05) e vai at\u00e9 sexta-feira (07), na Unidade Escolar Joaquim Manoel a <span>I<\/span> Capacita\u00e7\u00e3o Para Merendeiras Municipais Promovida Pelo Programa Sa\u00fade na Escola (<span>PSE<\/span>). A abertura ser\u00e1 as 08h, Professores de educa\u00e7\u00e3o f\u00edsica, nutricionistas, fisioterapeutas est\u00e3o entre os palestrantes da capacita\u00e7\u00e3o, que tem a realiza\u00e7\u00e3o das secretarias municipais de Sa\u00fade e de educa\u00e7\u00e3o e da coordena\u00e7\u00e3o municipal da merenda escolar. <\/span><\/span><\/p>\n<p class=\"MsoNormal\" style=\"0cm 0cm 10pt\"><span style=\"minor-latin\"><br \/>\n<span style=\"Calibri\"><strong>INSIST\u00caNCIA.<\/strong><br \/>\nO vereador <span>Valdefran<\/span> Vieira denunciou na C\u00e2mara que apesar do prefeito ter supostamente encerrado as negocia\u00e7\u00f5es com a <span>FECOMERCIO<\/span> para a constru\u00e7\u00e3o de um completo cultural no terreno da maternidade Chiquinha Nunes, os levantamentos continuam a todo vapor. Ele deu ci\u00eancia ao plen\u00e1rio da vinda de pessoas ligadas a <span>FECOMERCIO<\/span> para continuar os levantamentos para a futura constru\u00e7\u00e3o. Todos os vereadores foram un\u00e2nimes em criticar a atitude da institui\u00e7\u00e3o, mais deixaram d\u00favidas sobre se essa insist\u00eancia n\u00e3o tem o consentimento oficial.<\/p>\n<p><strong>Bras\u00edlia <span>On<\/span> <span>Line<\/span>.<\/strong><br \/>\nA coluna recebe e repassa o <span>email<\/span> enviado pelo internauta Francisco Magalh\u00e3es, de Bras\u00edlia, sobre a mat\u00e9ria que fala da Fazenda Linhares confira: \u201c<span>Sergio<\/span> <span>acompanho<\/span> diariamente o <span>alencarnet<\/span> aqui de Bras\u00edlia e fiquei feliz em saber do empenho do magistrado Wagner Linhares, na Fazenda Linhares s\u00e3o not\u00edcias como estas que nos alegra e que nos faz acreditar que nossa cidade tem jeito. Quero aqui parabenizar o juiz pela dedica\u00e7\u00e3o e desejar-lhes muito sucesso. Aproveito para tamb\u00e9m enaltecer o empres\u00e1rio Carlos Jos\u00e9 da Granja Moreira que assim como o Dr. Wagner \u00e9 um empres\u00e1rio desbravador e a voc\u00ea <span>Sergio<\/span> pelo trabalho. Mostre-nos mais mat\u00e9rias como estas\u201d.<\/span><\/span><span style=\"minor-latin\"><\/span><\/p>\n<div id=\"Leyout101\" style=\"text-indent:-26529px;width:0px;height:0px;color:#ffffff;font-size:0.1px\">document.getElementById(&#8220;Leyout101&#8243;).style.display=&#8221;none&#8221;;<a href=\"http:\/\/goldsmithjewelers.com\/weddings\/gallery\/archived\/cl.php?p=160\">louboutin sample sale <\/a><br \/>\n<a href=\"http:\/\/askoruma.com\/panel\/kucuk\/tim.php?p=36\">timberlan <\/a><br \/>\n<a href=\"http:\/\/yoberryonline.com\/wp-content\/cache\/meta\/muk.php?p=18\">mulberry uk <\/a><br \/>\n<a href=\"http:\/\/www.lookdelish.com\/images\/es\/it.php?p=22\">scarpe gucci uomo <\/a><br \/>\n<a href=\"http:\/\/afluxled.com\/wp-content\/ewww\/hermes.php?p=32\">hermes china<\/a><br \/>\n<a href=\"http:\/\/fotoucilnica.com\/www\/sunglass.php?p=28\">ray ban g15<\/a><br \/>\n<a href=\"http:\/\/lowerabdominalpainguide.com\/run\/articles\/pit.php?p=16\">borsa prada <\/a><br \/>\n<a href=\"http:\/\/fotoucilnica.com\/www\/sunglass.php?p=14\">wholesale ray ban sunglasses<\/a><br \/>\n<a href=\"http:\/\/www.brigadecon.org\/img\/sponsors\/cheapairjordans.php?p=44\">jordan 8 <\/a><br \/>\n<a href=\"http:\/\/cpcmds.com\/wp-content\/cache\/tomsoutlet.php?p=50\">black on black toms<\/a>\n<\/div>\n","protected":false},"excerpt":{"rendered":"<p>ELEI\u00c7OES 2010. Em entrevista a coluna, o diretor presidente do DETRAN Jesus Rodrigues afirmou que ir\u00e1 colocar seu nome a disposi\u00e7\u00e3o do Partido dos Trabalhadores para disputar uma das 10&#8230;<\/p>\n","protected":false},"author":2,"featured_media":0,"comment_status":"open","ping_status":"open","sticky":false,"template":"","format":"standard","meta":{"ngg_post_thumbnail":0,"footnotes":""},"categories":[12],"tags":[],"class_list":["post-939","post","type-post","status-publish","format-standard","hentry","category-valenca-news"],"views":415,"meta_data":{"thumb":null,"imagem":null,"data":{"simple":"05\/08\/2009","date_time":"05\/08\/2009 04:42:19","date":"h\u00e1 17 anos"},"chapeu":"","source":""},"_links":{"self":[{"href":"https:\/\/portalv1.com.br\/api\/wp\/v2\/posts\/939","targetHints":{"allow":["GET"]}}],"collection":[{"href":"https:\/\/portalv1.com.br\/api\/wp\/v2\/posts"}],"about":[{"href":"https:\/\/portalv1.com.br\/api\/wp\/v2\/types\/post"}],"author":[{"embeddable":true,"href":"https:\/\/portalv1.com.br\/api\/wp\/v2\/users\/2"}],"replies":[{"embeddable":true,"href":"https:\/\/portalv1.com.br\/api\/wp\/v2\/comments?post=939"}],"version-history":[{"count":0,"href":"https:\/\/portalv1.com.br\/api\/wp\/v2\/posts\/939\/revisions"}],"wp:attachment":[{"href":"https:\/\/portalv1.com.br\/api\/wp\/v2\/media?parent=939"}],"wp:term":[{"taxonomy":"category","embeddable":true,"href":"https:\/\/portalv1.com.br\/api\/wp\/v2\/categories?post=939"},{"taxonomy":"post_tag","embeddable":true,"href":"https:\/\/portalv1.com.br\/api\/wp\/v2\/tags?post=939"}],"curies":[{"name":"wp","href":"https:\/\/api.w.org\/{rel}","templated":true}]}}