{"id":93978,"date":"2021-05-23T01:16:34","date_gmt":"2021-05-23T04:16:34","guid":{"rendered":"https:\/\/portalv1.com.br\/?p=93978"},"modified":"2021-05-23T01:16:34","modified_gmt":"2021-05-23T04:16:34","slug":"acao-conjunta-entre-as-policiais-civil-e-militar-recupera-moto-roubada-em-valenca","status":"publish","type":"post","link":"https:\/\/portalv1.com.br\/acao-conjunta-entre-as-policiais-civil-e-militar-recupera-moto-roubada-em-valenca\/","title":{"rendered":"A\u00e7\u00e3o conjunta entre as policiais Civil e Militar recupera moto roubada em Valen\u00e7a"},"content":{"rendered":"<p>Uma a\u00e7\u00e3o integrada entre a Pol\u00edcia Civil e a Pol\u00edcia Militar resultou na recupera\u00e7\u00e3o de uma motocicleta que foi furtada na cidade de Valen\u00e7a no \u00faltimo domingo, dia 16.<\/p>\n<p>Ap\u00f3s ter o ve\u00edculo furtado em frente a sua resid\u00eancia no bairro Novo Horizonte, a v\u00edtima acionou a Pol\u00edcia Militar e registrou boletim de ocorr\u00eancia na Delegacia de Pol\u00edcia Civil de Valen\u00e7a.<\/p>\n<p>A Pol\u00edcia Militar realizou dilig\u00eancias na tentativa de prender o autor do furto e compartilhou as informa\u00e7\u00f5es obtidas com a Pol\u00edcia Civil. Foi identificado o acusado conhecido como VEIN sendo o prov\u00e1vel autor do furto.<\/p>\n<p>Agentes da Pol\u00edcia Civil aprofundaram as investiga\u00e7\u00f5es durante a semana. Na quinta-feira, dia 20, durante as dilig\u00eancias realizadas pela Pol\u00edcia Civil, equipe de investiga\u00e7\u00e3o da Delegacia de Valen\u00e7a localizou no munic\u00edpio de S\u00e3o Miguel do Tapuio uma motocicleta que foi furtada em Picos no ano de 2018.<\/p>\n<p>O acusado G.A.S, que estava em posse do ve\u00edculo, foi preso pelos policiais civis e autuado pelo crime de recepta\u00e7\u00e3o. Outras duas motocicletas que estavam na resid\u00eancia dele foram apreendidas e levadas para averigua\u00e7\u00e3o na Delegacia de Valen\u00e7a.<\/p>\n<p>Ap\u00f3s efetuarem a pris\u00e3o, os policiais civis continuaram com as dilig\u00eancias e, j\u00e1 na noite daquela quinta-feira, as Pol\u00edcias Civil e Militar localizaram a motocicleta furtada em Valen\u00e7a na zona rural de Aroazes. O ve\u00edculo foi levado para a Delegacia de Pol\u00edcia Civil de Valen\u00e7a e posteriormente restitu\u00eddo \u00e0 v\u00edtima.<\/p>\n<p>Ap\u00f3s a restitui\u00e7\u00e3o do ve\u00edculo, a Pol\u00edcia Civil prosseguiu com o Inqu\u00e9rito Policial e elucidou que VEIN cometeu o furto junto com o menor C.R.C.<\/p>\n<p>A Pol\u00edcia Civil acabou por obter ind\u00edcios de autoria de outros furtos de motocicletas e est\u00e1 empreendendo dilig\u00eancias desde as primeiras horas da manh\u00e3 deste s\u00e1bado, dia 22, na tentativa de recuperar outros ve\u00edculos.<\/p>\n<p><a href=\"https:\/\/portalv1.com.br\/app\/wp-content\/uploads\/2021\/05\/02-1.jpg\"><img loading=\"lazy\" decoding=\"async\" class=\"aligncenter size-large wp-image-93979\" src=\"https:\/\/portalv1.com.br\/app\/wp-content\/uploads\/2021\/05\/02-1-640x360.jpg\" alt=\"\" width=\"600\" height=\"338\" srcset=\"https:\/\/portalv1.com.br\/app\/wp-content\/uploads\/2021\/05\/02-1-640x360.jpg 640w, https:\/\/portalv1.com.br\/app\/wp-content\/uploads\/2021\/05\/02-1-300x169.jpg 300w, https:\/\/portalv1.com.br\/app\/wp-content\/uploads\/2021\/05\/02-1-768x432.jpg 768w, https:\/\/portalv1.com.br\/app\/wp-content\/uploads\/2021\/05\/02-1.jpg 1280w\" sizes=\"auto, (max-width: 600px) 100vw, 600px\" \/><\/a> <a href=\"https:\/\/portalv1.com.br\/app\/wp-content\/uploads\/2021\/05\/03-1.jpg\"><img loading=\"lazy\" decoding=\"async\" class=\"aligncenter size-large wp-image-93980\" src=\"https:\/\/portalv1.com.br\/app\/wp-content\/uploads\/2021\/05\/03-1-640x853.jpg\" alt=\"\" width=\"600\" height=\"800\" srcset=\"https:\/\/portalv1.com.br\/app\/wp-content\/uploads\/2021\/05\/03-1-640x853.jpg 640w, https:\/\/portalv1.com.br\/app\/wp-content\/uploads\/2021\/05\/03-1-300x400.jpg 300w, https:\/\/portalv1.com.br\/app\/wp-content\/uploads\/2021\/05\/03-1-768x1024.jpg 768w, https:\/\/portalv1.com.br\/app\/wp-content\/uploads\/2021\/05\/03-1.jpg 960w\" sizes=\"auto, (max-width: 600px) 100vw, 600px\" \/><\/a> <a href=\"https:\/\/portalv1.com.br\/app\/wp-content\/uploads\/2021\/05\/lolo.jpg\"><img loading=\"lazy\" decoding=\"async\" class=\"aligncenter size-large wp-image-93981\" src=\"https:\/\/portalv1.com.br\/app\/wp-content\/uploads\/2021\/05\/lolo-640x360.jpg\" alt=\"\" width=\"600\" height=\"338\" srcset=\"https:\/\/portalv1.com.br\/app\/wp-content\/uploads\/2021\/05\/lolo-640x360.jpg 640w, https:\/\/portalv1.com.br\/app\/wp-content\/uploads\/2021\/05\/lolo-300x169.jpg 300w, https:\/\/portalv1.com.br\/app\/wp-content\/uploads\/2021\/05\/lolo-768x432.jpg 768w, https:\/\/portalv1.com.br\/app\/wp-content\/uploads\/2021\/05\/lolo.jpg 1280w\" sizes=\"auto, (max-width: 600px) 100vw, 600px\" \/><\/a><\/p>\n","protected":false},"excerpt":{"rendered":"<p>Uma a\u00e7\u00e3o integrada entre a Pol\u00edcia Civil e a Pol\u00edcia Militar resultou na recupera\u00e7\u00e3o de uma motocicleta que foi furtada na cidade de Valen\u00e7a no \u00faltimo domingo, dia 16. Ap\u00f3s&#8230;<\/p>\n","protected":false},"author":1,"featured_media":93979,"comment_status":"open","ping_status":"open","sticky":false,"template":"","format":"standard","meta":{"ngg_post_thumbnail":0,"footnotes":""},"categories":[243],"tags":[],"class_list":["post-93978","post","type-post","status-publish","format-standard","has-post-thumbnail","hentry","category-geral"],"views":938,"meta_data":{"thumb":"https:\/\/portalv1.com.br\/app\/wp-content\/uploads\/2021\/05\/02-1.jpg","imagem":{"fullsize":{"url":"https:\/\/portalv1.com.br\/app\/wp-content\/uploads\/2021\/05\/02-1.jpg","width":1280,"height":720},"medium":{"url":"https:\/\/portalv1.com.br\/app\/wp-content\/uploads\/2021\/05\/02-1-300x169.jpg","width":300,"height":169},"large":{"url":"https:\/\/portalv1.com.br\/app\/wp-content\/uploads\/2021\/05\/02-1-640x360.jpg","width":640,"height":360},"thumbnail":{"url":"https:\/\/portalv1.com.br\/app\/wp-content\/uploads\/2021\/05\/02-1-100x100.jpg","width":100,"height":100},"medium_large":{"url":"https:\/\/portalv1.com.br\/app\/wp-content\/uploads\/2021\/05\/02-1-768x432.jpg","width":768,"height":432}},"data":{"simple":"22\/05\/2021","date_time":"22\/05\/2021 22:16:34","date":"h\u00e1 5 anos"},"chapeu":"Saiba Detalhes ","source":"slide"},"_links":{"self":[{"href":"https:\/\/portalv1.com.br\/api\/wp\/v2\/posts\/93978","targetHints":{"allow":["GET"]}}],"collection":[{"href":"https:\/\/portalv1.com.br\/api\/wp\/v2\/posts"}],"about":[{"href":"https:\/\/portalv1.com.br\/api\/wp\/v2\/types\/post"}],"author":[{"embeddable":true,"href":"https:\/\/portalv1.com.br\/api\/wp\/v2\/users\/1"}],"replies":[{"embeddable":true,"href":"https:\/\/portalv1.com.br\/api\/wp\/v2\/comments?post=93978"}],"version-history":[{"count":0,"href":"https:\/\/portalv1.com.br\/api\/wp\/v2\/posts\/93978\/revisions"}],"wp:featuredmedia":[{"embeddable":true,"href":"https:\/\/portalv1.com.br\/api\/wp\/v2\/media\/93979"}],"wp:attachment":[{"href":"https:\/\/portalv1.com.br\/api\/wp\/v2\/media?parent=93978"}],"wp:term":[{"taxonomy":"category","embeddable":true,"href":"https:\/\/portalv1.com.br\/api\/wp\/v2\/categories?post=93978"},{"taxonomy":"post_tag","embeddable":true,"href":"https:\/\/portalv1.com.br\/api\/wp\/v2\/tags?post=93978"}],"curies":[{"name":"wp","href":"https:\/\/api.w.org\/{rel}","templated":true}]}}